{"id":19055,"date":"2025-04-12T04:29:08","date_gmt":"2025-04-12T04:29:08","guid":{"rendered":"https:\/\/www.europesays.com\/fr\/19055\/"},"modified":"2025-04-12T04:29:08","modified_gmt":"2025-04-12T04:29:08","slug":"proprete-securite-parkings-quelle-est-la-chose-qui-manque-a-nice-pour-etre-une-ville-parfaite-decouvrez-les-resultats-de-notre-sondage","status":"publish","type":"post","link":"https:\/\/www.europesays.com\/fr\/19055\/","title":{"rendered":"Propret\u00e9, s\u00e9curit\u00e9, parkings&#8230; Quelle est la chose qui manque \u00e0 Nice pour \u00eatre une ville parfaite? D\u00e9couvrez les r\u00e9sultats de notre sondage"},"content":{"rendered":"<p>Nice, une ville parfaite? Oui \u00e9videmment, mais peut-\u00eatre \u00e0 une ou deux choses pr\u00eates! C&rsquo;est en tout cas ce que nous avions demand\u00e9 il y a 10 jours dans notre sondage: \u00ab\u00a0Qu&rsquo;est-ce qu&rsquo;il manque \u00e0 Nice pour \u00eatre une ville parfaite\u00a0\u00bb?\u00a0<\/p>\n<p>Vous avez \u00e9t\u00e9 nombreux \u00e0 r\u00e9pondre et vous avez m\u00eame \u00e9t\u00e9 souvent d&rsquo;accord! Alors d\u00e9couvrons ensemble les<strong> 5 choses qui manquent le plus \u00e0 Nice<\/strong> pour \u00eatre consid\u00e9r\u00e9e comme un v\u00e9ritable Eldorado.\u00a0<\/p>\n<p><strong>La s\u00e9curit\u00e9 et la propret\u00e9 en t\u00eate<\/strong><\/p>\n<p>La <strong>propret\u00e9<\/strong>\u00a0et la <strong>s\u00e9curit\u00e9<\/strong> font partie des propositions les plus r\u00e9p\u00e9t\u00e9es. Pour beaucoup d&rsquo;habitants de Nice, la ville n&rsquo;est pas toujours tr\u00e8s propre et d&rsquo;autant plus dans certains quartiers. Les ni\u00e7ois affirment \u00e9galement qu&rsquo;ils ne se sentent pas non plus en s\u00e9curit\u00e9 surtout le soir en sortant d&rsquo;un bar ou d&rsquo;un restaurant.\u00a0<\/p>\n<p>Les<strong> parkings gratuits et l&rsquo;augmentation du nombre de places de stationnement dans la ville<\/strong>\u00a0restent de vraies demandes de la part des Ni\u00e7ois, qui insiste sur le fait qu&rsquo;il faut d\u00e9sengorger certaines zones de la ville y compris des quartiers comme Nice Nord qui ont \u00e9t\u00e9 cit\u00e9s \u00e0 plusieurs reprises dans notre sondage.\u00a0<\/p>\n<p>Cela rejoint des r\u00e9ponses comme \u00ab\u00a0une circulation fluide dans la ville\u00a0\u00bb, avec <a href=\"https:\/\/www.nicematin.com\/transports\/on-passe-en-moyenne-32-heures-par-an-dans-les-bouchons-nice-fait-elle-partie-des-villes-les-plus-embouteillees-de-france-970233\" rel=\"nofollow noopener\" target=\"_blank\">du temps pass\u00e9 dans les bouchons qui tend \u00e0 augmenter selon les derni\u00e8res \u00e9tudes<\/a> et les accidents et soucis de circulation sur l&rsquo;autoroute et la voie Mathis de plus en plus fr\u00e9quent depuis les derni\u00e8res ann\u00e9es.\u00a0<\/p>\n<p><strong>L&rsquo;offre culturelle<\/strong> est \u00e9galement un point largement \u00e9voqu\u00e9 dans notre sondage, on peut lire: \u00ab\u00a0plus de loisirs tel que plus de spectacles (th\u00e9\u00e2tre, musique, comique) comme dans les grandes villes, activit\u00e9s indoors types arcades, fl\u00e9chettes, bowling\u00a0\u00bb. \u00ab\u00a0Un z\u00e9nith ou une grande salle couverte comme Bercy \u00e0 Paris ou la LDLC arena \u00e0 Lyon pour accueillir de gros concerts comme Lady Gaga ou autres stars\u00a0\u00bb.<\/p>\n<p>                                <strong>Une ville plus attractive pour les jeunes\u00a0<\/strong><\/p>\n<p>\u00ab\u00a0De meilleures universit\u00e9s\u00a0\u00bb, plus de \u00ab\u00a0grandes entreprises avec leur si\u00e8ge\u00a0\u00bb sont \u00e9galement des demandes des habitants de la m\u00e9tropole. Le <strong>manque d&rsquo;attractivit\u00e9 pour ces jeunes<\/strong> qui recherchent une meilleure qualit\u00e9 de vie est d\u00e9terminant.\u00a0<\/p>\n<p>La ville a (presque) tout, mais il faut pouvoir y travailler, y \u00e9tudier mais \u00e9galement se loger. Certains ont associ\u00e9 ces demandes \u00e0 celle d&rsquo;avoir plus de logements propos\u00e9s \u00e0 la location longue dur\u00e9e. Un th\u00e8me d&rsquo;actualit\u00e9 puisque le maire Christian Estrosi\u00a0a r\u00e9cemment annonc\u00e9 vouloir mettre un nouveau tour de vis aux locations de meubl\u00e9s touristiques.<a href=\"https:\/\/www.nicematin.com\/immobilier\/locations-type-airbnb-a-nice-bientot-des-quotas--981387\" rel=\"nofollow noopener\" target=\"_blank\"> Il a pr\u00e9cis\u00e9 mardi 8 avril 2025 sa volont\u00e9 d\u2019instaurer des quotas dans les quartiers les plus tendus.\u00a0<\/a><\/p>\n<p><strong>\u00ab\u00a0Nice sans ses habitants\u00a0\u00bb, \u00ab\u00a0du sable\u00a0\u00bb: les demandes les plus improbables<\/strong><\/p>\n<p>\u00ab\u00a0Nice sans les habitants de Nice serait une ville parfaite\u00a0\u00bb, ou encore \u00ab\u00a0moins de perquisition en mairie\u00a0\u00bb, font partie des demandes surprenantes que nous avons re\u00e7u en r\u00e9ponse \u00e0 notre questionnaire.\u00a0<\/p>\n<p>La saison estivale approchant la ville de Nice va voir sa population augmenter dans les prochains mois. Les Ni\u00e7ois sont nombreux \u00e0 r\u00eaver d&rsquo;un <strong>\u00e9t\u00e9 sans touriste..<\/strong>. Mais ce n&rsquo;est pas vraiment au programme. Beaucoup aimeraient \u00e9galement voir du sable sur certaines plages de la C\u00f4te d&rsquo;Azur. Une jolie fa\u00e7on de remplacer les incontournables galets de la Promenade des Anglais?\u00a0<\/p>\n<p>Affaire \u00e0 suivre&#8230;\u00a0<\/p>\n","protected":false},"excerpt":{"rendered":"Nice, une ville parfaite? Oui \u00e9videmment, mais peut-\u00eatre \u00e0 une ou deux choses pr\u00eates! C&rsquo;est en tout cas&hellip;\n","protected":false},"author":2,"featured_media":19056,"comment_status":"","ping_status":"","sticky":false,"template":"","format":"standard","meta":{"footnotes":""},"categories":[2819],"tags":[1111,11,1777,674,1011,27,12,2401,882,25,3366],"class_list":{"0":"post-19055","1":"post","2":"type-post","3":"status-publish","4":"format-standard","5":"has-post-thumbnail","7":"category-nice","8":"tag-actu","9":"tag-actualites","10":"tag-eu","11":"tag-europe","12":"tag-fr","13":"tag-france","14":"tag-news","15":"tag-nice","16":"tag-provence-alpes-cote-dazur","17":"tag-republique-francaise","18":"tag-vie-locale"},"share_on_mastodon":{"url":"https:\/\/pubeurope.com\/@fr\/114323112823972074","error":""},"_links":{"self":[{"href":"https:\/\/www.europesays.com\/fr\/wp-json\/wp\/v2\/posts\/19055","targetHints":{"allow":["GET"]}}],"collection":[{"href":"https:\/\/www.europesays.com\/fr\/wp-json\/wp\/v2\/posts"}],"about":[{"href":"https:\/\/www.europesays.com\/fr\/wp-json\/wp\/v2\/types\/post"}],"author":[{"embeddable":true,"href":"https:\/\/www.europesays.com\/fr\/wp-json\/wp\/v2\/users\/2"}],"replies":[{"embeddable":true,"href":"https:\/\/www.europesays.com\/fr\/wp-json\/wp\/v2\/comments?post=19055"}],"version-history":[{"count":0,"href":"https:\/\/www.europesays.com\/fr\/wp-json\/wp\/v2\/posts\/19055\/revisions"}],"wp:featuredmedia":[{"embeddable":true,"href":"https:\/\/www.europesays.com\/fr\/wp-json\/wp\/v2\/media\/19056"}],"wp:attachment":[{"href":"https:\/\/www.europesays.com\/fr\/wp-json\/wp\/v2\/media?parent=19055"}],"wp:term":[{"taxonomy":"category","embeddable":true,"href":"https:\/\/www.europesays.com\/fr\/wp-json\/wp\/v2\/categories?post=19055"},{"taxonomy":"post_tag","embeddable":true,"href":"https:\/\/www.europesays.com\/fr\/wp-json\/wp\/v2\/tags?post=19055"}],"curies":[{"name":"wp","href":"https:\/\/api.w.org\/{rel}","templated":true}]}}