{"id":190556,"date":"2025-06-20T09:03:22","date_gmt":"2025-06-20T09:03:22","guid":{"rendered":"https:\/\/www.europesays.com\/fr\/190556\/"},"modified":"2025-06-20T09:03:22","modified_gmt":"2025-06-20T09:03:22","slug":"massa-monsieur-100-team-france-basket","status":"publish","type":"post","link":"https:\/\/www.europesays.com\/fr\/190556\/","title":{"rendered":"Massa, monsieur 100% | Team France Basket"},"content":{"rendered":"<p>Deux ans apr\u00e8s ses d\u00e9buts fracassants avec les Bleus en f\u00e9vrier 2023 (11 points \u00e0 5\/5 aux tirs), Bodian Massa a repris le fil de son histoire internationale sans en changer le th\u00e8me. A Zadar, dans la bouillante salle Jazine, le Marseillais n\u2019a rien g\u00e2ch\u00e9, terminant avec la meilleure \u00e9valuation de son \u00e9quipe (18) gr\u00e2ce \u00e0 ses 10 points, 7 rebonds et 2 passes, une nouvelle fois sans rien rater (4\/4). \u00ab\u00a0Je n\u2019y pense m\u00eame pas\u00a0\u00bb, sourit-il \u00e0 l\u2019\u00e9vocation de cette r\u00e9ussite au plus que parfait. \u00ab\u00a0On est venu me le dire mais ce n\u2019est pas quelque chose \u00e0 laquelle tu r\u00e9fl\u00e9chis en rentrant dans un match.\u00a0\u00bb Le capitaine Andrew Albicy est venu lui glisser un petit \u00ab\u00a0monsieur 100%\u00a0\u00bb avant de prendre l\u2019avion pour Orl\u00e9ans et c\u2019est aux autres que pense Massa \u00e0 l\u2019heure d\u2019analyser son efficacit\u00e9. \u00ab\u00a0Avec des bons co\u00e9quipiers le plus dur c\u2019est de se retrouver dans le bon spot, la bonne situation. Ensuite c\u2019est \u00e0 moi de finir de la meilleure des mani\u00e8res.\u00a0\u00bb<\/p>\n<p>Parfaitement servi pr\u00e8s du cercle, le pivot a fait dans la sobri\u00e9t\u00e9, encha\u00eenant les hooks pour s\u2019offrir une soir\u00e9e m\u00e9morable et confirmer son \u00e9volution. Pass\u00e9 de Fos \u00e0 Strasbourg \u00e0 Bourg \u00e0 Manresa (Espagne) en l\u2019espace de trois ans, Bodian Massa s\u2019est install\u00e9 dans une \u00e9quipe du top 8 espagnol (5,9 pts, 5,7 rbds en 18 minites) et franchi un nouveau cap, \u00e0 27 ans. \u00ab\u00a0J\u2019ai progress\u00e9, j\u2019ai pris en maturit\u00e9\u00a0\u00bb, estime-t-il. \u00ab\u00a0Le fait de jouer \u00e0 l\u2019\u00e9tranger te met dans des conditions pas forc\u00e9ment confortables. Moi qui ai l\u2019habitude d\u2019avoir des cadres bien d\u00e9finis, des entra\u00eeneurs et un entourage que je connais. L\u00e0 c\u2019est un autre contexte. Et Manresa est une \u00e9quipe qui joue avec \u00e9norm\u00e9ment d\u2019intensit\u00e9 et tout cela m\u2019a permis de grandir.\u00a0\u00bb Lorsque Vincent Poirier a d\u00fb renoncer, sur blessure, c\u2019est vers son ancien joueur que s\u2019est tourn\u00e9 Fr\u00e9d\u00e9ric Fauthoux. \u00ab\u00a0Cela faisait un moment que je n\u2019avais pas \u00e9t\u00e9 s\u00e9lectionn\u00e9 mais j\u2019ai \u00e9t\u00e9 partenaire d\u2019entra\u00eenement. Je ne sais pas si c\u2019est la faute des blessures ou le fait que je ne sois pas assez performant. Mais j\u2019essaye de gratter ma place. Je suis \u00e0 l\u2019aise. Le basket c\u2019est une b\u00e9n\u00e9diction. Peu importe que je sois appel\u00e9 directement ou pour un remplacement, c\u2019est une bonne chose et je suis toujours pr\u00eat.\u00a0\u00bb<\/p>\n<p>Sur le papier, le d\u00e9fi est immense. L\u2019\u00c9quipe de France regorge de solutions \u00e0 l\u2019int\u00e9rieur (Victor Wembanyama, Alexandre Sarr, Mathias Lessort, Vincent Poirier, entre autres) mais un pass\u00e9 pas si lointain a d\u00e9montr\u00e9 que des renoncements ou des blessures ont ouvert des portes \u00e0 des joueurs pas forc\u00e9ment partis avec un temps d\u2019avance. \u00ab\u00a0Quand on voit le talent des autres joueurs\u2026 \u00e7a peut nous faire rougir\u00a0\u00bb, d\u00e9veloppe humblement Massa. \u00ab\u00a0Moi je suis plut\u00f4t du genre \u00e0 saisir les opportunit\u00e9s qui se pr\u00e9sentent. Je suis patient, je bosse et je ne suis pas quelqu\u2019un qui va \u00e0 attendre la chute des autres. Je suis content lorsqu\u2019ils performent. Et \u00e7a me donne une \u00e9chelle de valeurs pour mesurer le niveau auquel je dois arriver pour pr\u00e9tendre \u00e0 la s\u00e9lection.\u00a0\u00bb Une philosophie empreinte de sagesse et qui, pour l\u2019heure, porte pleinement ses fruits.<\/p>\n","protected":false},"excerpt":{"rendered":"Deux ans apr\u00e8s ses d\u00e9buts fracassants avec les Bleus en f\u00e9vrier 2023 (11 points \u00e0 5\/5 aux tirs),&hellip;\n","protected":false},"author":2,"featured_media":190557,"comment_status":"","ping_status":"","sticky":false,"template":"","format":"standard","meta":{"footnotes":""},"categories":[1414],"tags":[1465,1464,1011,27,60],"class_list":{"0":"post-190556","1":"post","2":"type-post","3":"status-publish","4":"format-standard","5":"has-post-thumbnail","7":"category-basket","8":"tag-basket","9":"tag-basketball","10":"tag-fr","11":"tag-france","12":"tag-sports"},"share_on_mastodon":{"url":"https:\/\/pubeurope.com\/@fr\/114714890120522749","error":""},"_links":{"self":[{"href":"https:\/\/www.europesays.com\/fr\/wp-json\/wp\/v2\/posts\/190556","targetHints":{"allow":["GET"]}}],"collection":[{"href":"https:\/\/www.europesays.com\/fr\/wp-json\/wp\/v2\/posts"}],"about":[{"href":"https:\/\/www.europesays.com\/fr\/wp-json\/wp\/v2\/types\/post"}],"author":[{"embeddable":true,"href":"https:\/\/www.europesays.com\/fr\/wp-json\/wp\/v2\/users\/2"}],"replies":[{"embeddable":true,"href":"https:\/\/www.europesays.com\/fr\/wp-json\/wp\/v2\/comments?post=190556"}],"version-history":[{"count":0,"href":"https:\/\/www.europesays.com\/fr\/wp-json\/wp\/v2\/posts\/190556\/revisions"}],"wp:featuredmedia":[{"embeddable":true,"href":"https:\/\/www.europesays.com\/fr\/wp-json\/wp\/v2\/media\/190557"}],"wp:attachment":[{"href":"https:\/\/www.europesays.com\/fr\/wp-json\/wp\/v2\/media?parent=190556"}],"wp:term":[{"taxonomy":"category","embeddable":true,"href":"https:\/\/www.europesays.com\/fr\/wp-json\/wp\/v2\/categories?post=190556"},{"taxonomy":"post_tag","embeddable":true,"href":"https:\/\/www.europesays.com\/fr\/wp-json\/wp\/v2\/tags?post=190556"}],"curies":[{"name":"wp","href":"https:\/\/api.w.org\/{rel}","templated":true}]}}