{"id":190566,"date":"2025-06-20T09:08:09","date_gmt":"2025-06-20T09:08:09","guid":{"rendered":"https:\/\/www.europesays.com\/fr\/190566\/"},"modified":"2025-06-20T09:08:09","modified_gmt":"2025-06-20T09:08:09","slug":"en-video-kai-la-petite-fille-de-donald-trump-surprend-des-clients-au-comptoir-dune-chaine-de-fast-food","status":"publish","type":"post","link":"https:\/\/www.europesays.com\/fr\/190566\/","title":{"rendered":"En vid\u00e9o, Kai, la petite-fille de Donald Trump, surprend des clients au comptoir d\u2019une cha\u00eene de fast-food"},"content":{"rendered":"<p>Tout juste \u00e2g\u00e9e de 18 ans, la petite-fille de Donald Trump a partag\u00e9 une vid\u00e9o sur son compte TikTok au comptoir de la cha\u00eene de fast-food Dunkin Donuts, ce 18 juin.<\/p>\n<p class=\"fig-paragraph\">Vrai job d\u2019\u00e9t\u00e9 ou simple divertissement\u00a0? \u00c0 tout juste 18 ans, la petite fille de\u00a0<a href=\"https:\/\/madame.lefigaro.fr\/tag\/donald-trump\" target=\"_blank\" rel=\"noopener\" data-gtm-custom-categorie=\"navigation\" data-gtm-custom-action=\"crossclick\" data-gtm-custom-label=\"Contextuel\" data-gtm-event=\"customEventSPE\">Donald Trump<\/a>\u00a0a partag\u00e9 sur son compte TikTok sa derni\u00e8re exp\u00e9rience professionnelle, au comptoir de la cha\u00eene am\u00e9ricaine de fast-food Dunkin Donuts. Dans une vid\u00e9o de 9 secondes, la jeune femme est habill\u00e9e aux couleurs de la cha\u00eene, un d\u00e9bardeur rose, une microjupe orange et des baskets blanches, et prend les commandes des clients du restaurant, \u00e0 base de caf\u00e9s glac\u00e9s et de collations sucr\u00e9es.<\/p>\n<p class=\"fig-paragraph\">Lyc\u00e9enne comme les autres et passionn\u00e9e de golf, la jeune femme a toutefois tenu \u00e0 mettre un pied (express, certes) dans le monde du travail. Une initiative qui a ravi les internautes. \u00abComme il faut \u00eatre humble pour le faire\u00bb, peut-on lire dans les commentaires sous la publication datant du 18 juin. \u00abReine des \u00c9tats-Unis\u00bb, \u00abC\u2019est magnifique de voir comment tu as appris \u00e0 t\u2019en sortir seule\u00bb, commentent d\u2019autres. Certains restent toutefois dubitatifs et plus ironiques sur la situation. \u00abKai travaille pour 10 euros de l\u2019heure alors que son compte bancaire a au moins sept chiffres.\u00bb<\/p>\n<p class=\"fig-body-link&#10;    \">\n            \u00c0 lire aussi<br \/>\n        <a class=\"fig-body-link__link\" href=\"http:\/\/madame.lefigaro.fr\/celebrites\/actu-people\/kai-trump-17-ans-la-petite-fille-du-president-qui-a-fait-sensation-durant-la-convention-des-republicains-20240718\" data-fig-type=\"Article\" data-gtm-custom-categorie=\"navigation\" data-gtm-custom-action=\"crossclick\" data-gtm-custom-label=\"Contextuel\" data-gtm-event=\"customEventSPE\" data-fig-domain=\"MADAME\" target=\"_blank\" rel=\"noopener\">Kai, 17 ans, la petite-fille de Donald Trump \u00e0 qui l\u2019on pr\u00e9dit d\u00e9j\u00e0 un avenir politique<\/a>\n<\/p>\n<p class=\"fig-paragraph\">Son geste rappelle d\u2019ailleurs celui de son grand-p\u00e8re qui, pendant la campagne pr\u00e9sidentielle de 2024, avait lui aussi mis les mains \u00e0 la p\u00e2te dans un restaurant McDonald\u2019s de Pennsylvanie, pr\u00e9parant des frites et servant les frites aux clients. \u00abC\u2019est Trump qui r\u00e9gale\u00bb, avait-il d\u00e9clar\u00e9 \u00e0 une famille \u00e0 l\u2019\u00e9poque.<\/p>\n<p>Kai 2040\u00a0?<\/p>\n<p class=\"fig-paragraph\">La fille de\u00a0<a href=\"https:\/\/madame.lefigaro.fr\/tag\/donald-trump-junior\" target=\"_blank\" rel=\"noopener\" data-gtm-custom-categorie=\"navigation\" data-gtm-custom-action=\"crossclick\" data-gtm-custom-label=\"Contextuel\" data-gtm-event=\"customEventSPE\">Donald Trump Jr<\/a>\u00a0et Vanessa Haydon a pourtant d\u2019autres vocations. Passionn\u00e9e de golf, elle rentrera en septembre 2025 \u00e0 l\u2019Universit\u00e9 de Miami et s\u2019est engag\u00e9e dans l\u2019\u00e9quipe f\u00e9minine de golf. \u00abJe suis plus qu\u2019excit\u00e9e d\u2019annoncer mon engagement verbal envers l\u2019Universit\u00e9 de Miami. (&#8230;) Je voudrais remercier mon grand-p\u00e8re de m\u2019avoir donn\u00e9 acc\u00e8s \u00e0 de bons cours et d\u2019un \u00e9norme soutien\u00bb, avait-elle annonc\u00e9 sur Instagram en ao\u00fbt 2024.<\/p>\n<p class=\"fig-paragraph\">Et un mois plus t\u00f4t, lors de la Convention nationale r\u00e9publicaine qui se tenait en juillet 2014, la jeune femme avait \u00e9t\u00e9 accueillie aux cris de \u00abKai 2040\u00bb, laissant supposer un potentiel avenir politique\u00a0?<\/p>\n","protected":false},"excerpt":{"rendered":"Tout juste \u00e2g\u00e9e de 18 ans, la petite-fille de Donald Trump a partag\u00e9 une vid\u00e9o sur son compte&hellip;\n","protected":false},"author":2,"featured_media":190567,"comment_status":"","ping_status":"","sticky":false,"template":"","format":"standard","meta":{"footnotes":""},"categories":[1359],"tags":[253,2594,2593,972,1696,650,58,75,59,652,16827,849,638,1011,27,2173,977,873,973,974],"class_list":{"0":"post-190566","1":"post","2":"type-post","3":"status-publish","4":"format-standard","5":"has-post-thumbnail","7":"category-people","8":"tag-acteur","9":"tag-actrice","10":"tag-artiste","11":"tag-celebrite","12":"tag-chanteur","13":"tag-cinema","14":"tag-divertissement","15":"tag-donald-trump","16":"tag-entertainment","17":"tag-famille","18":"tag-fast-food","19":"tag-festival","20":"tag-figaro","21":"tag-fr","22":"tag-france","23":"tag-interview","24":"tag-madame","25":"tag-musique","26":"tag-people","27":"tag-star"},"share_on_mastodon":{"url":"https:\/\/pubeurope.com\/@fr\/114714909286690449","error":""},"_links":{"self":[{"href":"https:\/\/www.europesays.com\/fr\/wp-json\/wp\/v2\/posts\/190566","targetHints":{"allow":["GET"]}}],"collection":[{"href":"https:\/\/www.europesays.com\/fr\/wp-json\/wp\/v2\/posts"}],"about":[{"href":"https:\/\/www.europesays.com\/fr\/wp-json\/wp\/v2\/types\/post"}],"author":[{"embeddable":true,"href":"https:\/\/www.europesays.com\/fr\/wp-json\/wp\/v2\/users\/2"}],"replies":[{"embeddable":true,"href":"https:\/\/www.europesays.com\/fr\/wp-json\/wp\/v2\/comments?post=190566"}],"version-history":[{"count":0,"href":"https:\/\/www.europesays.com\/fr\/wp-json\/wp\/v2\/posts\/190566\/revisions"}],"wp:featuredmedia":[{"embeddable":true,"href":"https:\/\/www.europesays.com\/fr\/wp-json\/wp\/v2\/media\/190567"}],"wp:attachment":[{"href":"https:\/\/www.europesays.com\/fr\/wp-json\/wp\/v2\/media?parent=190566"}],"wp:term":[{"taxonomy":"category","embeddable":true,"href":"https:\/\/www.europesays.com\/fr\/wp-json\/wp\/v2\/categories?post=190566"},{"taxonomy":"post_tag","embeddable":true,"href":"https:\/\/www.europesays.com\/fr\/wp-json\/wp\/v2\/tags?post=190566"}],"curies":[{"name":"wp","href":"https:\/\/api.w.org\/{rel}","templated":true}]}}