{"id":190568,"date":"2025-06-20T09:09:10","date_gmt":"2025-06-20T09:09:10","guid":{"rendered":"https:\/\/www.europesays.com\/fr\/190568\/"},"modified":"2025-06-20T09:09:10","modified_gmt":"2025-06-20T09:09:10","slug":"michel-bassompierre-sculpteur-infatigable-du-fragile-frere-animal-actualites","status":"publish","type":"post","link":"https:\/\/www.europesays.com\/fr\/190568\/","title":{"rendered":"Michel Bassompierre, sculpteur infatigable du fragile \u00ab\u00a0fr\u00e8re animal\u00a0\u00bb : Actualit\u00e9s"},"content":{"rendered":"<p class=\"lead \">Enfant, Michel Bassompierre tirait le portrait des animaux du zoo de Vincennes. Adolescent, il s&rsquo;\u00e9chappait en for\u00eat, la nuit, fascin\u00e9 par les bruissements des coins sauvages et des b\u00eates invisibles. A 77 ans, le sculpteur, \u00e9merveillement intact, mod\u00e8le encore et encore son \u00ab\u00a0fr\u00e8re animal\u00a0\u00bb.<\/p>\n<p class=\"lead \">Son atelier, au sud de Nantes, regorge de moulages en pl\u00e2tre: des ours roulent sur le dos au sommet des \u00e9tag\u00e8res, un gorille massif domine l&rsquo;\u00e9tabli, tandis qu&rsquo;au fond de la pi\u00e8ce gorg\u00e9e de lumi\u00e8re, un \u00e9l\u00e9phant s&rsquo;\u00e9veille. <\/p>\n<p class=\"lead \">Ses oeuvres tout en rondeurs, de bronze ou de marbre, de quelques centim\u00e8tres ou hautes de plusieurs m\u00e8tres, proviennent d&rsquo;une \u00e9tude pouss\u00e9e de l&rsquo;anatomie des b\u00eates: Michel Bassompierre veut cr\u00e9er postures et mouvements plut\u00f4t que de les copier d&rsquo;apr\u00e8s photo. <\/p>\n<p class=\"lead \">Depuis quelques ann\u00e9es, les expositions de cet ancien professeur d&rsquo;arts appliqu\u00e9s s&rsquo;encha\u00eenent: apr\u00e8s Bruxelles, Monaco et Paris entre autres, c&rsquo;est au tour de New York d&rsquo;accueillir son bestiaire.<\/p>\n<p class=\"lead \">Ses \u00ab\u00a0fragiles colosses\u00a0\u00bb, bronzes monumentaux de deux \u00e0 quatre m\u00e8tres de haut, dominent depuis le mois de mai, et pour un an, le trottoir de la fameuse Park Avenue. <\/p>\n<p class=\"lead \">\u00ab\u00a0Le monde sauvage, le fr\u00e8re animal, m&rsquo;a toujours attir\u00e9, l\u00e0 o\u00f9 il n&rsquo;y a pas d&rsquo;humains. Peut-\u00eatre parce que je suis une b\u00eate sauvage sans le savoir\u00a0\u00bb, sourit le sculpteur, cheveux d&rsquo;argent et barbe blanche. <\/p>\n<p class=\"lead \">Tablier en cuir pass\u00e9 sur son polo noir, il se dit peu emball\u00e9 par les mondanit\u00e9s et \u00ab\u00a0jamais mieux\u00a0\u00bb que chez lui, avec une for\u00eat pour voisine.<\/p>\n<p class=\"lead \">&#8211; \u00ab\u00a0pouvoir d&rsquo;\u00e9merveillement\u00a0\u00bb &#8211;<\/p>\n<p class=\"lead \">Les expositions de Michel Bassompierre sont souvent accompagn\u00e9es de conf\u00e9rences o\u00f9 interviennent scientifiques et ONG, mettant en exergue les menaces qui p\u00e8sent sur cette faune qu&rsquo;il mod\u00e8le. <\/p>\n<p class=\"lead \">Professeure au Museum national d&rsquo;histoire naturelle et r\u00e9guli\u00e8re marraine des expositions, Sabrina Krief consid\u00e8re que celles-ci peuvent toucher de nouveaux publics. <\/p>\n<p class=\"lead \">\u00ab\u00a0Je crois au pouvoir d&rsquo;\u00e9merveillement li\u00e9 \u00e0 l&rsquo;art pour interpeller un public qui n&rsquo;est pas imm\u00e9diatement sensible aux mots. Dans des lieux compl\u00e8tement d\u00e9cal\u00e9s, comme les rues de Paris ou de New York, cela touche un public tr\u00e8s vari\u00e9. <\/p>\n<p class=\"lead \">La population humaine prend de plus en plus le pas sur la nature mais on peut malgr\u00e9 tout essayer de rappeler que ces animaux sont encore l\u00e0 et qu&rsquo;il ne faut pas les oublier\u00a0\u00bb, explique-t-elle \u00e0 l&rsquo;AFP. <\/p>\n<p class=\"lead \">Installer des oeuvres dans la rue, \u00e0 la vue de tous, \u00ab\u00a0permet aussi \u00e0 tous ceux qui n&rsquo;osent pas franchir les portes d&rsquo;une galerie d&rsquo;avoir acc\u00e8s \u00e0 l&rsquo;art, m\u00eame bri\u00e8vement, le temps d&rsquo;une promenade\u00a0\u00bb, explique Kar\u00e8ne Bassompierre, fille de l&rsquo;artiste et charg\u00e9e de sa communication. <\/p>\n<p class=\"lead \">\u00ab\u00a0Les enfants sont tr\u00e8s r\u00e9ceptifs par exemple, on le voit \u00e0 chaque exposition\u00a0\u00bb, ajoute-elle.<\/p>\n<p class=\"lead \">&#8211; \u00ab\u00a0une vie d&rsquo;observation\u00a0\u00bb &#8211;<\/p>\n<p class=\"lead \">N\u00e9 en mars 1948 d&rsquo;une m\u00e8re artiste et d&rsquo;un p\u00e8re g\u00e9ologue, Michel Bassompierre grandit \u00e0 Paris, et d\u00e9couvre le monde animal au Museum national d&rsquo;histoire naturelle et au zoo de Vincennes. <\/p>\n<p class=\"lead \">Il emm\u00e9nage adolescent en Normandie, arpente les for\u00eats de nuit, et int\u00e8gre quelques ann\u00e9es plus tard les Beaux-Arts de Rouen. <\/p>\n<p class=\"lead \">Depuis toujours, ses oeuvres naissent sur le papier. De son esquisse, il tire une maquette d&rsquo;argile puis un moulage en pl\u00e2tre. <\/p>\n<p class=\"lead \">\u00ab\u00a0On est quatre \u00e0 travailler dans ma t\u00eate: il y a l&rsquo;animalier, qui conna\u00eet bien l&rsquo;esp\u00e8ce; l&rsquo;anatomiste, qui voit jusqu&rsquo;\u00e0 son squelette et comprend ses articulations; le dessinateur, qui va donner l&rsquo;esprit; et le sculpteur, qui donne la forme\u00a0\u00bb, d\u00e9taille l&rsquo;artiste. <\/p>\n<p class=\"lead \">Fid\u00e8le visiteur de ses expositions, le com\u00e9dien Fran\u00e7ois Cluzet se dit \u00ab\u00a0fascin\u00e9\u00a0\u00bb par ses oeuvres. \u00ab\u00a0On regarde ces animaux et on les voit exister, vivre, m\u00eame s&rsquo;ils sont silencieux, m\u00eame s&rsquo;ils n&rsquo;avancent pas; ils existent quand m\u00eame et j&rsquo;ai l&rsquo;impression que dans leurs yeux, Bassompierre a mis toute son humilit\u00e9, toute son humanit\u00e9, toute sa bienveillance\u00a0\u00bb, affirme l&rsquo;acteur. <\/p>\n<p class=\"lead \">Il a fallu \u00ab\u00a0toute une vie d&rsquo;observation\u00a0\u00bb pour \u00ab\u00a0commencer \u00e0 ma\u00eetriser un peu le sujet\u00a0\u00bb, pr\u00e9cise le sculpteur. \u00ab\u00a0Et je vais continuer \u00e0 progresser, tant que j&rsquo;ai mes yeux, tant que j&rsquo;ai ma t\u00eate et mes mains.\u00a0\u00bb<\/p>\n<p class=\"small font-weight-bold text-gray3 \"> publi\u00e9 le 20 juin \u00e0 09h59, AFP<\/p>\n<p>                             Partager<\/p>\n","protected":false},"excerpt":{"rendered":"Enfant, Michel Bassompierre tirait le portrait des animaux du zoo de Vincennes. Adolescent, il s&rsquo;\u00e9chappait en for\u00eat, la&hellip;\n","protected":false},"author":2,"featured_media":190569,"comment_status":"","ping_status":"","sticky":false,"template":"","format":"standard","meta":{"footnotes":""},"categories":[1358],"tags":[1867,1348,1384,1385,251,1386,58,59,73,1011,27,3899],"class_list":{"0":"post-190568","1":"post","2":"type-post","3":"status-publish","4":"format-standard","5":"has-post-thumbnail","7":"category-arts-et-design","8":"tag-animaux","9":"tag-arts","10":"tag-arts-and-design","11":"tag-arts-et-design","12":"tag-culture","13":"tag-design","14":"tag-divertissement","15":"tag-entertainment","16":"tag-etats-unis","17":"tag-fr","18":"tag-france","19":"tag-sculpture"},"share_on_mastodon":{"url":"https:\/\/pubeurope.com\/@fr\/114714913377853420","error":""},"_links":{"self":[{"href":"https:\/\/www.europesays.com\/fr\/wp-json\/wp\/v2\/posts\/190568","targetHints":{"allow":["GET"]}}],"collection":[{"href":"https:\/\/www.europesays.com\/fr\/wp-json\/wp\/v2\/posts"}],"about":[{"href":"https:\/\/www.europesays.com\/fr\/wp-json\/wp\/v2\/types\/post"}],"author":[{"embeddable":true,"href":"https:\/\/www.europesays.com\/fr\/wp-json\/wp\/v2\/users\/2"}],"replies":[{"embeddable":true,"href":"https:\/\/www.europesays.com\/fr\/wp-json\/wp\/v2\/comments?post=190568"}],"version-history":[{"count":0,"href":"https:\/\/www.europesays.com\/fr\/wp-json\/wp\/v2\/posts\/190568\/revisions"}],"wp:featuredmedia":[{"embeddable":true,"href":"https:\/\/www.europesays.com\/fr\/wp-json\/wp\/v2\/media\/190569"}],"wp:attachment":[{"href":"https:\/\/www.europesays.com\/fr\/wp-json\/wp\/v2\/media?parent=190568"}],"wp:term":[{"taxonomy":"category","embeddable":true,"href":"https:\/\/www.europesays.com\/fr\/wp-json\/wp\/v2\/categories?post=190568"},{"taxonomy":"post_tag","embeddable":true,"href":"https:\/\/www.europesays.com\/fr\/wp-json\/wp\/v2\/tags?post=190568"}],"curies":[{"name":"wp","href":"https:\/\/api.w.org\/{rel}","templated":true}]}}