{"id":190570,"date":"2025-06-20T09:10:09","date_gmt":"2025-06-20T09:10:09","guid":{"rendered":"https:\/\/www.europesays.com\/fr\/190570\/"},"modified":"2025-06-20T09:10:09","modified_gmt":"2025-06-20T09:10:09","slug":"les-meilleurs-livres-de-solar-punk","status":"publish","type":"post","link":"https:\/\/www.europesays.com\/fr\/190570\/","title":{"rendered":"Les meilleurs livres de solar punk"},"content":{"rendered":"<p>On dit g\u00e9n\u00e9ralement d\u2019une personne qu\u2019elle est solaire quand elle rayonne d\u2019\u00e9nergie positive. C\u2019est un peu la m\u00eame chose avec le solarpunk dont les puissantes ondes d\u2019optimisme qui s\u2019en d\u00e9gagent sont particuli\u00e8rement r\u00e9confortantes en ces temps moroses d\u2019effondrement imminent. Une bonne occasion de mieux conna\u00eetre ce sous-genre litt\u00e9raire entre SF et cli-fi \u00e0 travers une s\u00e9lection de romans qui ont le chic de nous redonner du baume au c\u0153ur\u2026<\/p>\n<p>Qu\u2019on ne s\u2019y trompe pas : m\u00eame s\u2019il se d\u00e9tourne du No future r\u00e9glementaire, le solarpunk (ou solar punk) m\u00e9rite bien son label punk en se pr\u00e9sentant comme une contre-culture d\u00e9fendant le DIY (Do It Yourself). Entre utopie et \u00e9cologie politique, anticapitalisme, transhumanisme libertaire, les soci\u00e9t\u00e9s du futur imagin\u00e9es par les auteurs et autrices solarpunk envoie des d\u00e9charges feel good au r\u00e9trofuturisme glauque du <a href=\"https:\/\/www.fnac.com\/n10647\/Fantasy-et-Science-Fiction\/Steampunk\" target=\"_blank\" rel=\"noopener\">steampunk<\/a> et humanise la techno-brutalit\u00e9 du <a href=\"https:\/\/www.fnac.com\/n10648\/Fantasy-et-Science-Fiction\/Cyberpunk\" target=\"_blank\" rel=\"noopener\">cyberpunk<\/a>. Subtils et tout autant engag\u00e9s que leurs concurrents dystopiques, ces romans de cli-fi positive proposent de r\u00e9fl\u00e9chir sur notre avenir au sein d\u2019une plan\u00e8te que l\u2019on aura pouss\u00e9e dans ses ultimes retranchements, cherchant des raisons radicales d\u2019esp\u00e9rer en des lendemains o\u00f9 les oiseaux chanteront encore apr\u00e8s l\u2019in\u00e9luctable d\u00e9sastre.\u00a0<\/p>\n<p>Dans la version solarpunk de notre avenir, technologie et <a href=\"https:\/\/www.fnac.com\/s223738\/Nature-Animaux-Jardin\/Tous-les-livres-sur-l-ecologie-et-environnement\" target=\"_blank\" rel=\"noopener\">\u00e9cologie<\/a> sont r\u00e9concili\u00e9es, l\u2019humanit\u00e9 vit enfin en parfaite harmonie avec la nature et s\u2019en remet aux \u00e9nergies propres et renouvelables comme le soleil. Les concepts politiques d\u2019\u00e9tat, de nation ou encore de fronti\u00e8re n\u2019ayant pas surv\u00e9cu \u00e0 l\u2019effondrement des soci\u00e9t\u00e9s capitalistes, les humains se sont regroup\u00e9s en petites communaut\u00e9s r\u00e9silientes et autonomes vivant dans des constructions vertueuses int\u00e9gr\u00e9es \u00e0 la nature\u2026 Entre autres t\u00eates d\u2019affiche qui ont su trouver les mots pour nous raconter cette vision o\u00f9 innovation et d\u00e9fis environnementaux ne s\u2019opposent plus, ce monde r\u00e9silient lib\u00e9r\u00e9 de tout esprit de pr\u00e9dation, on peut citer les incontournables <a href=\"https:\/\/www.fnac.com\/Kim-Stanley-Robinson\/ia23824\" target=\"_blank\" rel=\"noopener\">Kim Stanley Robinson<\/a> et la francophile <a href=\"https:\/\/www.fnac.com\/Ursula-Kroeber-Le-Guin\/ia20411\" target=\"_blank\" rel=\"noopener\">Ursula K. Le Guin<\/a>, l\u2019autrice fantasy, f\u00e9ministe <a href=\"https:\/\/www.fnac.com\/ia824207\/N-K-Jemisin\" target=\"_blank\" rel=\"noopener\">N. K. Jemisin<\/a>. Bien qu\u2019il soit plus cyber et dystopique que solaire, le Fran\u00e7ais <a href=\"https:\/\/www.fnac.com\/Alain-Damasio\/ia420001\" target=\"_blank\" rel=\"noopener\">Alain Damasio<\/a> propose quant \u00e0 lui une \u0153uvre puissante et engag\u00e9e d\u2019o\u00f9 \u00e9mergent des t\u00e9n\u00e8bres des th\u00e8mes chers au solarpunk comme l\u2019adaptation \u00e0 la nature et la recherche d\u2019alternatives sociales et \u00e9cologiques.\u00a0<\/p>\n<p>Jeune mouvement culturel global qui va bien au-del\u00e0 de sa simple expression litt\u00e9raire, les id\u00e9es solarpunk sont aujourd\u2019hui port\u00e9es par de nombreux cr\u00e9ateurs \u00e0 travers le monde. Parmi ces porteurs de flamme, principalement des artistes et des architectes engag\u00e9s pour une cr\u00e9ation durable et respectueuse de l\u2019environnement, on trouve l\u2019illustratrice Olivia Louise, l\u2019architecte Luc Schuiten ou encore l\u2019artiste num\u00e9rique Misha. Quant \u00e0 la litt\u00e9rature, voici une s\u00e9lection de romans solaires pour entrer de plain-pied dans l\u2019univers joyeux des punks verts\u2026\u00a0<\/p>\n<p><strong>Solarpunk. Vers des futurs radieux \u2013 Collectif (Moutons \u00c9lectriques)<\/strong><\/p>\n<p>Anthologie indispensable pour saisir toutes les nuances du genre litt\u00e9raire et artistique qui d\u00e9fend l\u2019id\u00e9e de l\u2019utopie \u00e9cologique, le bien nomm\u00e9 <a href=\"https:\/\/www.fnac.com\/a20088215\/Chloe-Chevalier-Solarpunk\" target=\"_blank\" rel=\"noopener\"><strong>Solarpunk<\/strong><\/a> r\u00e9unit toute la fine fleur, principalement fran\u00e7aise, du genre. En seize nouvelles sign\u00e9es par des auteurs aussi divers que <a href=\"https:\/\/www.fnac.com\/ia286614\/Chloe-Chevalier\" target=\"_blank\" rel=\"noopener\">Chlo\u00e9 Chevalier<\/a>, <a href=\"https:\/\/www.fnac.com\/ia2931342\/Christine-Luce\" target=\"_blank\" rel=\"noopener\">Christine Luce<\/a>, <a href=\"https:\/\/www.fnac.com\/ia590427\/Nicolas-Texier\" target=\"_blank\" rel=\"noopener\">Nicolas Texier<\/a> ou encore <a href=\"https:\/\/www.fnac.com\/ia618412\/Thomas-Geha\" target=\"_blank\" rel=\"noopener\">Thomas Geha<\/a>, la maison d\u2019\u00e9dition Les Moutons \u00c9lectriques (en r\u00e9f\u00e9rence au roman de Philip K. Dick qui donnera Blade Runner au cin\u00e9ma) profite de ce tout premier recueil francophone d\u00e9di\u00e9 au solarpunk pour c\u00e9l\u00e9brer son 20e anniversaire. Chaque r\u00e9cit, chaque intrigue, esquisse un avenir apais\u00e9 en explorant les th\u00e9matiques traditionnellement li\u00e9es au genre comme les \u00e9nergies renouvelables, les technologies vertueuses et les communaut\u00e9s r\u00e9silientes. R\u00e9fl\u00e9chir par la fiction aux solutions cr\u00e9atives et durables pour r\u00e9gler nos probl\u00e8mes actuels est une excellente fa\u00e7on de faire\u00a0connaissance avec le solarpunk.\u00a0<\/p>\n<p><strong>Les D\u00e9poss\u00e9d\u00e9s \u2013 Ursula K. Le Guin (Robert Laffont)<\/strong><\/p>\n<p>Fille d\u2019un des plus c\u00e9l\u00e8bres anthropologues am\u00e9ricains du d\u00e9but du XXe si\u00e8cle, Ursula K. Le Guin, morte en 2018, grandit dans un milieu intellectuel qui a profond\u00e9ment influenc\u00e9 toute son \u0153uvre future. Devenue un grand nom de la SF et de la fantasy, elle est reconnue pour son talent \u00e0 m\u00ealer r\u00e9flexion politique et narration complexe. Pi\u00e8ce majeure de son imposante bibliographie, <a href=\"https:\/\/www.fnac.com\/o8213715\/Les-depossedes\/w-4\" target=\"_blank\" rel=\"noopener\"><strong>Les D\u00e9poss\u00e9d\u00e9s<\/strong><\/a>, publi\u00e9 en 1974, pose les fondations de ce qui deviendra pr\u00e8s de 30 ans plus tard le solarpunk. L\u2019histoire met en regard deux soci\u00e9t\u00e9s aux syst\u00e8mes politiques diam\u00e9tralement oppos\u00e9s. D\u2019un c\u00f4t\u00e9, une lune inhospitali\u00e8re r\u00e9gie par une soci\u00e9t\u00e9 anarchiste et coop\u00e9rative, de l\u2019autre, une plan\u00e8te riche et capitaliste. Originaire de l\u2019astre pauvre et libertaire, un brillant ing\u00e9nieur va voyager vers Urras pour trouver comment apporter aux siens un peu de prosp\u00e9rit\u00e9 et de libert\u00e9. Bien que l\u2019\u00e9cologie n\u2019en soit pas le th\u00e8me central, ce roman multi-r\u00e9compens\u00e9 confronte une utopie, Anarres, divis\u00e9e par les conflits internes et une soci\u00e9t\u00e9 lib\u00e9rale rong\u00e9e par les in\u00e9galit\u00e9s sociales et l\u2019autoritarisme de ses dirigeants. Tout au long d\u2019une intrigue parfaitement men\u00e9e, l\u2019autrice nous invite \u00e0 r\u00e9fl\u00e9chir sur les notions de libert\u00e9 et de responsabilit\u00e9 ainsi que sur notre rapport \u00e0 l\u2019id\u00e9al politique.\u00a0<\/p>\n<p><strong class=\"small\">En stock<\/strong><\/p>\n<p>        Acheter sur Fnac.com<\/p>\n<p><strong>La trilogie martienne \u2013 Kim Stanley Robinson (Pocket)<\/strong><\/p>\n<p>Figure influente et tut\u00e9laire du solarpunk, Kim Stanley Robinson a la particularit\u00e9 d\u2019avoir tr\u00e8s t\u00f4t int\u00e9gr\u00e9 les enjeux sociaux et environnementaux \u00e0 ses romans de SF. Pleinement inscrite dans cette lign\u00e9e, la <a href=\"https:\/\/www.fnac.com\/se2496\/La-trilogie-martienne\" target=\"_blank\" rel=\"noopener\"><strong>Trilogie martienne<\/strong><\/a> publi\u00e9e dans les ann\u00e9es 1990 est con\u00e7ue comme une fresque sur plusieurs si\u00e8cles qui s\u2019int\u00e9resse \u00e0 la colonisation et \u00e0 la terraformation de la plan\u00e8te rouge. De l\u2019arriv\u00e9e chaotique et p\u00e9rilleuse des premiers colons sur une plan\u00e8te hostile (Red Mars) jusqu\u2019aux nouveaux d\u00e9fis de la nouvelle soci\u00e9t\u00e9 martienne (Blue Mars) en passant par les vives tensions entre les partisans d\u2019une terraformation express et les d\u00e9fenseurs de l\u2019environnement martien (Green Mars), la saga brille \u00e0 la fois par sa rigueur scientifique et sa richesse th\u00e9matique. \u00c0 partager avec le rayon \u00ab\u00a0<a href=\"https:\/\/www.fnac.com\/n10643\/Fantasy-et-Science-Fiction\/Hard-Science-Fiction\" target=\"_blank\" rel=\"noopener\">hard SF<\/a>\u00a0\u00bb pour son exactitude scientifique, cette trilogie solarpunk reste une \u0153uvre majeure pour comprendre les dynamiques humaines face aux d\u00e9fis sociaux, politiques et environnementaux.\u00a0<\/p>\n<p><strong class=\"small\">En stock<\/strong><\/p>\n<p>        Acheter sur Fnac.com<\/p>\n<p><strong>Nous sommes l\u2019\u00e9tincelle \u2013 Vincent Villeminot (Pocket)<\/strong><\/p>\n<p>Journaliste de formation, <a href=\"https:\/\/www.fnac.com\/ia133969\/Vincent-Villeminot\" target=\"_blank\" rel=\"noopener\">Vincent Villeminot<\/a> a d\u2019abord concr\u00e9tis\u00e9 son engagement en participant \u00e0 la cr\u00e9ation d\u2019une \u00e9cole de journalisme au Caire en \u00c9gypte avant de se d\u00e9dier \u00e0 l\u2019\u00e9criture de romans jeunesse. Fort d\u2019une bibliographie aussi vari\u00e9e que consistante, il publie en 2019 <a href=\"https:\/\/www.fnac.com\/o11402797\/Nous-sommes-l-etincelle\/w-4\" target=\"_blank\" rel=\"noopener\"><strong>Nous sommes l\u2019\u00e9tincelle<\/strong><\/a>, un roman d\u2019anticipation r\u00e9compens\u00e9 du Prix du roman d\u2019\u00e9cologie. Il y est question de l\u2019enl\u00e8vement en 2061 de trois adolescents vivant dans la for\u00eat avec leurs parents. Trente-cinq ans plus t\u00f4t, de nombreux jeunes avaient fait le choix radical de partir vivre dans de petites communaut\u00e9s utopiques et autonomes exclusivement anim\u00e9es par les valeurs d\u2019amiti\u00e9 et de libert\u00e9. Sur ces deux temporalit\u00e9s, on assiste aux destins crois\u00e9s d\u2019une jeunesse en qu\u00eate de sens lass\u00e9e de se soumettre \u00e0 l\u2019autorit\u00e9 et de trois enfants sauvages du futur, victimes de la violence end\u00e9mique des hommes. Le tout travers\u00e9 de bout en bout par un questionnement profond sur notre place dans le monde et sur les solutions alternatives qui s\u2019offrent \u00e0 nous pour le sauver.\u00a0<\/p>\n<p><strong class=\"small\">En stock<\/strong><\/p>\n<p>        Acheter sur Fnac.com<\/p>\n<p><strong>Histoires de moine et de robot \u2013 Becky Chambers (Atalante)<\/strong><\/p>\n<p>Apr\u00e8s s\u2019\u00eatre fait un nom gr\u00e2ce au succ\u00e8s du <a href=\"https:\/\/www.fnac.com\/n10650\/Fantasy-et-Science-Fiction\/Space-Opera\" target=\"_blank\" rel=\"noopener\">space-opera<\/a> en 4 actes intitul\u00e9 <a href=\"https:\/\/www.fnac.com\/se96747\/Les-Voyageurs\" target=\"_blank\" rel=\"noopener\">Les Voyageurs<\/a>, l\u2019autrice am\u00e9ricaine <a href=\"https:\/\/www.fnac.com\/ia3346235\/Becky-Chambers\" target=\"_blank\" rel=\"noopener\">Becky Chambers<\/a> s\u2019est laiss\u00e9e tenter par les sir\u00e8nes optimistes du solarpunk en s\u2019engageant dans la s\u00e9rie <a href=\"https:\/\/www.fnac.com\/se97284\/Histoires-De-Moine-Et-De-Robot\" target=\"_blank\" rel=\"noopener\">Histoires de moine et de robot<\/a>. Derri\u00e8re ce titre se cachent pour l\u2019heure deux volumes qui mettent en sc\u00e8ne les p\u00e9r\u00e9grinations d\u2019un duo pour le moins baroque compos\u00e9 d\u2019un homme de foi et d\u2019un cyborg curieux dans un monde apais\u00e9 o\u00f9 l\u2019humanit\u00e9, la technologie et la nature coexistent enfin pacifiquement. Apr\u00e8s un premier tome retra\u00e7ant leur rencontre et le d\u00e9but de leur odyss\u00e9e \u00e0 travers les ruines du monde d\u2019avant d\u00e9vast\u00e9 par les crises climatiques et sociales, <a href=\"https:\/\/www.fnac.com\/a17625771\/Histoires-de-Moine-et-de-Robot-Tome-2-Une-priere-pour-les-cimes-timides-Becky-Chambers\" target=\"_blank\" rel=\"noopener\"><strong>Une pri\u00e8re pour les cimes timides<\/strong><\/a> am\u00e8ne Dex le moine et Omphale le robot \u00e0 quitter la for\u00eat et les vestiges du pass\u00e9 pour reprendre contact avec les hommes et leur proposer de quoi am\u00e9liorer encore un peu plus leur qualit\u00e9 de vie. Mais cela est-il bien n\u00e9cessaire ? Satur\u00e9e d\u2019ondes positives et de bienveillance futuriste, cette duologie justement qualifi\u00e9e d\u2019hopepunk offre un moment de lecture incroyablement r\u00e9confortant.\u00a0<\/p>\n<p><strong class=\"small\">En stock<\/strong><\/p>\n<p>        Acheter sur Fnac.com<\/p>\n<p><strong>Ecotopia \u2013 Ernest Callenbach (Gallimard)<\/strong><\/p>\n<p>Passionn\u00e9 par les questions environnementales \u00e0 une \u00e9poque o\u00f9 l\u2019\u00e9cologie n\u2019\u00e9tait m\u00eame pas un sujet, l\u2019\u00e9crivain et critique de cin\u00e9ma am\u00e9ricain <a href=\"https:\/\/www.fnac.com\/ia610336\/Ernest-Callenbach\" target=\"_blank\" rel=\"noopener\">Ernest Callenbach<\/a>, pratiquant d\u2019un mode de vie frugal et d\u00e9croissant centr\u00e9 sur l\u2019essentiel que l\u2019on nommait \u00ab\u00a0simplicit\u00e9 volontaire\u00a0\u00bb, publie en 1975 <a href=\"https:\/\/www.fnac.com\/a15109729\/Ernest-Callenbach-Ecotopia\" target=\"_blank\" rel=\"noopener\"><strong>Ecotopia<\/strong><\/a>, roman fondateur de la litt\u00e9rature \u00e9cologiste. Dans ce texte r\u00e9f\u00e9rentiel du mouvement solarpunk au carrefour de l\u2019uchronie, l\u2019utopie et la dystopie, trois \u00c9tats historiquement progressistes font s\u00e9cession avec les USA pour former une soci\u00e9t\u00e9 \u00e9cologique baptis\u00e9e Ecotopia. Vingt ans apr\u00e8s la cr\u00e9ation de cette entit\u00e9 ind\u00e9pendante, un journaliste est autoris\u00e9 \u00e0 la visiter. \u00c0 travers ses articles, on d\u00e9couvre alors une soci\u00e9t\u00e9 en autogestion o\u00f9 les femmes sont au pouvoir et le mode de vie respectueux de l\u2019environnement. D\u2019abord sceptique puis admiratif, il consigne son changement d\u2019opinion dans un journal de bord qui r\u00e9v\u00e8le \u00e9galement sa relation amoureuse avec une Ecotopienne\u2026 R\u00e9sonnant plus que jamais avec la situation politique am\u00e9ricaine du moment, ce roman intemporel, optimiste et inspirant est une formidable invitation \u00e0 r\u00e9fl\u00e9chir aux possibilit\u00e9s d\u2019un monde meilleur.\u00a0<\/p>\n<p><strong class=\"small\">En stock<\/strong><\/p>\n<p>        Acheter sur Fnac.com<\/p>\n<p><strong>Eutopia \u2013 Camille Leboulanger (J\u2019ai Lu)<\/strong><\/p>\n<p>\u0152uvrant souvent du c\u00f4t\u00e9 du roman jeunesse d\u2019<a href=\"https:\/\/www.fnac.com\/n384514\/Livre-Jeunesse\/Livre-Ados-et-Young-adults\/Anticipation-et-Dystopie\" target=\"_blank\" rel=\"noopener\">anticipation<\/a> et parfois de la fantasy m\u00e9di\u00e9vale, <a href=\"https:\/\/www.fnac.com\/ia997538\/Camille-Leboulanger\" target=\"_blank\" rel=\"noopener\">Camille Leboulanger<\/a> questionne r\u00e9guli\u00e8rement \u00e0 travers son travail d\u2019\u00e9criture l\u2019organisation sociale de la soci\u00e9t\u00e9 et les moyens de construire ce que pourrait \u00eatre une soci\u00e9t\u00e9 id\u00e9ale bas\u00e9e sur le respect social et environnemental. C\u2019est sur ce registre solarpunk plus adulte et engag\u00e9 qu\u2019il a plac\u00e9 <a href=\"https:\/\/www.fnac.com\/o11472089\/Eutopia\/w-4\" target=\"_blank\" rel=\"noopener\"><strong>Eutopia<\/strong><\/a>. Dans ce roman, il nous fait p\u00e9n\u00e9trer dans une soci\u00e9t\u00e9 utopique organis\u00e9e par la D\u00e9claration d\u2019Antonia qui stipule que chaque \u00eatre humain est libre et ma\u00eetre de son travail, que la notion de propri\u00e9t\u00e9 est abolie et que les ressources naturelles ne se poss\u00e8dent pas mais se partagent. Au sein de ce monde \u00e9galitaire et libertaire o\u00f9 l\u2019humanisme prend tout son sens, un homme et une femme vont s\u2019aimer, voyager, \u00e9changer, tout simplement vivre. En d\u00e9couvrant les villes de Pelagoya et Antonia \u00e0 travers les parcours de Gob et Umo, on se prend \u00e0 r\u00eaver sans d\u00e9magogie ni na\u00efvet\u00e9 \u00e0 un monde juste un peu moins brutal que celui dans lequel nous vivons actuellement.<\/p>\n<p><strong class=\"small\">En stock<\/strong><\/p>\n<p>        Acheter sur Fnac.com<\/p>\n","protected":false},"excerpt":{"rendered":"On dit g\u00e9n\u00e9ralement d\u2019une personne qu\u2019elle est solaire quand elle rayonne d\u2019\u00e9nergie positive. C\u2019est un peu la m\u00eame&hellip;\n","protected":false},"author":2,"featured_media":190571,"comment_status":"","ping_status":"","sticky":false,"template":"","format":"standard","meta":{"footnotes":""},"categories":[1357],"tags":[1379,58,51,59,1011,27,31082,1380,2510,1650],"class_list":{"0":"post-190570","1":"post","2":"type-post","3":"status-publish","4":"format-standard","5":"has-post-thumbnail","7":"category-livres","8":"tag-books","9":"tag-divertissement","10":"tag-ecologie","11":"tag-entertainment","12":"tag-fr","13":"tag-france","14":"tag-imaginaire","15":"tag-livres","16":"tag-science-fiction","17":"tag-selection"},"share_on_mastodon":{"url":"https:\/\/pubeurope.com\/@fr\/114714917228450779","error":""},"_links":{"self":[{"href":"https:\/\/www.europesays.com\/fr\/wp-json\/wp\/v2\/posts\/190570","targetHints":{"allow":["GET"]}}],"collection":[{"href":"https:\/\/www.europesays.com\/fr\/wp-json\/wp\/v2\/posts"}],"about":[{"href":"https:\/\/www.europesays.com\/fr\/wp-json\/wp\/v2\/types\/post"}],"author":[{"embeddable":true,"href":"https:\/\/www.europesays.com\/fr\/wp-json\/wp\/v2\/users\/2"}],"replies":[{"embeddable":true,"href":"https:\/\/www.europesays.com\/fr\/wp-json\/wp\/v2\/comments?post=190570"}],"version-history":[{"count":0,"href":"https:\/\/www.europesays.com\/fr\/wp-json\/wp\/v2\/posts\/190570\/revisions"}],"wp:featuredmedia":[{"embeddable":true,"href":"https:\/\/www.europesays.com\/fr\/wp-json\/wp\/v2\/media\/190571"}],"wp:attachment":[{"href":"https:\/\/www.europesays.com\/fr\/wp-json\/wp\/v2\/media?parent=190570"}],"wp:term":[{"taxonomy":"category","embeddable":true,"href":"https:\/\/www.europesays.com\/fr\/wp-json\/wp\/v2\/categories?post=190570"},{"taxonomy":"post_tag","embeddable":true,"href":"https:\/\/www.europesays.com\/fr\/wp-json\/wp\/v2\/tags?post=190570"}],"curies":[{"name":"wp","href":"https:\/\/api.w.org\/{rel}","templated":true}]}}