{"id":190578,"date":"2025-06-20T09:14:10","date_gmt":"2025-06-20T09:14:10","guid":{"rendered":"https:\/\/www.europesays.com\/fr\/190578\/"},"modified":"2025-06-20T09:14:10","modified_gmt":"2025-06-20T09:14:10","slug":"cette-boisson-devenue-tres-tendance-pourrait-favoriser-le-cancer-colorectal","status":"publish","type":"post","link":"https:\/\/www.europesays.com\/fr\/190578\/","title":{"rendered":"Cette boisson, devenue tr\u00e8s tendance, pourrait favoriser le cancer colorectal"},"content":{"rendered":"<p><a href=\"https:\/\/www.parismatch.be\/lifestyle\/food\/2025\/03\/18\/cette-boisson-appreciee-des-enfants-quand-il-fait-chaud-serait-tres-dangereuse-pour-leur-sante-il-faudrait-linterdire-aux-moins-de-huit-ans-EOXTV5AMTREBTKU6WXJYWF4WP4\/\" target=\"_blank\" rel=\"noopener noreferrer nofollow\" class=\"ap-StoryInterstitialLink ap-StoryElement ap-StoryElement--mb\">Cette boisson appr\u00e9ci\u00e9e des enfants quand il fait chaud serait tr\u00e8s dangereuse pour leur sant\u00e9 : il faudrait l&rsquo;interdire aux moins de huit ans<\/a>Une boisson qu&rsquo;il faudrait totalement supprimer<\/p>\n<p class=\"ap-StoryElement ap-StoryElement--mb ap-StoryText\">C&rsquo;est le Dr James Kinross, chirurgien colorectal \u00e0 l&rsquo;Imperial College de Londres, qui met en garde contre ce type de breuvage : les boissons prot\u00e9in\u00e9es ! Eh oui, alors qu&rsquo;elles sont de plus en plus populaires, elles seraient tr\u00e8s dangereuses pour la sant\u00e9.<\/p>\n<p class=\"ap-StoryElement ap-StoryElement--mb ap-StoryText\">Si elles \u00e9taient, \u00e0 la base, consomm\u00e9es par les sportifs et les fans de musculation, elles ont d\u00e9sormais envahi les r\u00e9seaux sociaux. Elles sont notamment vant\u00e9es pour leurs effets sur la perte de poids. De plus, elles sont faciles \u00e0 pr\u00e9parer puisqu&rsquo;il suffit d&rsquo;une dose de prot\u00e9ines aromatis\u00e9es et d&rsquo;eau avant de shaker le tout. Bref, les boissons prot\u00e9in\u00e9es sont devenues tr\u00e8s populaires.<\/p>\n<p class=\"ap-StoryElement ap-StoryElement--mb ap-StoryText\">Mais comme l&rsquo;explique le m\u00e9decin au Daily Mail, ces boissons, cens\u00e9es \u00eatre saines, peuvent nuire \u00e0 la sant\u00e9 intestinale et favoriseraient m\u00eame le d\u00e9veloppement du cancer colorectal. Selon lui, les sous-produits issus du m\u00e9tabolisme des prot\u00e9ines lib\u00e8rent en r\u00e9alit\u00e9 des toxines dans l&rsquo;organisme, rapporte Top Sant\u00e9. Celles-ci sont capables d&rsquo;endommager l&rsquo;ADN des cellules intestinales et ainsi de les rendre canc\u00e9reuses.<\/p>\n<p><a href=\"https:\/\/www.parismatch.be\/actualites\/sante\/2025\/02\/06\/cette-boisson-souvent-consommee-le-matin-pourrait-accelerer-le-declin-cognitif-MTY56ZEXFNB3VECFE2AKAUJ6YU\/\" target=\"_blank\" rel=\"noopener noreferrer nofollow\" class=\"ap-StoryInterstitialLink ap-StoryElement ap-StoryElement--mb\">Cette boisson souvent consomm\u00e9e le matin pourrait acc\u00e9l\u00e9rer le d\u00e9clin cognitif<\/a><\/p>\n<p class=\"ap-StoryElement ap-StoryElement--mb ap-StoryText\">Selon le Dr Kinross, ces boissons pr\u00e9sentent un double danger : d&rsquo;une part, elles \u00ab\u00a0modifient profond\u00e9ment le microbiome intestinal\u00a0\u00bb, et de l&rsquo;autre, elles lib\u00e8rent des toxines perturbant l&rsquo;\u00e9quilibre des bact\u00e9ries b\u00e9n\u00e9fiques, essentielles \u00e0 la sant\u00e9 du c\u00f4lon. Cette alt\u00e9ration du microbiome va favoriser une inflammation chronique, ce qui va favoriser le d\u00e9veloppement de l\u00e9sions pr\u00e9canc\u00e9reuses.<\/p>\n<p class=\"ap-StoryElement ap-StoryElement--mb ap-StoryText\">Le m\u00e9decin sp\u00e9cialis\u00e9 dans le cancer colorectal recommande de compl\u00e8tement arr\u00eater de consommer des prot\u00e9ines en poudre, qui sont n\u00e9fastes sur le long terme. Il conseille de se tourner vers les prot\u00e9ines v\u00e9g\u00e9tales, comme les l\u00e9gumineuses.<\/p>\n","protected":false},"excerpt":{"rendered":"Cette boisson appr\u00e9ci\u00e9e des enfants quand il fait chaud serait tr\u00e8s dangereuse pour leur sant\u00e9 : il faudrait&hellip;\n","protected":false},"author":2,"featured_media":190579,"comment_status":"","ping_status":"","sticky":false,"template":"","format":"standard","meta":{"footnotes":""},"categories":[10],"tags":[32846,101,14845,32849,1011,27,72,10754,32847,71,32848],"class_list":{"0":"post-190578","1":"post","2":"type-post","3":"status-publish","4":"format-standard","5":"has-post-thumbnail","7":"category-sante","8":"tag-boissons","9":"tag-cancer","10":"tag-cancer-colorectal","11":"tag-colon","12":"tag-fr","13":"tag-france","14":"tag-health","15":"tag-proteine","16":"tag-proteinee","17":"tag-sante","18":"tag-shake"},"share_on_mastodon":{"url":"https:\/\/pubeurope.com\/@fr\/114714932921239229","error":""},"_links":{"self":[{"href":"https:\/\/www.europesays.com\/fr\/wp-json\/wp\/v2\/posts\/190578","targetHints":{"allow":["GET"]}}],"collection":[{"href":"https:\/\/www.europesays.com\/fr\/wp-json\/wp\/v2\/posts"}],"about":[{"href":"https:\/\/www.europesays.com\/fr\/wp-json\/wp\/v2\/types\/post"}],"author":[{"embeddable":true,"href":"https:\/\/www.europesays.com\/fr\/wp-json\/wp\/v2\/users\/2"}],"replies":[{"embeddable":true,"href":"https:\/\/www.europesays.com\/fr\/wp-json\/wp\/v2\/comments?post=190578"}],"version-history":[{"count":0,"href":"https:\/\/www.europesays.com\/fr\/wp-json\/wp\/v2\/posts\/190578\/revisions"}],"wp:featuredmedia":[{"embeddable":true,"href":"https:\/\/www.europesays.com\/fr\/wp-json\/wp\/v2\/media\/190579"}],"wp:attachment":[{"href":"https:\/\/www.europesays.com\/fr\/wp-json\/wp\/v2\/media?parent=190578"}],"wp:term":[{"taxonomy":"category","embeddable":true,"href":"https:\/\/www.europesays.com\/fr\/wp-json\/wp\/v2\/categories?post=190578"},{"taxonomy":"post_tag","embeddable":true,"href":"https:\/\/www.europesays.com\/fr\/wp-json\/wp\/v2\/tags?post=190578"}],"curies":[{"name":"wp","href":"https:\/\/api.w.org\/{rel}","templated":true}]}}