{"id":190586,"date":"2025-06-20T09:18:10","date_gmt":"2025-06-20T09:18:10","guid":{"rendered":"https:\/\/www.europesays.com\/fr\/190586\/"},"modified":"2025-06-20T09:18:10","modified_gmt":"2025-06-20T09:18:10","slug":"pavel-durov-le-cofondateur-de-telegram-laissera-une-fortune-de-17-milliards-de-dollars-a-ses-106-enfants","status":"publish","type":"post","link":"https:\/\/www.europesays.com\/fr\/190586\/","title":{"rendered":"Pavel Durov, le cofondateur de Telegram, laissera une fortune de 17 milliards de dollars \u00e0 ses 106 enfants"},"content":{"rendered":"<p>Dans une interview au Point, le milliardaire russe Pavel Durov r\u00e9v\u00e8le qu\u2019il compte diviser sa fortune colossale entre ses 106 enfants, dont une centaine con\u00e7ue par don de sperme.<\/p>\n<p class=\"fig-paragraph\">Un testament \u00e0 la hauteur de sa d\u00e9mesure.\u00a0<a href=\"https:\/\/www.lefigaro.fr\/tag\/pavel-dourov\" target=\"_blank\" rel=\"noopener nofollow\" data-gtm-custom-categorie=\"navigation\" data-gtm-custom-action=\"crossclick\" data-gtm-custom-label=\"Contextuel\" data-gtm-event=\"customEventSPE\">Pavel Durov<\/a>, cofondateur et PDG de l\u2019application Telegram, a accept\u00e9 de donner des d\u00e9tails sur sa succession dans\u00a0<a href=\"https:\/\/www.lepoint.fr\/economie\/exclusif-pavel-durov-pdg-de-telegram-je-prefere-mourir-plutot-qu-agir-contre-mes-valeurs-18-06-2025-2592399_28.php\" target=\"_blank\" rel=\"nofollow noopener\" data-gtm-custom-categorie=\"navigation\" data-gtm-custom-action=\"crossclick\" data-gtm-custom-label=\"Contextuel\" data-gtm-event=\"customEventSPE\">une interview au Point<\/a>, parue le 19 juin. Et ses confidences ont de quoi surprendre. L\u2019homme d\u2019affaires russe de 40 ans, connu pour son franc-parler et ses positions libertaires, a notamment annonc\u00e9 qu\u2019il l\u00e9guerait sa fortune estim\u00e9e \u00e0\u00a0<a href=\"https:\/\/www.forbes.com\/profile\/pavel-durov\/\" target=\"_blank\" rel=\"nofollow noopener\" data-gtm-custom-categorie=\"navigation\" data-gtm-custom-action=\"crossclick\" data-gtm-custom-label=\"Contextuel\" data-gtm-event=\"customEventSPE\">17,1 milliards de dollars<\/a>\u00a0(environ 14,9 milliards d\u2019euros) \u00e0 ses 106 enfants.<\/p>\n<p class=\"fig-paragraph\">Si Pavel Durov est officiellement p\u00e8re de six enfants, con\u00e7us avec trois femmes diff\u00e9rentes, il a \u00e9galement \u00e9t\u00e9 donneur de sperme dans douze pays, permettant la naissance d\u2019une centaine d\u2019autres enfants. \u00abJe tiens \u00e0 pr\u00e9ciser que je ne fais aucune diff\u00e9rence entre mes enfants\u00a0: il y a ceux qui ont \u00e9t\u00e9 con\u00e7us de mani\u00e8re naturelle et ceux qui sont issus de mes dons de sperme. Ils sont tous mes enfants et auront tous les m\u00eames droits\u00a0!\u00bb mart\u00e8le-t-il.<\/p>\n<p class=\"fig-body-link&#10;    \">\n            \u00c0 lire aussi<br \/>\n        <a class=\"fig-body-link__link\" href=\"http:\/\/madame.lefigaro.fr\/societe\/actu\/olivier-lascal-pour-elon-musk-seules-les-elites-devraient-se-reproduire-20250220\" target=\"_blank\" data-fig-type=\"Article\" rel=\"noopener nofollow\" data-gtm-custom-categorie=\"navigation\" data-gtm-custom-action=\"crossclick\" data-gtm-custom-label=\"Contextuel\" data-gtm-event=\"customEventSPE\" data-fig-domain=\"MADAME\">Olivier Lascar\u00a0: \u00abPour Elon Musk, seules les \u00e9lites devraient se reproduire\u00bb<\/a>\n<\/p>\n<p>Succession verrouill\u00e9e jusqu\u2019en 2055<\/p>\n<p class=\"fig-paragraph\">Les futurs h\u00e9ritiers devront toutefois s\u2019armer de patience. Le milliardaire a pos\u00e9 une condition draconienne\u00a0: aucun d\u2019entre eux ne pourra toucher \u00e0 son h\u00e9ritage avant d\u2019avoir atteint l\u2019\u00e2ge de 30 ans, et ce \u00e0 compter du 19 juin 2055. \u00abJe veux qu\u2019ils vivent comme des personnes normales, qu\u2019ils se construisent seuls, qu\u2019ils apprennent \u00e0 se faire confiance, qu\u2019ils puissent cr\u00e9er, pas qu\u2019ils soient d\u00e9pendants d\u2019un compte en banque\u00bb, justifie Pavel Durov.<\/p>\n<p class=\"fig-body-link&#10;    \">\n            \u00c0 lire aussi<br \/>\n        <a class=\"fig-body-link__link\" href=\"http:\/\/madame.lefigaro.fr\/societe\/actu\/qui-est-julia-vavilova-experte-en-cryptomonnaie-et-pretendue-petite-amie-de-pavel-durov-le-sulfureux-fondateur-de-telegram-20240826\" target=\"_blank\" data-fig-type=\"Article\" rel=\"noopener nofollow\" data-gtm-custom-categorie=\"navigation\" data-gtm-custom-action=\"crossclick\" data-gtm-custom-label=\"Contextuel\" data-gtm-event=\"customEventSPE\" data-fig-domain=\"MADAME\">Qui est Julia Vavilova, experte en cryptomonnaie et pr\u00e9tendue petite amie de Pavel Durov, le sulfureux fondateur de Telegram<\/a>\n<\/p>\n<p class=\"fig-paragraph\">Cette d\u00e9cision de pr\u00e9parer sa succession maintenant n\u2019est pas anodine. Le patron de Telegram avoue que son \u00abtravail comporte des risques\u00bb. Une litote qui cache une r\u00e9alit\u00e9 bien plus tumultueuse puisque\u00a0<a href=\"http:\/\/www.lefigaro.fr\/international\/le-pdg-de-telegram-pavel-dourov-mis-en-examen-et-remis-en-liberte-sous-controle-judiciaire-20240828\" target=\"_blank\" data-fig-type=\"Article\" rel=\"nofollow noopener\" data-gtm-custom-categorie=\"navigation\" data-gtm-custom-action=\"crossclick\" data-gtm-custom-label=\"Contextuel\" data-gtm-event=\"customEventSPE\" data-fig-domain=\"LEFIGARO\">la justice fran\u00e7aise a, en ao\u00fbt 2024, mis en examen Pavel Durov<\/a>\u00a0pour 17 chefs d\u2019inculpation. Elle l\u2019accuse notamment de complicit\u00e9 dans la gestion de la plateforme o\u00f9 prosp\u00e8rent des activit\u00e9s criminelles\u00a0: trafic de drogue, fraude, contenus p\u00e9dopornographiques&#8230; Des accusations que Durov balaie d\u2019un revers de main\u00a0: \u00abC\u2019est totalement absurde. Ce n\u2019est pas parce que des criminels utilisent notre messagerie parmi tant d\u2019autres que cela fait de ceux qui la dirigent des criminels&#8230; Rien n\u2019a jamais \u00e9t\u00e9 prouv\u00e9 qui montre que je suis, ne serait-ce qu\u2019une seconde, coupable de quoi que ce soit.\u00bb<\/p>\n<p>L\u2019enfant terrible de la tech<\/p>\n<p class=\"fig-paragraph\">Cette affaire n\u2019est que le dernier \u00e9pisode d\u2019un parcours jalonn\u00e9 de controverses. Lanc\u00e9e en 2013, Telegram s\u2019est impos\u00e9e comme l\u2019alternative crypt\u00e9e \u00e0 WhatsApp. La messagerie chiffr\u00e9e est aujourd\u2019hui utilis\u00e9e par plus d\u2019un milliard de personnes dans le monde. Sauf que ce positionnement a fait de Pavel Durov la b\u00eate noire des gouvernements. \u00abD\u00e9fendre les libert\u00e9s vous vaut de nombreux ennemis, y compris au sein des \u00c9tats puissants\u00bb, philosophe-t-il.<\/p>\n<p class=\"fig-paragraph\">\u00c0 l\u2019image d\u2019un Elon Musk version russe, Pavel Durov cultive son image d\u2019entrepreneur rebelle. Exil\u00e9 de Russie depuis 2014 apr\u00e8s avoir refus\u00e9 de livrer des donn\u00e9es d\u2019utilisateurs au FSB (le service de renseignement russe), il a depuis men\u00e9 une vie d\u2019apatride fortun\u00e9, naviguant entre Duba\u00ef et l\u2019Europe. Du moins, jusqu\u2019\u00e0 son interdiction du territoire fran\u00e7ais survenue l\u2019an dernier.\u00a0Pavel Durov vient toutefois d\u2019\u00eatre autoris\u00e9 \u00e0 quitter la France m\u00e9tropolitaine pour quatorze jours cons\u00e9cutifs maximum \u00e0 compter du 10 juillet, uniquement\u00a0<a href=\"http:\/\/www.lefigaro.fr\/secteur\/high-tech\/mis-en-examen-le-fondateur-de-telegram-pavel-durov-a-quitte-temporairement-la-france-pour-dubai-20250315\" data-fig-type=\"NewsFlash\" data-gtm-custom-categorie=\"navigation\" data-gtm-custom-action=\"crossclick\" data-gtm-custom-label=\"Contextuel\" data-gtm-event=\"customEventSPE\" data-fig-domain=\"LEFIGARO\" rel=\"nofollow noopener\" target=\"_blank\">pour se rendre \u00e0 Duba\u00ef<\/a>, o\u00f9 r\u00e9sident ses proches et o\u00f9 Telegram poss\u00e8de des bureaux.<\/p>\n","protected":false},"excerpt":{"rendered":"Dans une interview au Point, le milliardaire russe Pavel Durov r\u00e9v\u00e8le qu\u2019il compte diviser sa fortune colossale entre&hellip;\n","protected":false},"author":2,"featured_media":190587,"comment_status":"","ping_status":"","sticky":false,"template":"","format":"standard","meta":{"footnotes":""},"categories":[6],"tags":[1296,1284,1291,1286,35,1285,1287,1289,1290,1288,1292,33,34,1295,1294,1293,638,1011,27,977,32850,973],"class_list":{"0":"post-190586","1":"post","2":"type-post","3":"status-publish","4":"format-standard","5":"has-post-thumbnail","7":"category-economie","8":"tag-accessoires","9":"tag-actu-business","10":"tag-actu-societe","11":"tag-article-business","12":"tag-business","13":"tag-business-au-feminin","14":"tag-business-detox","15":"tag-business-style","16":"tag-business-with-attitute","17":"tag-coaching-carriere","18":"tag-debat","19":"tag-economie","20":"tag-economy","21":"tag-feminin","22":"tag-femme","23":"tag-femmes-influentes","24":"tag-figaro","25":"tag-fr","26":"tag-france","27":"tag-madame","28":"tag-pavel-dourov","29":"tag-people"},"share_on_mastodon":{"url":"https:\/\/pubeurope.com\/@fr\/114714948618425460","error":""},"_links":{"self":[{"href":"https:\/\/www.europesays.com\/fr\/wp-json\/wp\/v2\/posts\/190586","targetHints":{"allow":["GET"]}}],"collection":[{"href":"https:\/\/www.europesays.com\/fr\/wp-json\/wp\/v2\/posts"}],"about":[{"href":"https:\/\/www.europesays.com\/fr\/wp-json\/wp\/v2\/types\/post"}],"author":[{"embeddable":true,"href":"https:\/\/www.europesays.com\/fr\/wp-json\/wp\/v2\/users\/2"}],"replies":[{"embeddable":true,"href":"https:\/\/www.europesays.com\/fr\/wp-json\/wp\/v2\/comments?post=190586"}],"version-history":[{"count":0,"href":"https:\/\/www.europesays.com\/fr\/wp-json\/wp\/v2\/posts\/190586\/revisions"}],"wp:featuredmedia":[{"embeddable":true,"href":"https:\/\/www.europesays.com\/fr\/wp-json\/wp\/v2\/media\/190587"}],"wp:attachment":[{"href":"https:\/\/www.europesays.com\/fr\/wp-json\/wp\/v2\/media?parent=190586"}],"wp:term":[{"taxonomy":"category","embeddable":true,"href":"https:\/\/www.europesays.com\/fr\/wp-json\/wp\/v2\/categories?post=190586"},{"taxonomy":"post_tag","embeddable":true,"href":"https:\/\/www.europesays.com\/fr\/wp-json\/wp\/v2\/tags?post=190586"}],"curies":[{"name":"wp","href":"https:\/\/api.w.org\/{rel}","templated":true}]}}