{"id":190590,"date":"2025-06-20T09:20:09","date_gmt":"2025-06-20T09:20:09","guid":{"rendered":"https:\/\/www.europesays.com\/fr\/190590\/"},"modified":"2025-06-20T09:20:09","modified_gmt":"2025-06-20T09:20:09","slug":"deux-ex-cadres-des-ateliers-jean-nouvel-renvoyes-en-correctionnelle-pour-des-malversations-liberation","status":"publish","type":"post","link":"https:\/\/www.europesays.com\/fr\/190590\/","title":{"rendered":"deux ex-cadres des Ateliers Jean Nouvel renvoy\u00e9s en correctionnelle pour des malversations \u2013 Lib\u00e9ration"},"content":{"rendered":"<p class=\"sc-ksZaOG ehjQrN text-element\">Le proc\u00e8s aura bien lieu et il s\u2019annonce explosif tant il devrait mettre en lumi\u00e8re les pratiques longtemps en vogue au sein d\u2019une des principales agences d\u2019architecture fran\u00e7aises, <a href=\"https:\/\/www.liberation.fr\/idees-et-debats\/editorial\/ateliers-jean-nouvel-larchitecte-le-comptable-et-les-millions-envoles-20250224_DL6GGD4GSFB37H6PJD2TUSGMOE\/?redirected=1\" target=\"_blank\" rel=\"noreferrer noopener\" title=\"https:\/\/www.liberation.fr\/idees-et-debats\/editorial\/ateliers-jean-nouvel-larchitecte-le-comptable-et-les-millions-envoles-20250224_DL6GGD4GSFB37H6PJD2TUSGMOE\/?redirected=1\">les Ateliers Jean Nouvel<\/a> (AJN). \u00abLes investigations ont mis en \u00e9vidence une organisation structur\u00e9e sur plusieurs ann\u00e9es, reposant sur la conclusion de conventions fictives, l\u2019\u00e9tablissement de factures sans prestation r\u00e9elle, des paiements d\u00e9guis\u00e9s et sans contrepartie, la dissimulation de d\u00e9penses personnelles ainsi que des irr\u00e9gularit\u00e9s importantes dans la comptabilit\u00e9\u00bb, note le juge d\u2019instruction dans son ordonnance de renvoi devant le tribunal correctionnel, que Lib\u00e9ration a pu consulter.<\/p>\n<p class=\"sc-ksZaOG ehjQrN text-element\">Au c\u0153ur de cette rocambolesque affaire : celui qui fut pendant dix-sept ans le pr\u00e9sident d\u2019AJN, Michel P\u00e9lissi\u00e9, soup\u00e7onn\u00e9 d\u2019avoir per\u00e7u plus de 13 millions d\u2019euros non justifi\u00e9s. Des fonds provenant de l\u2019agence, ventil\u00e9s gr\u00e2ce \u00e0 des fausses factures, auraient \u00e9galement \u00e9t\u00e9 utilis\u00e9s pour r\u00e9aliser d\u2019importants travaux dans ses propri\u00e9t\u00e9s, acheter \u00e0 prix d\u2019or des milliers de bouteilles de son vignoble bord<\/p>\n","protected":false},"excerpt":{"rendered":"Le proc\u00e8s aura bien lieu et il s\u2019annonce explosif tant il devrait mettre en lumi\u00e8re les pratiques longtemps&hellip;\n","protected":false},"author":2,"featured_media":190591,"comment_status":"","ping_status":"","sticky":false,"template":"","format":"standard","meta":{"footnotes":""},"categories":[4],"tags":[32851,32852,11,21999,31324,1350,18873,4807,24952,1208,10003,32853,32854,3526,1697,32855,32856,59,1011,27,6306,11901,5281,1361,873,32857,12,10542,32858,32859,14196,32860,32861,626,23096,11724,25,32862,3140,31626,32863,32864,32865,32866,510],"class_list":{"0":"post-190590","1":"post","2":"type-post","3":"status-publish","4":"format-standard","5":"has-post-thumbnail","7":"category-france","8":"tag-acoustic","9":"tag-acoustique","10":"tag-actualites","11":"tag-aluminium","12":"tag-architecte","13":"tag-architecture","14":"tag-auditorium","15":"tag-batiment","16":"tag-batiments","17":"tag-building","18":"tag-buildings","19":"tag-cite-de-la-musique","20":"tag-classical","21":"tag-classique","22":"tag-concert","23":"tag-concert-hall","24":"tag-ensemble-intercontemporain","25":"tag-entertainment","26":"tag-fr","27":"tag-france","28":"tag-grand-paris","29":"tag-jean-nouvel","30":"tag-la-villette","31":"tag-music","32":"tag-musique","33":"tag-musique-symphonique","34":"tag-news","35":"tag-nouvel","36":"tag-nouvelle-construction","37":"tag-opening-day","38":"tag-orchestre","39":"tag-orchestre-de-paris","40":"tag-parc-de-la-villette","41":"tag-paris","42":"tag-philharmonie","43":"tag-philharmonie-de-paris","44":"tag-republique-francaise","45":"tag-salle-de-concert","46":"tag-spectacle","47":"tag-studio","48":"tag-studios","49":"tag-symphonic-concert-hall","50":"tag-symphonic-music","51":"tag-symphonique","52":"tag-visite"},"share_on_mastodon":{"url":"","error":"Validation failed: Text character limit of 500 exceeded"},"_links":{"self":[{"href":"https:\/\/www.europesays.com\/fr\/wp-json\/wp\/v2\/posts\/190590","targetHints":{"allow":["GET"]}}],"collection":[{"href":"https:\/\/www.europesays.com\/fr\/wp-json\/wp\/v2\/posts"}],"about":[{"href":"https:\/\/www.europesays.com\/fr\/wp-json\/wp\/v2\/types\/post"}],"author":[{"embeddable":true,"href":"https:\/\/www.europesays.com\/fr\/wp-json\/wp\/v2\/users\/2"}],"replies":[{"embeddable":true,"href":"https:\/\/www.europesays.com\/fr\/wp-json\/wp\/v2\/comments?post=190590"}],"version-history":[{"count":0,"href":"https:\/\/www.europesays.com\/fr\/wp-json\/wp\/v2\/posts\/190590\/revisions"}],"wp:featuredmedia":[{"embeddable":true,"href":"https:\/\/www.europesays.com\/fr\/wp-json\/wp\/v2\/media\/190591"}],"wp:attachment":[{"href":"https:\/\/www.europesays.com\/fr\/wp-json\/wp\/v2\/media?parent=190590"}],"wp:term":[{"taxonomy":"category","embeddable":true,"href":"https:\/\/www.europesays.com\/fr\/wp-json\/wp\/v2\/categories?post=190590"},{"taxonomy":"post_tag","embeddable":true,"href":"https:\/\/www.europesays.com\/fr\/wp-json\/wp\/v2\/tags?post=190590"}],"curies":[{"name":"wp","href":"https:\/\/api.w.org\/{rel}","templated":true}]}}