{"id":190602,"date":"2025-06-20T09:26:10","date_gmt":"2025-06-20T09:26:10","guid":{"rendered":"https:\/\/www.europesays.com\/fr\/190602\/"},"modified":"2025-06-20T09:26:10","modified_gmt":"2025-06-20T09:26:10","slug":"a-toulon-des-citoyens-recompenses-pour-leur-engagement","status":"publish","type":"post","link":"https:\/\/www.europesays.com\/fr\/190602\/","title":{"rendered":"\u00c0 Toulon, des citoyens r\u00e9compens\u00e9s pour leur engagement"},"content":{"rendered":"\n<p>Chaque ann\u00e9e, sur proposition de personnalit\u00e9s du monde associatif et sportif, celles et ceux qui permettent de faire vivre ce tissu essentiel \u00e0 la vie citoyenne se voient r\u00e9compens\u00e9s lors d\u2019une c\u00e9r\u00e9monie port\u00e9e par le service d\u00e9partemental Jeunesse, engagement et sports du Var (SDJES 83). Mercredi, en pr\u00e9fecture du Var, des m\u00e9dailles de bronze, correspondant \u00e0 un engagement de cinq ans, ont ainsi \u00e9t\u00e9 remises \u00e0 37\u00a0acteurs.<\/p>\n<p> Une m\u00e9daille \u00e0 titre posthume\n              <\/p>\n<p>\u00ab\u00a0Vous, b\u00e9n\u00e9voles, constituez une force indispensable dans le champ de la culture du sport et de l\u2019engagement associatif. Vous \u00eates un pilier de la transmission r\u00e9publicaine et faites vivre les valeurs d\u2019\u00e9mancipation, de partage et de vivre ensemble, qui renforcent la coh\u00e9sion de la soci\u00e9t\u00e9. Vous investissez vos forces aupr\u00e8s des jeunes et des plus d\u00e9munis, et montrez le chemin \u00e0 suivre\u00a0\u00bb a salu\u00e9 l\u2019adjoint au pr\u00e9fet, Jean-Baptiste Morinaud, qui a tenu \u00e0 rappeler \u00ab\u00a0la densit\u00e9 exceptionnelle du tissu associatif varois, compos\u00e9 de plus de 30\u00a0000\u00a0associations\u00a0\u00bb.<\/p>\n<p>Parmi les r\u00e9cipiendaires, Myriam Boceiri, adjointe aux sports \u00e0 la mairie de la Seyne, o\u00f9 elle a cr\u00e9\u00e9 le club d\u2019escalade Grimp\u2019Altitude. Engag\u00e9e dans le milieu des sports de combat (judo et jiu-jitsu), elle se dit \u00ab\u00a0honor\u00e9e de la reconnaissance de [son] travail. On essaye de r\u00e9unir autour de cette sph\u00e8re, pour les jeunes comme les plus \u00e2g\u00e9s, car beaucoup de clubs misent aujourd\u2019hui sur le sport sant\u00e9 plut\u00f4t que la comp\u00e9tition. C\u2019est tr\u00e8s important\u00a0\u00bb. De son c\u00f4t\u00e9, Jean-Fran\u00e7ois Briano, enseignant \u00e0 la retraite, engag\u00e9 pendant de nombreuses ann\u00e9es aupr\u00e8s de l\u2019Union sportive des enseignements du premier degr\u00e9, o\u00f9 il a \u0153uvr\u00e9 \u00e0 l\u2019organisation de rencontres sportives en milieu scolaire, se dit \u00ab\u00a0heureux que la soci\u00e9t\u00e9 reconnaisse cet engagement, pour cr\u00e9er de l\u2019\u00e9mulation et montrer que le tissu associatif a son importance dans la soci\u00e9t\u00e9\u00a0\u00bb.<\/p>\n<p>Saluons \u00e9galement la m\u00e9moire d\u2019Odette Bram, disparue en d\u00e9cembre dernier et r\u00e9compens\u00e9e \u00e0 titre posthume pour son engagement dans sa commune de Gonfaron.<\/p>\n","protected":false},"excerpt":{"rendered":"Chaque ann\u00e9e, sur proposition de personnalit\u00e9s du monde associatif et sportif, celles et ceux qui permettent de faire&hellip;\n","protected":false},"author":2,"featured_media":190603,"comment_status":"","ping_status":"","sticky":false,"template":"","format":"standard","meta":{"footnotes":""},"categories":[9619],"tags":[1111,11,12125,1777,674,1011,27,12,882,25,2310],"class_list":{"0":"post-190602","1":"post","2":"type-post","3":"status-publish","4":"format-standard","5":"has-post-thumbnail","7":"category-toulon","8":"tag-actu","9":"tag-actualites","10":"tag-adam-benhammouda","11":"tag-eu","12":"tag-europe","13":"tag-fr","14":"tag-france","15":"tag-news","16":"tag-provence-alpes-cote-dazur","17":"tag-republique-francaise","18":"tag-toulon"},"share_on_mastodon":{"url":"https:\/\/pubeurope.com\/@fr\/114714980031135078","error":""},"_links":{"self":[{"href":"https:\/\/www.europesays.com\/fr\/wp-json\/wp\/v2\/posts\/190602","targetHints":{"allow":["GET"]}}],"collection":[{"href":"https:\/\/www.europesays.com\/fr\/wp-json\/wp\/v2\/posts"}],"about":[{"href":"https:\/\/www.europesays.com\/fr\/wp-json\/wp\/v2\/types\/post"}],"author":[{"embeddable":true,"href":"https:\/\/www.europesays.com\/fr\/wp-json\/wp\/v2\/users\/2"}],"replies":[{"embeddable":true,"href":"https:\/\/www.europesays.com\/fr\/wp-json\/wp\/v2\/comments?post=190602"}],"version-history":[{"count":0,"href":"https:\/\/www.europesays.com\/fr\/wp-json\/wp\/v2\/posts\/190602\/revisions"}],"wp:featuredmedia":[{"embeddable":true,"href":"https:\/\/www.europesays.com\/fr\/wp-json\/wp\/v2\/media\/190603"}],"wp:attachment":[{"href":"https:\/\/www.europesays.com\/fr\/wp-json\/wp\/v2\/media?parent=190602"}],"wp:term":[{"taxonomy":"category","embeddable":true,"href":"https:\/\/www.europesays.com\/fr\/wp-json\/wp\/v2\/categories?post=190602"},{"taxonomy":"post_tag","embeddable":true,"href":"https:\/\/www.europesays.com\/fr\/wp-json\/wp\/v2\/tags?post=190602"}],"curies":[{"name":"wp","href":"https:\/\/api.w.org\/{rel}","templated":true}]}}