{"id":190612,"date":"2025-06-20T09:31:20","date_gmt":"2025-06-20T09:31:20","guid":{"rendered":"https:\/\/www.europesays.com\/fr\/190612\/"},"modified":"2025-06-20T09:31:20","modified_gmt":"2025-06-20T09:31:20","slug":"festival-culinaire-son-et-lumiere-expo-photo-que-faire-a-rouen-en-ce-chaud-week-end-de-juin","status":"publish","type":"post","link":"https:\/\/www.europesays.com\/fr\/190612\/","title":{"rendered":"Festival culinaire, son et lumi\u00e8re, expo photo&#8230; Que faire \u00e0 Rouen en ce chaud week-end de juin\u00a0?"},"content":{"rendered":"<p>            Par<br \/>\n        <strong><br \/>\n            <a href=\"https:\/\/actu.fr\/auteur\/fmass\" title=\"Consulter tous les articles de Fabien Massin\" rel=\"nofollow noopener\" target=\"_blank\">Fabien Massin<\/a><br \/>\n        <\/strong><\/p>\n<p>        Publi\u00e9 le<\/p>\n<p>            20 juin 2025 \u00e0 10h20        <\/p>\n<p>Un beau (<a href=\"https:\/\/actu.fr\/meteo\/gros-coup-de-chaud-en-seine-maritime-des-temperatures-incroyables-sont-attendues_62785300.html\" rel=\"nofollow noopener\" target=\"_blank\">et chaud !<\/a>) week-end s\u2019annonce samedi 21 et dimanche 22 juin 2025.<strong> C\u00f4t\u00e9 sorties<\/strong> \u00e0 <a href=\"https:\/\/actu.fr\/normandie\/rouen_76540\" rel=\"nofollow noopener\" target=\"_blank\">Rouen (Seine-Maritime)<\/a>, il y aura de quoi de faire. Voici une petite s\u00e9lection d\u2019id\u00e9es pour bien profiter de la capitale normande en ce week-end de solstice d\u2019\u00e9t\u00e9.\u00a0<\/p>\n<p>Go\u00fbter des saveurs du monde<\/p>\n<p class=\" wall-content\">Le <a href=\"https:\/\/actu.fr\/normandie\/rouen_76540\/des-menus-entre-chefs-refugies-et-restaurateurs-voici-ce-que-propose-ce-festival-culinaire-a-rouen_62791806.html\" rel=\"nofollow noopener\" target=\"_blank\">Refugee Food Festival<\/a> d\u00e9barque pour la premi\u00e8re fois \u00e0 Rouen\u2009! Port\u00e9 par l\u2019association Food Sweet Food, cet \u00e9v\u00e8nement propose de<strong>s collaborations entre des chefs r\u00e9fugi\u00e9s et des restaurateurs<\/strong>. Le principe est simple\u2009: inviter un chef dans un restaurant afin qu\u2019il pr\u00e9pare des recettes de son pays d\u2019origine.<\/p>\n<p class=\" wall-content\">Ce festival, qui pr\u00f4ne l\u2019insertion des r\u00e9fugi\u00e9s par la cuisine, est \u00e9galement l\u2019occasion de d\u00e9couvrir des saveurs du monde. \u00c7a dure jusqu\u2019\u00e0 ce vendredi.\u00a0<\/p>\n<p>Se laisser happer par des effets d\u2019optique\u00a0<\/p>\n<p class=\" wall-content\">Le spectacle <a href=\"https:\/\/actu.fr\/normandie\/rouen_76540\/un-spectacle-quasi-inedit-a-l-affiche-de-cathedrale-de-lumiere-a-rouen-ce-que-nous-en-avons-pense_62714486.html\" rel=\"nofollow noopener\" target=\"_blank\">Cath\u00e9drale de lumi\u00e8re<\/a> est projet\u00e9<strong> vendredi et samedi soir \u00e0 partir de 23 heures<\/strong> (ce sera tous les soirs en juillet). Au programme : un volet d\u00e9j\u00e0 connu, Vikings, et un second quasi-in\u00e9dit, Optic Gothic. Cr\u00e9\u00e9 par Antoine + Manuel (Antoine Audiau et Manuel Warosz), atelier de cr\u00e9ation graphique et de design, sur fond d\u2019une cr\u00e9ation musicale de<strong> Nikolai Szymanski<\/strong>, il puise son inspiration dans l\u2019Op Art, ou l\u2019art optique, un mouvement artistique n\u00e9 dans les ann\u00e9es 1960 avec l\u2019essor des technologies.<\/p>\n<p class=\" wall-content\">Le r\u00e9sultat : un festival d\u2019effets visuels qui donne l\u2019impression que la cath\u00e9drale se d\u00e9place, vibre ou encore tourbillonne.\u00a0<\/p>\n<p>S\u2019immiscer dans des foyers du monde entier<\/p>\n<p class=\" wall-content\">Sous le nom de \u00ab Mati\u00e8re terrestre \u00bb, Fran\u00e7oise Huguier propose au <strong>Centre photographique<\/strong>, (situ\u00e9 rue de la Chaine, \u00e0 c\u00f4t\u00e9 de la place des Carmes), <a href=\"https:\/\/actu.fr\/normandie\/rouen_76540\/une-nouvelle-exposition-photographique-a-rouen-francoise-huguier-presente-matiere-terrestre_62765094.html\" rel=\"nofollow noopener\" target=\"_blank\">des photos prises dans des lieux d\u2019intimit\u00e9<\/a>, passant de l\u2019Afrique \u00e0 l\u2019Asie. La photographe a cette volont\u00e9 de r\u00e9v\u00e9ler l\u2019\u00e2me des int\u00e9rieurs, de celles et ceux qui y vivent. \u00a0De nature curieuse, elle n\u2019h\u00e9site pas \u00e0 capturer l\u2019organisation de la maison (la cuisine, la salle de bain\u2026) et comment vivent les habitants, au sein de leurs foyers.<strong> \u00c0 voir samedi de 14 heures \u00e0 19 heures<\/strong> (entr\u00e9e gratuite).\u00a0<\/p>\n<p>Vid\u00e9os : en ce moment sur ActuAssister \u00e0 des spectacles de jeunes<\/p>\n<p class=\" wall-content\">Du 2 au 30\u00a0juin 2025,\u00a0le <a href=\"https:\/\/actu.fr\/normandie\/rouen_76540\/a-rouen-le-festival-roulez-jeunesses-est-organise-tout-le-mois-de-juin-2025_62749826.html\" rel=\"nofollow noopener\" target=\"_blank\">festival \u00ab\u2009Roulez jeunesses\u2009\u00bb<\/a>, d\u00e9di\u00e9 aux<strong> pratiques artistiques amateures des jeunes<\/strong>, se produit dans toute la ville. Vous pouvez les retrouver \u00e0 la Halle aux Toiles, au Parc Grammont, au Centre Andr\u00e9-Malraux ou encore \u00e0 la Chapelle Corneille.<\/p>\n<p>Explorer les tr\u00e9sors d\u2019un village pittoresque<\/p>\n<p class=\" wall-content\">Commune du Parc naturel r\u00e9gional des boucles de la Seine, \u00e0 l\u2019ouest de Rouen, <a href=\"https:\/\/actu.fr\/normandie\/saint-martin-de-boscherville_76614\/decouvrez-les-tresors-de-ce-village-entre-seine-et-foret-a-moins-de-30min-de-rouen_61480165.html\" rel=\"nofollow noopener\" target=\"_blank\">Saint-Martin-de-Boscherville<\/a> est l\u2019occasion d\u2019une <strong>sympathique escapade patrimoniale et naturelle<\/strong>. On y vient pour son abbaye romane et ses jardins, mais pas que.\u00a0<\/p>\n<p>Retrouvez \u00e9galement <a href=\"https:\/\/actu.fr\/normandie\/rouen_76540\/les-idees-soirees-de-bar-oscope-a-rouen-on-sort-ou-du-19-au-21-juin_62791944.html\" rel=\"nofollow noopener\" target=\"_blank\">les id\u00e9es soir\u00e9es<\/a> de Bar\u2019Oscope\u00a0Suivez l\u2019actualit\u00e9 de Rouen sur notre <a href=\"https:\/\/www.whatsapp.com\/channel\/0029VaKfnf99hXF2ddApFB1D\" rel=\"nofollow noopener\" target=\"_blank\">cha\u00eene WhatsApp<\/a> et sur notre <a href=\"https:\/\/www.tiktok.com\/@76actu.fr?lang=fr\" rel=\"nofollow noopener\" target=\"_blank\">compte TikTok<\/a><\/p>\n<p class=\" wall-content\">Suivez toute l\u2019actualit\u00e9 de vos villes et m\u00e9dias favoris en vous inscrivant \u00e0 <a href=\"https:\/\/moncompte.actu.fr\" title=\"D\u00e9couvez Mon Actu\" rel=\"nofollow noopener\" data-trk=\"{&quot;cta&quot;:{&quot;action&quot;:&quot;https:\\\/\\\/moncompte.actu.fr&quot;,&quot;category&quot;:&quot;mon compte&quot;,&quot;from&quot;:&quot;article footer&quot;,&quot;name&quot;:&quot;Mon actu&quot;,&quot;type&quot;:&quot;cta&quot;}}\" target=\"_blank\">Mon Actu<\/a>.<\/p>\n<p>                    <script async src=\"\/\/www.tiktok.com\/embed.js\"><\/script><\/p>\n","protected":false},"excerpt":{"rendered":"Par Fabien Massin Publi\u00e9 le 20 juin 2025 \u00e0 10h20 Un beau (et chaud !) week-end s\u2019annonce samedi&hellip;\n","protected":false},"author":2,"featured_media":190613,"comment_status":"","ping_status":"","sticky":false,"template":"","format":"standard","meta":{"footnotes":""},"categories":[9587],"tags":[1111,11,1777,674,1011,27,1652,873,12,5161,1756,25,9590],"class_list":{"0":"post-190612","1":"post","2":"type-post","3":"status-publish","4":"format-standard","5":"has-post-thumbnail","7":"category-rouen","8":"tag-actu","9":"tag-actualites","10":"tag-eu","11":"tag-europe","12":"tag-fr","13":"tag-france","14":"tag-loisirs-culture","15":"tag-musique","16":"tag-news","17":"tag-normandie","18":"tag-photographie","19":"tag-republique-francaise","20":"tag-rouen"},"share_on_mastodon":{"url":"https:\/\/pubeurope.com\/@fr\/114714999852216587","error":""},"_links":{"self":[{"href":"https:\/\/www.europesays.com\/fr\/wp-json\/wp\/v2\/posts\/190612","targetHints":{"allow":["GET"]}}],"collection":[{"href":"https:\/\/www.europesays.com\/fr\/wp-json\/wp\/v2\/posts"}],"about":[{"href":"https:\/\/www.europesays.com\/fr\/wp-json\/wp\/v2\/types\/post"}],"author":[{"embeddable":true,"href":"https:\/\/www.europesays.com\/fr\/wp-json\/wp\/v2\/users\/2"}],"replies":[{"embeddable":true,"href":"https:\/\/www.europesays.com\/fr\/wp-json\/wp\/v2\/comments?post=190612"}],"version-history":[{"count":0,"href":"https:\/\/www.europesays.com\/fr\/wp-json\/wp\/v2\/posts\/190612\/revisions"}],"wp:featuredmedia":[{"embeddable":true,"href":"https:\/\/www.europesays.com\/fr\/wp-json\/wp\/v2\/media\/190613"}],"wp:attachment":[{"href":"https:\/\/www.europesays.com\/fr\/wp-json\/wp\/v2\/media?parent=190612"}],"wp:term":[{"taxonomy":"category","embeddable":true,"href":"https:\/\/www.europesays.com\/fr\/wp-json\/wp\/v2\/categories?post=190612"},{"taxonomy":"post_tag","embeddable":true,"href":"https:\/\/www.europesays.com\/fr\/wp-json\/wp\/v2\/tags?post=190612"}],"curies":[{"name":"wp","href":"https:\/\/api.w.org\/{rel}","templated":true}]}}