{"id":190616,"date":"2025-06-20T09:33:10","date_gmt":"2025-06-20T09:33:10","guid":{"rendered":"https:\/\/www.europesays.com\/fr\/190616\/"},"modified":"2025-06-20T09:33:10","modified_gmt":"2025-06-20T09:33:10","slug":"ce-qui-attend-les-visiteurs-pour-la-reouverture-de-la-tour-perret","status":"publish","type":"post","link":"https:\/\/www.europesays.com\/fr\/190616\/","title":{"rendered":"ce qui attend les visiteurs pour la r\u00e9ouverture de la Tour Perret"},"content":{"rendered":"<p>\t\t\t\t\t\t\t\t\t\t\t<img loading=\"lazy\" decoding=\"async\" width=\"1110\" title=\"Grenoble\u00a0: ce qui attend les visiteurs pour la r\u00e9ouverture de la Tour Perret\" class=\"img-fluid not_lzld mb-3\" src=\"https:\/\/grandgrenoble.alpes1.com\/media\/news\/thumb\/1110x624_grenoble-ce-qui-attend-les-visiteurs-pour-la-reouverture-de-la-tour-perret_6855257ee0824.webp\" alt=\"Grenoble\u00a0: ce qui attend les visiteurs pour la r\u00e9ouverture de la Tour Perret\" itemprop=\"image\" height=\"624\"\/>\t\t\t\t\t\t\t\t\t\t\t\t<\/p>\n<p>Grenoble\u00a0: ce qui attend les visiteurs pour la r\u00e9ouverture de la Tour Perret &#8211; DR<\/p>\n<p itemprop=\"description\"><strong>Cela fait plus de 60 ans qu\u2019elle est ferm\u00e9e, la Tour Perret de Grenoble va rouvrir au public au printemps 2026. Parcours, horaires et tarifs, on en sait plus sur ce qui attendra les visiteurs.<\/strong><\/p>\n<p>Il s\u2019agit du seul vestige de l\u2019exposition internationale de la houille blanche et du tourisme accueillie dans la capitale des Alpes en 1925. Situ\u00e9e au milieu du parc Paul-Mistral, la tour con\u00e7ue par Auguste Perret est en travaux depuis plus d\u2019un an. Un chantier qui s\u2019\u00e9l\u00e8ve \u00e0 plus de quinze millions d\u2019euros qui permettra de donner une seconde vie \u00e0 l\u2019embl\u00e9matique tour.<\/p>\n<p>Ces derniers mois, les travaux ont permis de consolider les huit piliers de la tour, de r\u00e9parer les \u00e9pines des piliers ext\u00e9rieurs et de restaurer les claustras \u00e9cailles \u00e0 cinquante m\u00e8tres de haut, ainsi que les ascenseurs. Une bonne avanc\u00e9e du chantier qui permettra une r\u00e9ouverture au printemps 2026.<\/p>\n<p>Les visiteurs de la tour pourront venir d\u00e9couvrir la tour du mercredi au dimanche, de 10 heures \u00e0 17 heures, entre septembre et mai et du mardi au dimanche, de 10 heures \u00e0 19 heures, entre juin \u00e0 ao\u00fbt. En juin, des nocturnes auront \u00e9galement lieu jusqu\u2019\u00e0 22 heures les vendredis.<\/p>\n<p>Plusieurs parcours seront possibles\u00a0: en autonomie, accompagn\u00e9 par un guide ou un m\u00e9diateur du Mus\u00e9um ou une version sportive avec une mont\u00e9e via les escaliers le dimanche matin.<\/p>\n<p>Il faudra compter 7 euros pour une entr\u00e9e plein tarif et 5 euros en tarif r\u00e9duit. Pour les moins de 5 ans et les b\u00e9n\u00e9ficiaires des minima sociaux, l\u2019entr\u00e9e est gratuite. Les billets seront en vente au mus\u00e9um d\u2019histoire naturelle.<\/p>\n","protected":false},"excerpt":{"rendered":"Grenoble\u00a0: ce qui attend les visiteurs pour la r\u00e9ouverture de la Tour Perret &#8211; DR Cela fait plus&hellip;\n","protected":false},"author":2,"featured_media":190617,"comment_status":"","ping_status":"","sticky":false,"template":"","format":"standard","meta":{"footnotes":""},"categories":[9566],"tags":[1111,11,7733,8279,2430,7736,650,7734,2889,2263,1777,674,1011,27,2731,8280,6417,1114,108,4662,12,3725,1825,25,7737],"class_list":{"0":"post-190616","1":"post","2":"type-post","3":"status-publish","4":"format-standard","5":"has-post-thumbnail","7":"category-grenoble","8":"tag-actu","9":"tag-actualites","10":"tag-alpes","11":"tag-alpes1","12":"tag-auvergne-rhone-alpes","13":"tag-cds","14":"tag-cinema","15":"tag-ecoute","16":"tag-emission","17":"tag-equipe","18":"tag-eu","19":"tag-europe","20":"tag-fr","21":"tag-france","22":"tag-grenoble","23":"tag-haute","24":"tag-information","25":"tag-infos","26":"tag-isere","27":"tag-journal","28":"tag-news","29":"tag-podcast","30":"tag-radio","31":"tag-republique-francaise","32":"tag-winamp"},"share_on_mastodon":{"url":"https:\/\/pubeurope.com\/@fr\/114715007888901701","error":""},"_links":{"self":[{"href":"https:\/\/www.europesays.com\/fr\/wp-json\/wp\/v2\/posts\/190616","targetHints":{"allow":["GET"]}}],"collection":[{"href":"https:\/\/www.europesays.com\/fr\/wp-json\/wp\/v2\/posts"}],"about":[{"href":"https:\/\/www.europesays.com\/fr\/wp-json\/wp\/v2\/types\/post"}],"author":[{"embeddable":true,"href":"https:\/\/www.europesays.com\/fr\/wp-json\/wp\/v2\/users\/2"}],"replies":[{"embeddable":true,"href":"https:\/\/www.europesays.com\/fr\/wp-json\/wp\/v2\/comments?post=190616"}],"version-history":[{"count":0,"href":"https:\/\/www.europesays.com\/fr\/wp-json\/wp\/v2\/posts\/190616\/revisions"}],"wp:featuredmedia":[{"embeddable":true,"href":"https:\/\/www.europesays.com\/fr\/wp-json\/wp\/v2\/media\/190617"}],"wp:attachment":[{"href":"https:\/\/www.europesays.com\/fr\/wp-json\/wp\/v2\/media?parent=190616"}],"wp:term":[{"taxonomy":"category","embeddable":true,"href":"https:\/\/www.europesays.com\/fr\/wp-json\/wp\/v2\/categories?post=190616"},{"taxonomy":"post_tag","embeddable":true,"href":"https:\/\/www.europesays.com\/fr\/wp-json\/wp\/v2\/tags?post=190616"}],"curies":[{"name":"wp","href":"https:\/\/api.w.org\/{rel}","templated":true}]}}