{"id":190618,"date":"2025-06-20T09:34:41","date_gmt":"2025-06-20T09:34:41","guid":{"rendered":"https:\/\/www.europesays.com\/fr\/190618\/"},"modified":"2025-06-20T09:34:41","modified_gmt":"2025-06-20T09:34:41","slug":"du-grand-huit-a-lehpad-les-terrains-de-jeu-du-festival-des-tombees-de-la-nuit-a-rennes","status":"publish","type":"post","link":"https:\/\/www.europesays.com\/fr\/190618\/","title":{"rendered":"Du Grand Huit \u00e0 l\u2019Ehpad\u00a0: les terrains de jeu du festival des Tomb\u00e9es de la nuit, \u00e0 Rennes"},"content":{"rendered":"<p>Un before\u00a0\u00e0 v\u00e9lo\u00a0dans l\u2019agglo<\/p>\n<p>Avant l\u2019heure, ce sera d\u00e9j\u00e0 l\u2019heure pour<a href=\"https:\/\/www.ouest-france.fr\/festivals\/les-tombees-de-la-nuit\/\" target=\"_blank\" rel=\"noopener\"> le festival des Tomb\u00e9es de la nuit 2025<\/a> qui, d\u00e8s le mercredi 25\u00a0juin, compte sur le Galapiat cirque pour chauffer l\u2019ambiance. Entre acrobaties, lancer de couteaux, \u00e9quilibrisme et manipulation d\u2019objets, S\u00e9bastien Wodjan et son complice musicien Madeg Menguy effectueront une tourn\u00e9e \u00e0 v\u00e9lo dans l\u2019agglo, le long des chemins de halage. Leur spectacle en plein air, Les ma\u00eetres du d\u00e9sordre, s\u2019arr\u00eatera le 25, \u00e0 19\u00a0h\u00a030, \u00e0 Pac\u00e9, le samedi\u00a028, \u00e0 12\u00a0h, au Rheu et le mardi 1er\u00a0juillet, \u00e0 19\u00a0h, \u00e0 Laill\u00e9. Chartres-de-Bretagne, le 3\u00a0juillet, et Rennes, le 6, compl\u00e8tent cette tourn\u00e9e \u00e0 la force des mollets.<\/p>\n<p>Joube et son v\u00e9lo-instrument<\/p>\n<p>Les mobilit\u00e9s douces jouent d\u00e9cid\u00e9ment un r\u00f4le moteur dans <a href=\"https:\/\/rennes.maville.com\/info\/info-locale\/video-a-rennes-les-tombees-de-la-nuit-surprennent-aux-quatre-coins-de-la-ville-2d02de32-5cc6-3997-b379-3523cb4bf838\" target=\"_blank\" rel=\"noopener\">ces Tomb\u00e9es de la nuit.<\/a> Le musicien lyonnais Raymond Joubert, alias Joube, d\u00e9barque, lui aussi, \u00e0 v\u00e9lo, depuis les Nuits de Fourvi\u00e8re, \u00e0 Lyon (Rh\u00f4ne), o\u00f9 il s\u2019est produit en concert le 10\u00a0juin.<\/p>\n<p>Son p\u00e9riple s\u2019ach\u00e8vera \u00e0 Rennes, les 3 et 4\u00a0juillet. Cette diagonale de 800\u00a0km, il la parcourt en train, mais aussi en p\u00e9dalant dans le final, jusqu\u2019\u00e0 la sc\u00e8ne. Sa bicyclette est bidouill\u00e9e au point de devenir un v\u00e9ritable instrument de musique, <strong> \u00ab\u00a0un peu comme une guitare \u00e9lectrique qu\u2019on viendrait brancher sur les enceintes\u00a0\u00bb. <\/strong>Il en extrait une musique tendant vers l\u2019\u00e9lectro. Son point de chute, aux Tomb\u00e9es, sera <a href=\"https:\/\/rennes.maville.com\/actu\/actudet_-flippers-jeux-d-arcade...-a-rennes-le-grand-huit-devoile-ses-dernieres-nouveautes-au-public-_7-6741622_actu.Htm\" target=\"_blank\" rel=\"noopener\">le Grand Huit. Cet espace, situ\u00e9 derri\u00e8re la gare de Rennes,<\/a> et d\u00e9di\u00e9 \u00e0 un si\u00e8cle d\u2019arts forains, se veut <strong> \u00ab\u00a0le c\u0153ur battant\u00a0\u00bb <\/strong>du festival.<\/p>\n<p>\t<img decoding=\"async\" src=\"https:\/\/www.europesays.com\/fr\/wp-content\/uploads\/2025\/06\/P35300421D6861223G_px_640_.jpg\" alt=\"photo corinne ernoux et sol\u00e8ne cailleau, de la ko-compagnie, au milieu des man\u00e8ges du grand huit.  \u00a9  ouest-france\" width=\"640\" title=\" Corinne Ernoux et Sol\u00e8ne Cailleau, de la Ko-compagnie, au milieu des man\u00e8ges du Grand Huit.   Ouest-France \"\/><\/p>\n<p class=\"elmt-legende\"> Corinne Ernoux et Sol\u00e8ne Cailleau, de la Ko-compagnie, au milieu des man\u00e8ges du Grand Huit.   Ouest-France <\/p>\n<p>500\u00a0choristes, place du Parlement<\/p>\n<p>L\u2019une des cr\u00e9ations spectaculaires de cette \u00e9dition aura pour cadre la place du Parlement, le 4\u00a0juillet, \u00e0 10\u00a0h\u00a030 et le 5, \u00e0 16\u00a0h. Elle a pour nom Tapis rouge, et rassemblera 500\u00a0choristes, pour moiti\u00e9 d\u2019enfants. Le spectacle, imagin\u00e9 par la Ko-compagnie, est justement d\u00e9di\u00e9 \u00e0 leurs droits. Outre cette chorale XXL, il mobilisera musiciens, danseurs et m\u00eame une marionnette g\u00e9ante. Treize chansons originales sont annonc\u00e9es pour cet <strong> \u00ab\u00a0\u00e9lan de joie et d\u2019amour\u00a0\u00bb.<\/strong><\/p>\n<p>Acrobaties et bain de boue au Thabor<\/p>\n<p>Dans le parc du Thabor, deux spectacles retiennent particuli\u00e8rement l\u2019attention\u00a0: Y\u00e9\u00a0! (l\u2019eau), du 3 au 5\u00a0juillet, r\u00e9unira treize acrobates et danseurs virtuoses de Guin\u00e9e Conakry, et Gadoue, les 5 et 6\u00a0juillet, performance d\u2019une demi-heure o\u00f9 le danseur et jongleur, Nathan Isra\u00ebl, accompagn\u00e9 d\u2019une harpiste, se d\u00e9bat dans la boue. L\u2019artiste multiplie les figures, dr\u00f4les et spectaculaires, au cours d\u2019un show <strong> \u00ab\u00a0r\u00e9gressif\u00a0\u00bb<\/strong> tout public.<\/p>\n<p>Explosion de couleurs \u00e0 l\u2019ancienne prison<\/p>\n<p>Les 4 et 5\u00a0juillet, les murs sombres de l\u2019ancienne prison Jacques-Cartier s\u2019\u00e9gaieront sous l\u2019impulsion de Nanda Suc et Aude Martos. Violent, le spectacle des deux artistes, est d\u00e9crit comme <strong> \u00ab\u00a0d\u00e9jant\u00e9, color\u00e9, explosif\u00a0\u00bb<\/strong>. Cette <strong>\u00ab\u00a0d\u00e9flagration visuelle\u00a0\u00bb<\/strong>, entre rod\u00e9o, kung-fu et majorettes, se d\u00e9roule dans un d\u00e9cor kitsch de f\u00eate foraine. Bref, \u00e7a risque de d\u00e9coiffer \u00e0 Jacques-Cartier.<\/p>\n<p>\u00c0 l\u2019Ehpad, l\u2019hommage \u00e0 Keith Jarrett<\/p>\n<p>Dimanche 6\u00a0juillet, \u00e0 19\u00a0h, les Tomb\u00e9es de la nuit investiront un nouveau lieu, en l\u2019occurrence le jardin de l\u2019Ehpad Saint-Louis, pour une cr\u00e9ation tr\u00e8s attendue de cette \u00e9dition\u00a0: l\u2019hommage du pianiste Melaine Dalibert \u00e0 son homologue, <a href=\"https:\/\/programmetv.ouest-france.fr\/concert\/varietes\/e01-keith-jarrett-trio-au-festival-jazz-de-lugano-c213769734\/\" target=\"_blank\" rel=\"noopener\">grand nom du jazz am\u00e9ricain, Keith Jarrett,<\/a> dont on c\u00e9l\u00e8bre les 50\u00a0ans du mythique album live The K\u00f6ln concert. <strong> \u00ab\u00a0Ce 24\u00a0janvier 1975, Keith Jarrett, en fin de tourn\u00e9e, \u00e9tait \u00e9puis\u00e9 et son concert \u00e0 l\u2019op\u00e9ra de Cologne (Allemagne) a bien failli ne pas avoir lieu, <\/strong>raconte Melaine Dalibert. <strong>Finalement, il livrera, sur sc\u00e8ne, un long solo instrumental qui deviendra le plus vendu de l\u2019histoire du disque.\u00a0\u00bb <\/strong>Les 3,5\u00a0millions d\u2019albums de The K\u00f6ln concert, entre classique, jazz et pop, m\u00e9ritaient bien que Melaine Dalibert en revisite la magie sur la sc\u00e8ne des Tomb\u00e9es.<\/p>\n<p><strong>Programme complet sur le site internet\u00a0:<\/strong> <a href=\"https:\/\/www.lestombeesdelanuit.com\/\" target=\"_blank\" rel=\"noopener\">www.lestombeesdelanuit.com<\/a><\/p>\n<p>\u00a0<\/p>\n","protected":false},"excerpt":{"rendered":"Un before\u00a0\u00e0 v\u00e9lo\u00a0dans l\u2019agglo Avant l\u2019heure, ce sera d\u00e9j\u00e0 l\u2019heure pour le festival des Tomb\u00e9es de la nuit&hellip;\n","protected":false},"author":2,"featured_media":190619,"comment_status":"","ping_status":"","sticky":false,"template":"","format":"standard","meta":{"footnotes":""},"categories":[2821],"tags":[1111,11,829,12216,1777,674,849,1011,27,2515,1197,12,293,584,25,4937,32867,32868],"class_list":{"0":"post-190618","1":"post","2":"type-post","3":"status-publish","4":"format-standard","5":"has-post-thumbnail","7":"category-rennes","8":"tag-actu","9":"tag-actualites","10":"tag-bretagne","11":"tag-ehpad","12":"tag-eu","13":"tag-europe","14":"tag-festival","15":"tag-fr","16":"tag-france","17":"tag-grand","18":"tag-jeu","19":"tag-news","20":"tag-nuit","21":"tag-rennes","22":"tag-republique-francaise","23":"tag-saint-brieuc","24":"tag-terrains","25":"tag-tombees"},"share_on_mastodon":{"url":"https:\/\/pubeurope.com\/@fr\/114715011852496713","error":""},"_links":{"self":[{"href":"https:\/\/www.europesays.com\/fr\/wp-json\/wp\/v2\/posts\/190618","targetHints":{"allow":["GET"]}}],"collection":[{"href":"https:\/\/www.europesays.com\/fr\/wp-json\/wp\/v2\/posts"}],"about":[{"href":"https:\/\/www.europesays.com\/fr\/wp-json\/wp\/v2\/types\/post"}],"author":[{"embeddable":true,"href":"https:\/\/www.europesays.com\/fr\/wp-json\/wp\/v2\/users\/2"}],"replies":[{"embeddable":true,"href":"https:\/\/www.europesays.com\/fr\/wp-json\/wp\/v2\/comments?post=190618"}],"version-history":[{"count":0,"href":"https:\/\/www.europesays.com\/fr\/wp-json\/wp\/v2\/posts\/190618\/revisions"}],"wp:featuredmedia":[{"embeddable":true,"href":"https:\/\/www.europesays.com\/fr\/wp-json\/wp\/v2\/media\/190619"}],"wp:attachment":[{"href":"https:\/\/www.europesays.com\/fr\/wp-json\/wp\/v2\/media?parent=190618"}],"wp:term":[{"taxonomy":"category","embeddable":true,"href":"https:\/\/www.europesays.com\/fr\/wp-json\/wp\/v2\/categories?post=190618"},{"taxonomy":"post_tag","embeddable":true,"href":"https:\/\/www.europesays.com\/fr\/wp-json\/wp\/v2\/tags?post=190618"}],"curies":[{"name":"wp","href":"https:\/\/api.w.org\/{rel}","templated":true}]}}