{"id":190620,"date":"2025-06-20T09:35:53","date_gmt":"2025-06-20T09:35:53","guid":{"rendered":"https:\/\/www.europesays.com\/fr\/190620\/"},"modified":"2025-06-20T09:35:53","modified_gmt":"2025-06-20T09:35:53","slug":"que-sest-il-passe-a-la-prison-de-rennes-ou-un-homme-a-ete-sauvagement-tue-par-son-codetenu-2","status":"publish","type":"post","link":"https:\/\/www.europesays.com\/fr\/190620\/","title":{"rendered":"Que s\u2019est-il pass\u00e9 \u00e0 la prison de Rennes o\u00f9 un homme a \u00e9t\u00e9 sauvagement tu\u00e9 par son cod\u00e9tenu ?"},"content":{"rendered":"<p><strong>PRISON &#8211; Un jeune homme de 25 ans est d\u00e9c\u00e9d\u00e9 samedi dans sa cellule au centre p\u00e9nitentiaire de Rennes-Vezin. Son cod\u00e9tenu est suspect\u00e9 de l\u2019avoir frapp\u00e9 \u00e0 mort ne supportant plus son incontinence f\u00e9cale<\/strong><\/p>\n<p>Il a perdu la vie derri\u00e8re les murs <a href=\"https:\/\/www.20minutes.fr\/dossier\/prison?at_medium=RSS%20feed&amp;at_campaign=ynews&amp;utm_source=yahoo&amp;utm_medium=rss&amp;utm_campaign=news_feed&amp;utm_content=in_article_link\" rel=\"nofollow noopener\" target=\"_blank\" data-ylk=\"slk:d\u2019une prison;elm:context_link;itc:0;sec:content-canvas\" class=\"link \">d\u2019une prison<\/a>. Samedi 14 juin, Alexis, un jeune homme de 25 ans, a \u00e9t\u00e9 retrouv\u00e9 mort dans sa cellule au centre-p\u00e9nitentiaire de Rennes-Vezin. Selon les premiers \u00e9l\u00e9ments de l\u2019enqu\u00eate, <a href=\"https:\/\/www.20minutes.fr\/faits_divers\/faits-divers-rennes\/4159186-20250618-rennes-homme-accuse-avoir-tue-codetenu-souffrait-incontinence-fecale?at_medium=RSS%20feed&amp;at_campaign=ynews&amp;utm_source=yahoo&amp;utm_medium=rss&amp;utm_campaign=news_feed&amp;utm_content=in_article_link\" rel=\"nofollow noopener\" target=\"_blank\" data-ylk=\"slk:il aurait \u00e9t\u00e9 sauvagement frapp\u00e9 par son cod\u00e9t\u00e9nu;elm:context_link;itc:0;sec:content-canvas\" class=\"link \">il aurait \u00e9t\u00e9 sauvagement frapp\u00e9 par son cod\u00e9t\u00e9nu<\/a>. \u00c2g\u00e9 de 26 ans, ce dernier a \u00e9t\u00e9 mis en examen pour meurtre aggrav\u00e9 par des actes de torture et de barbarie. 20 Minutes fait le point sur cette sordide affaire.<\/p>\n<p>Que s\u2019est-il pass\u00e9 samedi au centre p\u00e9nitentiaire de Rennes-Vezin ?<\/p>\n<p>Le corps sans vie du d\u00e9tenu a \u00e9t\u00e9 d\u00e9couvert samedi apr\u00e8s-midi par des surveillants. <a href=\"https:\/\/www.20minutes.fr\/dossier\/autopsie?at_medium=RSS%20feed&amp;at_campaign=ynews&amp;utm_source=yahoo&amp;utm_medium=rss&amp;utm_campaign=news_feed&amp;utm_content=in_article_link\" rel=\"nofollow noopener\" target=\"_blank\" data-ylk=\"slk:Un examen du corps;elm:context_link;itc:0;sec:content-canvas\" class=\"link \">Un examen du corps<\/a> r\u00e9alis\u00e9 par un m\u00e9decin l\u00e9giste \u00ab a permis de constater que le d\u00e9funt pr\u00e9sentait de nombreuses l\u00e9sions au visage, notamment aux yeux, au tronc et aux jambes, des br\u00fblures aux pieds et dans le dos ainsi que les signes de fractures de c\u00f4tes et d\u2019un pneumothorax \u00bb, selon Fr\u00e9d\u00e9ric Teillet, procureur de la R\u00e9publique de Rennes.<\/p>\n<p>Imm\u00e9diatement plac\u00e9 en garde \u00e0 vue, <a href=\"https:\/\/www.20minutes.fr\/dossier\/detenus?at_medium=RSS%20feed&amp;at_campaign=ynews&amp;utm_source=yahoo&amp;utm_medium=rss&amp;utm_campaign=news_feed&amp;utm_content=in_article_link\" rel=\"nofollow noopener\" target=\"_blank\" data-ylk=\"slk:son cod\u00e9tenu;elm:context_link;itc:0;sec:content-canvas\" class=\"link \">son cod\u00e9tenu<\/a> a reconnu les faits. Ce d\u00e9cha\u00eenement de violence serait li\u00e9 \u00e0 l\u2019incontinence f\u00e9cale dont souffrait la victime, qui se retrouvait r\u00e9guli\u00e8rement avec des excr\u00e9ments sur elle. \u00ab Ne supportant pas les odeurs, le gard\u00e9 \u00e0 vue indique avoir demand\u00e9 \u00e0 changer de cellule et commis des violences depuis plusieurs jours et plus encore le 14 juin \u00bb, pr\u00e9cise le parquet.<\/p>\n<p>Que sait-on du suspect ?<\/p>\n<p>Originaire de Nantes, le cod\u00e9tenu a \u00e9t\u00e9 mis en examen pour meurtre aggrav\u00e9 par des actes de torture et de barbarie avant d\u2019\u00eatre transf\u00e9r\u00e9 dans(&#8230;)<\/p>\n<p><a href=\"https:\/\/www.20minutes.fr\/faits_divers\/faits-divers-rennes\/4159301-20250619-passe-prison-rennes-homme-sauvagement-tue-codetenu?at_medium=RSS%20feed&amp;at_campaign=ynews&amp;utm_source=yahoo&amp;utm_medium=rss&amp;utm_campaign=news_feed&amp;utm_content=read_more_link\" rel=\"nofollow noopener\" target=\"_blank\" data-ylk=\"slk:Lire la suite sur 20minutes;elm:context_link;itc:0;sec:content-canvas\" class=\"link \">Lire la suite sur 20minutes<\/a><\/p>\n<p>\u00c0 lire aussi :<br \/><a href=\"https:\/\/www.20minutes.fr\/faits_divers\/4159207-20250618-suisse-tue-ex-femme-beaux-parents-avant-tenter-recuperer-fils-ecole?at_medium=RSS%20feed&amp;at_campaign=ynews&amp;utm_source=yahoo&amp;utm_medium=rss&amp;utm_campaign=news_feed&amp;utm_content=related_content_link\" rel=\"nofollow noopener\" target=\"_blank\" data-ylk=\"slk:Suisse : Il tue son ex-femme et ses beaux-parents avant de tenter de r\u00e9cup\u00e9rer son fils \u00e0 l\u2019\u00e9cole;elm:context_link;itc:0;sec:content-canvas\" class=\"link \">Suisse : Il tue son ex-femme et ses beaux-parents avant de tenter de r\u00e9cup\u00e9rer son fils \u00e0 l\u2019\u00e9cole<\/a><br \/><a href=\"https:\/\/www.20minutes.fr\/faits_divers\/4158958-20250617-montlucon-homme-etat-grave-apres-avoir-torture-quatre-suspects-arretes?at_medium=RSS%20feed&amp;at_campaign=ynews&amp;utm_source=yahoo&amp;utm_medium=rss&amp;utm_campaign=news_feed&amp;utm_content=related_content_link\" rel=\"nofollow noopener\" target=\"_blank\" data-ylk=\"slk:Montlu\u00e7on : Un homme dans un \u00e9tat grave apr\u00e8s avoir \u00e9t\u00e9 tortur\u00e9, quatre suspects arr\u00eat\u00e9s;elm:context_link;itc:0;sec:content-canvas\" class=\"link \">Montlu\u00e7on : Un homme dans un \u00e9tat grave apr\u00e8s avoir \u00e9t\u00e9 tortur\u00e9, quatre suspects arr\u00eat\u00e9s<\/a><\/p>\n","protected":false},"excerpt":{"rendered":"PRISON &#8211; Un jeune homme de 25 ans est d\u00e9c\u00e9d\u00e9 samedi dans sa cellule au centre p\u00e9nitentiaire de&hellip;\n","protected":false},"author":2,"featured_media":190621,"comment_status":"","ping_status":"","sticky":false,"template":"","format":"standard","meta":{"footnotes":""},"categories":[2821],"tags":[1111,11,829,9803,32870,1777,674,1011,27,32869,12,3764,584,25,20834],"class_list":{"0":"post-190620","1":"post","2":"type-post","3":"status-publish","4":"format-standard","5":"has-post-thumbnail","7":"category-rennes","8":"tag-actu","9":"tag-actualites","10":"tag-bretagne","11":"tag-centre-penitentiaire","12":"tag-codetenu","13":"tag-eu","14":"tag-europe","15":"tag-fr","16":"tag-france","17":"tag-incontinence-fecale","18":"tag-news","19":"tag-procureur-de-la-republique","20":"tag-rennes","21":"tag-republique-francaise","22":"tag-son-fils"},"share_on_mastodon":{"url":"https:\/\/pubeurope.com\/@fr\/114715019482910672","error":""},"_links":{"self":[{"href":"https:\/\/www.europesays.com\/fr\/wp-json\/wp\/v2\/posts\/190620","targetHints":{"allow":["GET"]}}],"collection":[{"href":"https:\/\/www.europesays.com\/fr\/wp-json\/wp\/v2\/posts"}],"about":[{"href":"https:\/\/www.europesays.com\/fr\/wp-json\/wp\/v2\/types\/post"}],"author":[{"embeddable":true,"href":"https:\/\/www.europesays.com\/fr\/wp-json\/wp\/v2\/users\/2"}],"replies":[{"embeddable":true,"href":"https:\/\/www.europesays.com\/fr\/wp-json\/wp\/v2\/comments?post=190620"}],"version-history":[{"count":0,"href":"https:\/\/www.europesays.com\/fr\/wp-json\/wp\/v2\/posts\/190620\/revisions"}],"wp:featuredmedia":[{"embeddable":true,"href":"https:\/\/www.europesays.com\/fr\/wp-json\/wp\/v2\/media\/190621"}],"wp:attachment":[{"href":"https:\/\/www.europesays.com\/fr\/wp-json\/wp\/v2\/media?parent=190620"}],"wp:term":[{"taxonomy":"category","embeddable":true,"href":"https:\/\/www.europesays.com\/fr\/wp-json\/wp\/v2\/categories?post=190620"},{"taxonomy":"post_tag","embeddable":true,"href":"https:\/\/www.europesays.com\/fr\/wp-json\/wp\/v2\/tags?post=190620"}],"curies":[{"name":"wp","href":"https:\/\/api.w.org\/{rel}","templated":true}]}}