{"id":190622,"date":"2025-06-20T09:36:20","date_gmt":"2025-06-20T09:36:20","guid":{"rendered":"https:\/\/www.europesays.com\/fr\/190622\/"},"modified":"2025-06-20T09:36:20","modified_gmt":"2025-06-20T09:36:20","slug":"pierre-jakubowicz-imagine-strasbourg-en-grand-avec-son-programme","status":"publish","type":"post","link":"https:\/\/www.europesays.com\/fr\/190622\/","title":{"rendered":"Pierre Jakubowicz imagine \u00ab Strasbourg en grand \u00bb avec son programme"},"content":{"rendered":"<p class=\"p1\"><b>\u00c0 moins de 300 jours des municipales, il est d\u00e9sormais temps pour Pierre Jakubowicz de penser \u00ab Strasbourg en grand \u00bb. M\u00eame s\u2019il n\u2019est pas encore officiellement candidat, le conseiller municipal d\u2019opposition pr\u00e9sente sa strat\u00e9gie \u00e9conomique. Au programme : mois de l\u2019Europe, forfait de stationnement pour l\u2019ensemble des salari\u00e9(e)s, nouveaux parkings, culture, moins d\u2019\u00e9ph\u00e9m\u00e8re et plus de fonds europ\u00e9ens. Pr\u00e9sentation.<\/b><\/p>\n<p class=\"p1\">Brique par brique, <b>Pierre Jakubowicz construit patiemment son projet pour les municipales de 2026, bien qu\u2019il soutient mordicus qu\u2019il n\u2019y est pas (encore) candidat<\/b>. Apr\u00e8s <a href=\"https:\/\/pokaa.fr\/2023\/11\/15\/sans-tram-nord-projet-alternatif-de-lopposition-strasbourgeoise-pour-lavenue-des-vosges-2023\/\" target=\"_blank\" rel=\"noopener\">le tram avenue des Vosges<\/a> et <a href=\"https:\/\/pokaa.fr\/2024\/11\/26\/curiosite-politique-pierre-jakubowicz-veut-creer-12-kiosques-dans-les-quartiers-de-strasbourg\/\" target=\"_blank\" rel=\"noopener\">les Koeurs de quartier<\/a>, le conseiller municipal d\u2019opposition s\u2019est dot\u00e9 de d\u00e9l\u00e9gu\u00e9(e)s de quartier, visant \u00e0 quadriller toute la ville.<\/p>\n<p>                <a href=\"https:\/\/pokaa.fr\/2025\/04\/06\/municipales-2026-a-strasbourg-pierre-jakubowicz-mise-sur-25-deleguees-dans-les-quartiers\/\" target=\"_blank\" rel=\"noopener\"><br \/>\n                    <img width=\"450\" height=\"270\" src=\"https:\/\/www.europesays.com\/fr\/wp-content\/uploads\/2025\/06\/1-1-450x270.png\" class=\"attachment-card-horizontal--same-subject size-card-horizontal--same-subject wp-post-image\" alt=\"\" decoding=\"async\" loading=\"lazy\"\/>                <\/a><\/p>\n<p>D\u00e9sormais, <b>il est temps de rentrer un peu plus dans ce qui pourrait ressembler \u00e0 un programme, tout particuli\u00e8rement sur le volet \u00e9conomique<\/b>. Alors que les comptes de la municipalit\u00e9 ont \u00e9t\u00e9 pass\u00e9s au crible par la chambre r\u00e9gionale des comptes [et qu\u2019ils seront discut\u00e9s au prochain conseil municipal, ndlr], l\u2019\u00e9lu Horizons muscle son jeu et se prend \u00e0 r\u00eaver \u00ab Strasbourg en grand \u00bb, comme il nous l\u2019explique sur plus d\u2019une heure d\u2019entretien au QG de son mouvement, au Neudorf.<\/p>\n<p>    <img width=\"800\" height=\"600\" src=\"https:\/\/www.europesays.com\/fr\/wp-content\/uploads\/2025\/04\/img-7934-grande-800x600.jpeg\" class=\"attachment-image-size-L size-image-size-L\" alt=\"pierre jakubowicz\" decoding=\"async\" loading=\"lazy\"  \/>         \u00a9 Nicolas Kaspar \/ Pokaa <\/p>\n<p>\u00ab\u00a0Strasbourg en grand\u00a0\u00bb : une bonne dose d\u2019optimisme\u2026 et un fonds FIERT\u00c9<\/p>\n<p class=\"p1\">Avant de passer dans le concret des propositions, attardons-nous un moment sur l\u2019expression \u00ab Strasbourg en grand \u00bb. <b>Pour Pierre Jakubowicz, cela signifie \u00ab mobiliser tous les moyens en notre possession et saisir toutes les opportunit\u00e9s possibles pour renforcer Strasbourg et nos acteurs locaux \u00bb. <\/b>Le tout, avec trois piliers : (re)faire de Strasbourg une ville propre et s\u00fbre, soutenir les acteurs locaux et (re)faire rayonner Strasbourg en tant que capitale europ\u00e9enne.<\/p>\n<p class=\"p1\"><b>Des piliers que n\u2019a pas su exploiter Jeanne Barseghian selon le conseiller d\u2019opposition, d\u00e9plorant les \u00ab\u00a0occasions manqu\u00e9es\u00a0\u00bb<\/b> durant le mandat \u00e9cologiste. P\u00eale-m\u00eale, il cite le refus de la Fondation Gandur de s\u2019implanter \u00e0 Strasbourg, de ne pas avoir candidat\u00e9 au label Strasbourg Capitale de la d\u00e9mocratie en 2020 ou \u00e0 l\u2019appel \u00ab Ville neutre en carbone \u00bb de la Commission europ\u00e9enne qui aurait pu rapporter 30 millions d\u2019euros \u00e0 la ville en 2022. Ainsi, avec \u00ab Strasbourg en grand \u00bb, Pierre Jakubowicz souhaite donner \u00e0 la ville les moyens de \u00ab nous autoriser \u00e0 nouveau \u00e0 \u00e9tonner, \u00e0 \u00eatre audacieux, \u00e0 rayonner, \u00e0 faire parler de nous pour de bonnes raisons. \u00bb<\/p>\n<blockquote><p>\n        On peut, sans augmenter la dette et sans augmenter les imp\u00f4ts, faire plus pour l&rsquo;ensemble des acteurs du territoire sur ces enjeux de transition et d\u2019innovation.    <\/p><\/blockquote>\n<p>            Pierre Jakubowicz<\/p>\n<p class=\"p1\">Une large dose d\u2019optimisme et de bonne volont\u00e9, alors que Strasbourg fait face \u00e0 une conjoncture compliqu\u00e9e. Mais qui ne doit pas ternir la volont\u00e9 de continuer \u00e0 investir pour faire rayonner la ville. Sauf que, dans la tradition du centre et de la droite, <b>les projets d\u2019investissement de Pierre Jakubowicz ne reposeront pas beaucoup sur la dette ou sur l\u2019imp\u00f4t<\/b>. \u00c0 la place, il souhaite non seulement \u00ab mettre fin au gadget et \u00e0 l\u2019\u00e9ph\u00e9m\u00e8re \u00bb mais il vise surtout \u00e0 une meilleure utilisation des fonds europ\u00e9ens, comme le Contrat triennal, ou sa nouvelle id\u00e9e : le fonds FIERT\u00c9, pour Fonds pour l\u2019innovation, l\u2019\u00e9conomie, le rayonnement, les transitions et l\u2019Europe.<\/p>\n<p class=\"p1\"><b>Un fonds qui serait principalement financ\u00e9 par la capitalisation d\u2019acteurs publics comme les SEM et des SPL<\/b>. Et dont les investissements seraient destin\u00e9s \u00ab\u00a0\u00e0 tous ceux qui contribuent \u00e0 l\u2019attractivit\u00e9, donc autant aux associations qu\u2019aux acteurs de l\u2019\u00e9conomie sociale et solidaire, les acteurs sportifs et culturels, du num\u00e9rique, commerce, entreprise, artisans et tous les acteurs de la transition \u00e9cologique.\u00a0\u00bb Interrog\u00e9 sur le fait que ce fonds se substituerait \u00e0 l\u2019investissement de la collectivit\u00e9, Pierre Jakubowicz r\u00e9fute, assurant \u00ab\u00a0qu\u2019il ne remplacerait pas mais viendrait en compl\u00e9ment.\u00a0\u00bb<\/p>\n<p>    <img width=\"450\" height=\"600\" src=\"https:\/\/www.europesays.com\/fr\/wp-content\/uploads\/2025\/06\/img-1701-2-450x600.jpg\" class=\"attachment-image-size-M size-image-size-M\" alt=\"jakubowicz\" decoding=\"async\" loading=\"lazy\"  \/>         \u00a9\u00a0Strasbourg on y croit \/ Document remis <\/p>\n<p>La grande proposition : un mois de l\u2019Europe \u00e0 Strasbourg pour faire rayonner la ville et sa culture<\/p>\n<p class=\"p1\">On l\u2019a compris, <strong>\u00ab Strasbourg en grand \u00bb, en somme, c\u2019est pour le moment lutter contre la conjoncture et la sinistrose ambiante, en se concentrant sur quelques priorit\u00e9s<\/strong>. Quand on entend Pierre Jakubowicz d\u00e9voiler les premi\u00e8res propositions d\u2019un potentiel programme politique, comme souvent, les yeux brillent encore plus fort lorsqu\u2019il s\u2019agit de parler de Strasbourg capitale europ\u00e9enne.<\/p>\n<p class=\"p1\">C\u2019est d\u2019ailleurs une de ses plus grandes propositions : <b>ne plus seulement organiser une journ\u00e9e de l\u2019Europe \u00e0 Strasbourg, mais faire du mois de mai \u00ab\u00a0le mois de l\u2019Europe\u00a0\u00bb<\/b>. Aujourd\u2019hui, selon Pierre Jakubowicz, \u00ab il n\u2019y a quasiment absolument rien qui distingue la fa\u00e7on dont Strasbourg c\u00e9l\u00e8bre le mois de l\u2019Europe de l\u2019ensemble des autres grandes villes fran\u00e7aises. Or, quand on est capitale de quelque chose, vous \u00eates cens\u00e9s \u00eatre le centre de toutes les attentions et avoir un rayonnement et un impact beaucoup plus fort. \u00bb <\/p>\n<blockquote><p>\n        Dans une Europe o\u00f9 il y a 23 langues officielles, le langage universel, c&rsquo;est la culture, c&rsquo;est la musique, c&rsquo;est la cr\u00e9ation.    <\/p><\/blockquote>\n<p>            Pierre Jakubowicz<\/p>\n<p class=\"p1\"><b>Il compte donc y rem\u00e9dier, souhaitant d\u2019abord faire du 9 mai \u00e0 Strasbourg \u00ab\u00a0l\u2019\u00e9quivalent du 14 juillet \u00e0 Paris\u00a0\u00bb, avec un grand d\u00e9fil\u00e9, une cavalcade et un concert <\/b>\u00ab\u00a0avec des artistes venus de toute l\u2019Europe, de toutes les esth\u00e9tiques pour vraiment \u00eatre une convergence culturelle\u00a0\u00bb. Il compte m\u00eame organiser un grand feu d\u2019artifice tir\u00e9 depuis le bassin devant le Parlement europ\u00e9en, afin de mettre en valeur les institutions europ\u00e9ennes et que \u00ab l\u2019ensemble des citoyens s\u2019approprient le moment \u00bb.<\/p>\n<p class=\"p1\">Autour de cette journ\u00e9e, Pierre Jakubowicz voit donc plus grand, <b>souhaitant organiser un mois de l\u2019Europe, sorte de second temps fort dans l\u2019ann\u00e9e strasbourgeoise apr\u00e8s le march\u00e9 de No\u00ebl<\/b>. \u00ab\u00a0Une vraie ambition culturelle\u00a0\u00bb selon l\u2019\u00e9lu d\u2019opposition, qui souhaite que \u00ab Strasbourg soit vraiment la convergence de toutes les cultures europ\u00e9ennes avec des grandes expositions qui attirent toute l\u2019Europe \u00bb. Pour cela, il compte se donner les moyens de ses ambitions, en allant discuter avec des mus\u00e9es des 27 pays europ\u00e9ens pour que chaque ann\u00e9e, ils puissent pr\u00eater des \u0153uvres.<\/p>\n<p>    <img width=\"800\" height=\"533\" src=\"https:\/\/www.europesays.com\/fr\/wp-content\/uploads\/2025\/06\/dsc01051.jpg\" class=\"attachment-image-size-L size-image-size-L\" alt=\"parlement europ\u00e9en strasbourg\" decoding=\"async\" loading=\"lazy\"  \/>         \u00a9 Hugo Favre &#8211; Napoli \/ Pokaa <\/p>\n<p>Les autres premi\u00e8res id\u00e9es : \u00ab\u00a0aller du petit au plus grand\u00a0\u00bb<\/p>\n<p class=\"p1\">Au-del\u00e0 de sa vision europ\u00e9enne et culturelle, Pierre Jakubowicz a d\u00e9j\u00e0 plusieurs id\u00e9es pour mettre en application sa volont\u00e9 de penser \u00ab Strasbourg en grand \u00bb. <strong>Dans ses propositions, le conseiller municipal d\u2019opposition souhaite \u00ab\u00a0aller du petit au plus grand\u00a0\u00bb car, selon lui, \u00ab\u00a0l\u2019attractivit\u00e9 d\u2019une ville c\u2019est la somme de tous les acteurs qui la rendent dynamique et agr\u00e9able \u00e0 vivre\u00a0\u00bb<\/strong>. Dans le d\u00e9tail, et sans \u00eatre exhaustif :<\/p>\n<ul class=\"ul1\">\n<li class=\"li1\"><b>Mettre en place un forfait stationnement de 15 \u20ac par mois pour les professionnel(le)s et les responsables associatifs\/ves<\/b>. Une fa\u00e7on de mettre fin \u00e0 \u00ab\u00a0l\u2019usine \u00e0 gaz\u00a0\u00bb qu\u2019est le syst\u00e8me actuel selon Pierre Jakubowicz.<\/li>\n<\/ul>\n<p>                <a href=\"https:\/\/pokaa.fr\/2023\/11\/15\/strasbourg-la-ville-assouplit-le-stationnement-pour-les-professionnelles-et-salariees2023\/\" target=\"_blank\" rel=\"noopener\"><br \/>\n                    <img width=\"360\" height=\"270\" src=\"https:\/\/www.europesays.com\/fr\/wp-content\/uploads\/2025\/06\/politique-de-stationnement-voitures-5.jpg\" class=\"attachment-card-horizontal--same-subject size-card-horizontal--same-subject wp-post-image\" alt=\"Voitures stationnement\" decoding=\"async\" loading=\"lazy\"  \/>                <\/a><\/p>\n<ul class=\"ul1\">\n<li class=\"li1\"><b>Cr\u00e9er une brigade de propret\u00e9 urbaine et renforcer les moyens et les effectifs de la police municipale<\/b> \u00ab pour faire face aux nouveaux enjeux de tranquillit\u00e9 et de s\u00e9curit\u00e9 sur l\u2019espace public \u00bb.<\/li>\n<li class=\"li1\">Faire de Strasbourg le \u00ab\u00a0carnaval des carnavals\u00a0\u00bb. Dans la m\u00eame logique que le mois de l\u2019Europe, <b>Pierre Jakubowicz souhaite dynamiser le carnaval de Strasbourg en le transformant en \u00ab\u00a0point de rencontre et de convergence de tous les carnavals rh\u00e9nans existants<\/b>, avec un grand d\u00e9fil\u00e9 avec des repr\u00e9sentants de tous ces autres carnavals, et ensuite une grande f\u00eate et une grande rencontre.\u00a0\u00bb<\/li>\n<\/ul>\n<p>    <img width=\"800\" height=\"533\" src=\"https:\/\/www.europesays.com\/fr\/wp-content\/uploads\/2025\/06\/carnaval-45-800x533.jpg\" class=\"attachment-image-size-L size-image-size-L\" alt=\"Carnaval (45) dragon\" decoding=\"async\" loading=\"lazy\"  \/>         \u00a9 Marie Goehner-David \/ Pokaa <\/p>\n<blockquote><p>\n        Il faut mettre fin \u00e0 ce qui peut \u00eatre gadget et \u00e9ph\u00e9m\u00e8re pour pouvoir \u00e0 nouveau financer les projets d&rsquo;une mani\u00e8re durable.    <\/p><\/blockquote>\n<p>            Pierre Jakubowicz<\/p>\n<ul class=\"ul1\">\n<li class=\"li1\"><b>Am\u00e9liorer l\u2019accessibilit\u00e9 en ville, en cr\u00e9ant trois ou quatre nouveaux parkings<\/b>. Si \u00ab\u00a0le but n\u2019est pas de remettre la voiture partout\u00a0\u00bb, Pierre Jakubowicz souhaite identifier trois ou quatre portes principales d\u2019acc\u00e8s \u00e0 Strasbourg, \u00ab qui soient li\u00e9es directement \u00e0 des parkings en ouvrage pour qu\u2019on puisse facilement acc\u00e9der \u00e0 la ville \u00bb. Exemples : <b>secteur des Halles, secteur de la Gare, secteur de l\u2019\u00c9toile et place de Haguenau<\/b> [des secteurs o\u00f9 existent d\u00e9j\u00e0 un ou plusieurs parkings, sauf place de Haguenau, ndlr]. Sur ce dernier, il souhaiterait \u00ab un parking de plusieurs centaines de places potentiellement accessible directement par un souterrain depuis les sorties d\u2019autoroute de la place \u00bb.<\/li>\n<li class=\"li1\"><b>Imaginer un p\u00f4le municipal et eurom\u00e9tropolitain de recherche et d\u2019innovation<\/b>. Alors que Strasbourg est d\u00e9j\u00e0 une terre d\u2019innovation, Pierre Jakubowicz souhaite aller plus loin en cr\u00e9ant une structure, dont la forme n\u2019est pas encore arr\u00eat\u00e9e juridiquement, liant les collectivit\u00e9s, la recherche publique et priv\u00e9e, l\u2019Universit\u00e9, les start-ups, les laboratoires et les entreprises.<\/li>\n<li class=\"li1\"><b>Organiser chaque ann\u00e9e un \u00ab\u00a0Davos de l\u2019Europe de demain\u00a0\u00bb \u00e0 Strasbourg<\/b>. Une sorte de forum qui porterait sur une th\u00e9matique pr\u00e9cise et qui r\u00e9unirait les dirigeant(e)s politiques, les acteurs\/rices des think-tanks, des m\u00e9dias, les grands responsables associatifs et des O.N.G.. Une fa\u00e7on de \u00ab replacer Strasbourg sur la carte politique et la faire exister \u00e0 nouveau dans les cercles de d\u00e9cideurs \u00bb. Un projet qui pourrait b\u00e9n\u00e9ficier au tissu local, puisque cela engendrerait \u00ab de potentielles retomb\u00e9es \u00e9conomiques aux petits artisans, aux petits prestataires et aux petits commer\u00e7ants \u00bb.<\/li>\n<\/ul>\n<p>    <img width=\"800\" height=\"600\" src=\"https:\/\/www.europesays.com\/fr\/wp-content\/uploads\/2025\/06\/img-7184-grande-800x600.jpeg\" class=\"attachment-image-size-L size-image-size-L\" alt=\"parking P3 halles\" decoding=\"async\" loading=\"lazy\"  \/>         \u00a9 Nicolas Kaspar \/ Pokaa <\/p>\n<p>Pour 2026, il faudra un \u00ab\u00a0maire strat\u00e8ge\u00a0\u00bb et non un \u00ab\u00a0maire militant sans \u00e9coute\u00a0\u00bb\u2026 Ce sera lui ?<\/p>\n<p class=\"p1\">Toutes ces propositions ne sont pas grav\u00e9es dans le marbre et seront soumises au d\u00e9bat public selon Pierre Jakubowicz. Mais elles donnent d\u00e9j\u00e0 une id\u00e9e du type de maire que le conseiller d\u2019opposition serait, s\u2019il d\u00e9cidait de se pr\u00e9senter : <b>un \u00ab\u00a0maire strat\u00e8ge\u00a0\u00bb, et non pas un \u00ab\u00a0maire militant sans \u00e9coute\u00a0\u00bb<\/b> [une r\u00e9f\u00e9rence \u00e0 Jeanne Barseghian, qui s\u2019\u00e9tait d\u00e9finie comme maire militante, ndlr].<\/p>\n<p class=\"p1\">Concr\u00e8tement, qu\u2019est-ce que \u00e7a veut dire ? \u00ab C\u2019est celui qui f\u00e9d\u00e8re tout le monde dans une m\u00eame vision et dans une m\u00eame ambition du territoire, mais aussi celui qui est capable de penser le local et le global, \u00e0 la fois les petits sujets du quotidien et le cadre de vie avec les plus gros projets. \u00bb <b>Pour lui, cela signifie \u00eatre capable de se projeter dans trois temporalit\u00e9s diff\u00e9rentes : six mois, six ans et une g\u00e9n\u00e9ration<\/b>. D\u2019abord pour \u00ab\u00a0r\u00e9gler les situations d\u2019urgence\u00a0\u00bb, ensuite pour fixer un cap pour le mandat et enfin pour \u00ab\u00a0initier les transformations qui d\u00e9passent le temps politique\u00a0\u00bb, comme l\u2019\u00e9cologie et l\u2019interg\u00e9n\u00e9rationnel.<\/p>\n<p>    <img width=\"800\" height=\"600\" src=\"https:\/\/www.europesays.com\/fr\/wp-content\/uploads\/2025\/06\/img-1551-800x600.jpg\" class=\"attachment-image-size-L size-image-size-L\" alt=\"jakubowicz breitmann\" decoding=\"async\" loading=\"lazy\"  \/>         Pierre Jakubowicz et Rebecca Breitman (Modem). \u00a9\u00a0Strasbourg on y croit \/ Document remis <\/p>\n<blockquote><p>\n        Le maire strat\u00e8ge, c&rsquo;est aussi celui qui est capable de dialoguer avec l&rsquo;ensemble des partenaires, que ce soit les autres collectivit\u00e9s, que ce soit les autres acteurs du territoire, mais aussi les acteurs priv\u00e9s.    <\/p><\/blockquote>\n<p>            Pierre Jakubowicz<\/p>\n<p class=\"p1\">Mais ce maire strat\u00e8ge, est-ce que ce sera lui ? Quand on lui pose la question, <b>Pierre Jakubowicz vous regarde en silence dans les yeux, et un ange passe, la dur\u00e9e qu\u2019il faut pour faire un aller-retour sur l\u2019avenue des Vosges en heure de pointe<\/b>. S\u2019il refuse toujours de se porter candidat, il ass\u00e8ne tout de m\u00eame : \u00ab On ambitionne clairement l\u2019alternance \u00e0 Strasbourg, donc on a aucune ambigu\u00eft\u00e9 sur le fait de dire sur quoi on travaille. \u00bb Mais, in fine, toujours la m\u00eame r\u00e9ponse : les propositions et le projet, avant la personne.<\/p>\n<p class=\"p1\">En attendant, les discussions institutionnelles de convergence vont d\u00e9buter avec les partis les plus proches id\u00e9ologiquement de celui de Pierre Jakubowicz, comme Renaissance ou le Modem [enfin, normalement, ndlr]. <b>Mais \u00ab\u00a0souhaitant d\u00e9passer les clivages nationaux\u00a0\u00bb, il ne se refuse pas d\u2019\u00e9largir les convergences \u00e0 sa gauche ou \u00e0 sa droite, dans la lign\u00e9e des batailles communes men\u00e9es en conseil municipal<\/b>. Une potentielle union \u00ab qui ne doit pas \u00eatre une union de rejet, mais une union de projet \u00bb. Pour plus de r\u00e9ponses, il faudra sans doute attendre septembre pour d\u00e9finir les forces en pr\u00e9sence pour les prochaines municipales. Une chose est s\u00fbre, cela sera anim\u00e9.<\/p>\n","protected":false},"excerpt":{"rendered":"\u00c0 moins de 300 jours des municipales, il est d\u00e9sormais temps pour Pierre Jakubowicz de penser \u00ab Strasbourg&hellip;\n","protected":false},"author":2,"featured_media":190623,"comment_status":"","ping_status":"","sticky":false,"template":"","format":"standard","meta":{"footnotes":""},"categories":[2820],"tags":[1111,11,1777,674,1011,27,775,3434,12,4333,316,25,640],"class_list":{"0":"post-190622","1":"post","2":"type-post","3":"status-publish","4":"format-standard","5":"has-post-thumbnail","7":"category-strasbourg","8":"tag-actu","9":"tag-actualites","10":"tag-eu","11":"tag-europe","12":"tag-fr","13":"tag-france","14":"tag-grand-est","15":"tag-municipales-2026","16":"tag-news","17":"tag-pierre-jakubowicz","18":"tag-politique","19":"tag-republique-francaise","20":"tag-strasbourg"},"share_on_mastodon":{"url":"https:\/\/pubeurope.com\/@fr\/114715020353727662","error":""},"_links":{"self":[{"href":"https:\/\/www.europesays.com\/fr\/wp-json\/wp\/v2\/posts\/190622","targetHints":{"allow":["GET"]}}],"collection":[{"href":"https:\/\/www.europesays.com\/fr\/wp-json\/wp\/v2\/posts"}],"about":[{"href":"https:\/\/www.europesays.com\/fr\/wp-json\/wp\/v2\/types\/post"}],"author":[{"embeddable":true,"href":"https:\/\/www.europesays.com\/fr\/wp-json\/wp\/v2\/users\/2"}],"replies":[{"embeddable":true,"href":"https:\/\/www.europesays.com\/fr\/wp-json\/wp\/v2\/comments?post=190622"}],"version-history":[{"count":0,"href":"https:\/\/www.europesays.com\/fr\/wp-json\/wp\/v2\/posts\/190622\/revisions"}],"wp:featuredmedia":[{"embeddable":true,"href":"https:\/\/www.europesays.com\/fr\/wp-json\/wp\/v2\/media\/190623"}],"wp:attachment":[{"href":"https:\/\/www.europesays.com\/fr\/wp-json\/wp\/v2\/media?parent=190622"}],"wp:term":[{"taxonomy":"category","embeddable":true,"href":"https:\/\/www.europesays.com\/fr\/wp-json\/wp\/v2\/categories?post=190622"},{"taxonomy":"post_tag","embeddable":true,"href":"https:\/\/www.europesays.com\/fr\/wp-json\/wp\/v2\/tags?post=190622"}],"curies":[{"name":"wp","href":"https:\/\/api.w.org\/{rel}","templated":true}]}}