{"id":190626,"date":"2025-06-20T09:38:10","date_gmt":"2025-06-20T09:38:10","guid":{"rendered":"https:\/\/www.europesays.com\/fr\/190626\/"},"modified":"2025-06-20T09:38:10","modified_gmt":"2025-06-20T09:38:10","slug":"info-actu-nice-leses-les-commercants-du-port-vont-etre-rembourses-apres-le-sommet-de-lonu","status":"publish","type":"post","link":"https:\/\/www.europesays.com\/fr\/190626\/","title":{"rendered":"INFO ACTU NICE. L\u00e9s\u00e9s, les commer\u00e7ants du port vont \u00eatre rembours\u00e9s apr\u00e8s le sommet de l&rsquo;Onu"},"content":{"rendered":"<p>            Par<br \/>\n        <strong><br \/>\n            <a href=\"https:\/\/actu.fr\/auteur\/ugo-maillard\" title=\"Consulter tous les articles de Ugo Maillard\" rel=\"nofollow noopener\" target=\"_blank\">Ugo Maillard<\/a><br \/>\n        <\/strong><\/p>\n<p>        Publi\u00e9 le<\/p>\n<p>            20 juin 2025 \u00e0 11h18        <\/p>\n<p><strong>INFO ACTU NICE.\u00a0<\/strong>Lors du<a href=\"https:\/\/actu.fr\/dossier\/sommet-des-oceans-a-nice-tout-ce-qu-il-faut-savoir-sur-la-conference-de-l-onu_62542007.html\" rel=\"nofollow noopener\" target=\"_blank\"> sommet des Oc\u00e9ans de l\u2019Onu<\/a> qui s\u2019est d\u00e9roul\u00e9 \u00e0 Nice du 9 au 13\u00a0juin 2025, les quais Lunel et des Deux-Emmanuels \u00e9taient ferm\u00e9s au grand public pour assurer la s\u00e9curit\u00e9 des congressistes. Cons\u00e9quence, de <a href=\"https:\/\/actu.fr\/provence-alpes-cote-d-azur\/nice_06088\/sommet-des-oceans-au-port-de-nice-les-commercants-enragent-c-est-une-honte_62748762.html\" rel=\"nofollow noopener\" target=\"_blank\">nombreux commer\u00e7ants<\/a>, en particulier des restaurateurs, ont vu leur business diminuer drastiquement durant plusieurs jours. Un manque d\u2019activit\u00e9 qui implique une baisse du chiffre d\u2019affaires sur la p\u00e9riode. Les services de la pr\u00e9fecture des <a href=\"https:\/\/actu.fr\/provence-alpes-cote-d-azur\/alpes-maritimes_06\" rel=\"nofollow noopener\" target=\"_blank\">Alpes-Maritimes<\/a> ont <strong>ouvert une proc\u00e9dure<\/strong> pour que les dossiers soient analys\u00e9s et, \u00e0 terme, que les commer\u00e7ants b\u00e9n\u00e9ficient d\u2019une indemnisation.<\/p>\n<p class=\" wall-content\">Voici ce que l\u2019on sait.<\/p>\n<p>31 demandes d\u2019indemnisation re\u00e7ues<\/p>\n<p class=\" wall-content\">Selon les informations d\u2019<a href=\"https:\/\/actu.fr\/nice\/\" rel=\"nofollow noopener\" target=\"_blank\">actu Nice<\/a>, la pr\u00e9fecture a re\u00e7u <strong>31 demandes d\u2019indemnisation<\/strong>. Un nombre qui pourrait \u00e9voluer puisque l\u2019adresse mail sur laquelle les commer\u00e7ants peuvent envoyer leur dossier est toujours fonctionnelle.<\/p>\n<p class=\" wall-content\">\u00ab\u2009Toute demande d\u2019indemnisation doit \u00eatre adress\u00e9e aux services de l\u2019\u00c9tat via l\u2019adresse mail suivante\u2009: <a href=\"https:\/\/actu.fr\/cdn-cgi\/l\/email-protection\" class=\"__cf_email__\" data-cfemail=\"4434362122692d2a2021292a2d3725302d2b2a3769312a2b27042528342137692925362d302d2921376a232b31326a2236\" rel=\"nofollow noopener\" target=\"_blank\">[email\u00a0protected]<\/a>\u2009\u00bb, indiquent les services de l\u2019\u00c9tat dans le d\u00e9partement.<\/p>\n<blockquote class=\"ac-article-quote wall-content\">\n<p>L&rsquo;organisation d&rsquo;un \u00e9v\u00e8nement exceptionnel tel que l&rsquo;UNOC peut engendrer des cons\u00e9quences n\u00e9gatives ponctuelles pour un nombre limit\u00e9 d&rsquo;acteurs \u00e9conomiques.<br \/>\nIl est donc de tradition que ces pertes soient prises en charge par l&rsquo;Etat, lorsqu&rsquo;elles sont justifi\u00e9es, et la tenue de l&rsquo;UNOC n&rsquo;y fera pas exception.<\/p>\n<p>    <strong>Pr\u00e9fecture des Alpes-Maritimes<\/strong>\n            <\/p><\/blockquote>\n<p>Des demandes examin\u00e9es<\/p>\n<p class=\" wall-content\">Le remboursement des pertes \u00e9conomiques li\u00e9es \u00e0 la tenue de sommet des Oc\u00e9ans ne sera pas automatique. Les demandes seront examin\u00e9es dans le cadre de la commission d\u2019indemnisation qui sera r\u00e9unie sous l\u2019autorit\u00e9 du pr\u00e9fet.<\/p>\n<ul class=\" wall-content\">\n<li>Les demandes des \u00e9tablissements ayant subi une baisse du chiffre d\u2019affaires ou ayant d\u00fb cesser totalement leur activit\u00e9 en raison de leur localisation dans les p\u00e9rim\u00e8tres de s\u00e9curit\u00e9 d\u00e9finis par arr\u00eat\u00e9 pr\u00e9fectoral (ou en raison de la nature de leur activit\u00e9\u2009: activit\u00e9 nautique).<\/li>\n<li>Et les demandes des autres \u00e9tablissements, hors p\u00e9rim\u00e8tre de s\u00e9curit\u00e9, auxquels les services de l\u2019\u00c9tat n\u2019ont impos\u00e9 aucune fermeture de commerces.<\/li>\n<\/ul>\n<p class=\" wall-content\">Les commer\u00e7ants auront une r\u00e9ponse dans les mois \u00e0 venir.<\/p>\n<p class=\" wall-content\">Suivez toute l\u2019actualit\u00e9 de vos villes et m\u00e9dias favoris en vous inscrivant \u00e0 <a href=\"https:\/\/moncompte.actu.fr\" title=\"D\u00e9couvez Mon Actu\" rel=\"nofollow noopener\" data-trk=\"{&quot;cta&quot;:{&quot;action&quot;:&quot;https:\\\/\\\/moncompte.actu.fr&quot;,&quot;category&quot;:&quot;mon compte&quot;,&quot;from&quot;:&quot;article footer&quot;,&quot;name&quot;:&quot;Mon actu&quot;,&quot;type&quot;:&quot;cta&quot;}}\" target=\"_blank\">Mon Actu<\/a>.<\/p>\n","protected":false},"excerpt":{"rendered":"Par Ugo Maillard Publi\u00e9 le 20 juin 2025 \u00e0 11h18 INFO ACTU NICE.\u00a0Lors du sommet des Oc\u00e9ans de&hellip;\n","protected":false},"author":2,"featured_media":190627,"comment_status":"","ping_status":"","sticky":false,"template":"","format":"standard","meta":{"footnotes":""},"categories":[2819],"tags":[1111,11,215,1777,674,1011,27,12,2401,882,25,104],"class_list":{"0":"post-190626","1":"post","2":"type-post","3":"status-publish","4":"format-standard","5":"has-post-thumbnail","7":"category-nice","8":"tag-actu","9":"tag-actualites","10":"tag-commerce","11":"tag-eu","12":"tag-europe","13":"tag-fr","14":"tag-france","15":"tag-news","16":"tag-nice","17":"tag-provence-alpes-cote-dazur","18":"tag-republique-francaise","19":"tag-societe"},"share_on_mastodon":{"url":"https:\/\/pubeurope.com\/@fr\/114715027681950872","error":""},"_links":{"self":[{"href":"https:\/\/www.europesays.com\/fr\/wp-json\/wp\/v2\/posts\/190626","targetHints":{"allow":["GET"]}}],"collection":[{"href":"https:\/\/www.europesays.com\/fr\/wp-json\/wp\/v2\/posts"}],"about":[{"href":"https:\/\/www.europesays.com\/fr\/wp-json\/wp\/v2\/types\/post"}],"author":[{"embeddable":true,"href":"https:\/\/www.europesays.com\/fr\/wp-json\/wp\/v2\/users\/2"}],"replies":[{"embeddable":true,"href":"https:\/\/www.europesays.com\/fr\/wp-json\/wp\/v2\/comments?post=190626"}],"version-history":[{"count":0,"href":"https:\/\/www.europesays.com\/fr\/wp-json\/wp\/v2\/posts\/190626\/revisions"}],"wp:featuredmedia":[{"embeddable":true,"href":"https:\/\/www.europesays.com\/fr\/wp-json\/wp\/v2\/media\/190627"}],"wp:attachment":[{"href":"https:\/\/www.europesays.com\/fr\/wp-json\/wp\/v2\/media?parent=190626"}],"wp:term":[{"taxonomy":"category","embeddable":true,"href":"https:\/\/www.europesays.com\/fr\/wp-json\/wp\/v2\/categories?post=190626"},{"taxonomy":"post_tag","embeddable":true,"href":"https:\/\/www.europesays.com\/fr\/wp-json\/wp\/v2\/tags?post=190626"}],"curies":[{"name":"wp","href":"https:\/\/api.w.org\/{rel}","templated":true}]}}