{"id":190642,"date":"2025-06-20T09:51:11","date_gmt":"2025-06-20T09:51:11","guid":{"rendered":"https:\/\/www.europesays.com\/fr\/190642\/"},"modified":"2025-06-20T09:51:11","modified_gmt":"2025-06-20T09:51:11","slug":"cambriolage-dejoue-chez-louis-vuitton-a-lille-rarement-des-voleurs-ont-aussi-vite-rate-leur-coup","status":"publish","type":"post","link":"https:\/\/www.europesays.com\/fr\/190642\/","title":{"rendered":"Cambriolage d\u00e9jou\u00e9 chez Louis Vuitton \u00e0 Lille : rarement des voleurs ont aussi vite rat\u00e9 leur coup"},"content":{"rendered":"<ul class=\"jsx-862013697 ArticleChapo__List\">\n<li class=\"jsx-862013697 ArticleChapo__List_Item flex\">Dans la nuit de mercredi \u00e0 jeudi \u00e0 Lille, une boutique Louis Vuitton a une nouvelle fois \u00e9t\u00e9 cibl\u00e9e par des cambrioleurs.<\/li>\n<li class=\"jsx-862013697 ArticleChapo__List_Item flex\">Mais cette fois, ils ne sont pas all\u00e9s tr\u00e8s loin, comme le raconte le 20H de TF1.<\/li>\n<\/ul>\n<p><a href=\"https:\/\/www.tf1info.fr\/emissions\/tf1\/le-20h-11001\/\" rel=\"noopener\" class=\"jsx-484472199 Link jsx-1428418400 jsx-640816507\" target=\"_blank\"><\/p>\n<p style=\"font-weight:400\" class=\"jsx-1837267516\">Suivez la couverture compl\u00e8te<\/p>\n<p style=\"font-weight:800\" class=\"jsx-1837267516\">Le 20H<\/p>\n<p><\/a><\/p>\n<p data-module=\"article-paragraph\" class=\"jsx-3046738180 Paragraph Paragraph__End\">\u00c0 Lille, la boutique Louis Vuitton se trouve rue des Chats Bossus. Dans la nuit de mercredi \u00e0 jeudi, elle aurait pu s&rsquo;appeler la rue des pieds nickel\u00e9s. Rarement des voleurs ont en effet aussi rapidement rat\u00e9 leur coup. Il est 4 heures du matin quand deux malfaiteurs \u00e0 moto parviennent \u00e0 forcer un grillage, puis \u00e0 percuter une porte situ\u00e9e \u00e0 l&rsquo;arri\u00e8re de la boutique de luxe. Un proc\u00e9d\u00e9 in\u00e9dit jusqu&rsquo;alors d&rsquo;apr\u00e8s ce policier interrog\u00e9 dans le reportage du 20H de TF1 visible en t\u00eate de cet article : \u00ab\u00a0Ils sont arriv\u00e9s juste derri\u00e8re en moto, ils ont pris de l&rsquo;\u00e9lan, ils ont d\u00e9fonc\u00e9 la porte et sont rentr\u00e9s directement dans le magasin\u00a0\u00bb, explique Cl\u00e9ment Coasne, d\u00e9l\u00e9gu\u00e9 r\u00e9gional du syndicat de police Un1t\u00e9 dans les Hauts-de-France.\u00a0<\/p>\n<p data-module=\"article-paragraph\" class=\"jsx-3046738180 Paragraph Paragraph__End\">Les voleurs s&#8217;emparent ensuite de 300.000 euros de maroquinerie, mais l&rsquo;alarme du magasin se d\u00e9clenche. Des fumig\u00e8nes propagent alors une \u00e9paisse fum\u00e9e, comme celle que montre notre reportage dans un appartement \u00e9quip\u00e9 du m\u00eame syst\u00e8me anti-cambriolage. Les voyous n&rsquo;y voient plus rien du tout, et s&rsquo;enfuient sur le champ, laissant sur place leur puissante moto et leur pr\u00e9cieux bulletin. Arriv\u00e9s tr\u00e8s vite, des policiers interpellent dans la foul\u00e9e quatre suspects les mains dans le sac.\u00a0<\/p>\n<p><a href=\"https:\/\/www.tf1info.fr\/justice-faits-divers\/video-tf1-cambriolage-d-un-magasin-louis-vuitton-a-paris-les-images-commentees-par-un-ancien-de-la-bri-2333787.html\" rel=\"noopener\" class=\"jsx-3308031228 Link flex\" target=\"_blank\"><img decoding=\"async\" src=\"https:\/\/www.europesays.com\/fr\/wp-content\/uploads\/2025\/06\/braquage-louis-vuitton-paris-novembre-2024-7624b8-0@1x.jpeg\" alt=\"TF1\" loading=\"lazy\" importance=\"low\" fetchpriority=\"low\" class=\"\"\/><\/p>\n<p class=\"jsx-3657663356 ReadMoreArticle__Title\">Lire aussi<\/p>\n<p class=\"jsx-3657663356\">Cambriolage d&rsquo;un magasin Louis Vuitton \u00e0 Paris : les images comment\u00e9es par un ancien de la BRI<\/p>\n<p><\/a><\/p>\n<p data-module=\"article-paragraph\" class=\"jsx-3046738180 Paragraph\">C&rsquo;est la troisi\u00e8me fois en deux ans que cette boutique est cibl\u00e9e. Pour Romuald Catoire, repr\u00e9sentant des commer\u00e7ants de lillois, les plots m\u00e9talliques anti-intrusion tout comme les fumig\u00e8nes sont forc\u00e9ment utiles pour dissuader les d\u00e9linquants. \u00ab\u00a0On peut compter sur l&rsquo;ing\u00e9niosit\u00e9 des voleurs qui ont toujours un train d&rsquo;avance, \u00e7a c&rsquo;est certain, donc il faut renforcer, renforcer, renforcer, estime-t-il. Les dispositifs aujourd&rsquo;hui sont de plus en plus performants, et on le voit, \u00e7a a plut\u00f4t bien fonctionn\u00e9 cette nuit\u00a0\u00bb.\u00a0<\/p>\n<p data-module=\"article-paragraph\" class=\"jsx-3046738180 Paragraph Paragraph__End\">L&rsquo;affaire illustre en tout cas l&rsquo;attrait sans fin des bandits pour l&rsquo;enseigne Vuitton. L&rsquo;une des boutiques parisiennes a \u00e9t\u00e9 attaqu\u00e9e \u00e0 la voiture b\u00e9lier trois fois en moins d&rsquo;un an.<\/p>\n<p>La r\u00e9daction de TF1info | Reportage Georges BRENIER, Gauthier DELOBETTE, Marjorie LEMEUR<\/p>\n","protected":false},"excerpt":{"rendered":"Dans la nuit de mercredi \u00e0 jeudi \u00e0 Lille, une boutique Louis Vuitton a une nouvelle fois \u00e9t\u00e9&hellip;\n","protected":false},"author":2,"featured_media":190643,"comment_status":"","ping_status":"","sticky":false,"template":"","format":"standard","meta":{"footnotes":""},"categories":[2815],"tags":[1111,11,1921,1777,674,6017,5582,1011,27,811,1922,2954,2952,1307,12,25,133,2953],"class_list":{"0":"post-190642","1":"post","2":"type-post","3":"status-publish","4":"format-standard","5":"has-post-thumbnail","7":"category-lille","8":"tag-actu","9":"tag-actualites","10":"tag-article-video","11":"tag-eu","12":"tag-europe","13":"tag-fait-divers","14":"tag-forces-de-lordre-armee-pompiers","15":"tag-fr","16":"tag-france","17":"tag-hauts-de-france","18":"tag-info","19":"tag-justice-et-faits-divers","20":"tag-le-20h","21":"tag-lille","22":"tag-news","23":"tag-republique-francaise","24":"tag-video","25":"tag-video-police"},"share_on_mastodon":{"url":"https:\/\/pubeurope.com\/@fr\/114715078384435697","error":""},"_links":{"self":[{"href":"https:\/\/www.europesays.com\/fr\/wp-json\/wp\/v2\/posts\/190642","targetHints":{"allow":["GET"]}}],"collection":[{"href":"https:\/\/www.europesays.com\/fr\/wp-json\/wp\/v2\/posts"}],"about":[{"href":"https:\/\/www.europesays.com\/fr\/wp-json\/wp\/v2\/types\/post"}],"author":[{"embeddable":true,"href":"https:\/\/www.europesays.com\/fr\/wp-json\/wp\/v2\/users\/2"}],"replies":[{"embeddable":true,"href":"https:\/\/www.europesays.com\/fr\/wp-json\/wp\/v2\/comments?post=190642"}],"version-history":[{"count":0,"href":"https:\/\/www.europesays.com\/fr\/wp-json\/wp\/v2\/posts\/190642\/revisions"}],"wp:featuredmedia":[{"embeddable":true,"href":"https:\/\/www.europesays.com\/fr\/wp-json\/wp\/v2\/media\/190643"}],"wp:attachment":[{"href":"https:\/\/www.europesays.com\/fr\/wp-json\/wp\/v2\/media?parent=190642"}],"wp:term":[{"taxonomy":"category","embeddable":true,"href":"https:\/\/www.europesays.com\/fr\/wp-json\/wp\/v2\/categories?post=190642"},{"taxonomy":"post_tag","embeddable":true,"href":"https:\/\/www.europesays.com\/fr\/wp-json\/wp\/v2\/tags?post=190642"}],"curies":[{"name":"wp","href":"https:\/\/api.w.org\/{rel}","templated":true}]}}