{"id":190646,"date":"2025-06-20T09:53:12","date_gmt":"2025-06-20T09:53:12","guid":{"rendered":"https:\/\/www.europesays.com\/fr\/190646\/"},"modified":"2025-06-20T09:53:12","modified_gmt":"2025-06-20T09:53:12","slug":"marseille-la-voie-est-libre-celebre-sa-30eme-edition-ce-dimanche","status":"publish","type":"post","link":"https:\/\/www.europesays.com\/fr\/190646\/","title":{"rendered":"Marseille. La Voie est libre c\u00e9l\u00e8bre sa 30\u00e8me \u00e9dition ce dimanche"},"content":{"rendered":"<p>Les promeneurs et les mobilit\u00e9s douces pourront circuler des Catalans jusqu&rsquo;au David.<\/p>\n<p>\u00c0 l&rsquo;occasion de la 30\u00e8me \u00e9dition de la Voie est Libre, le p\u00e9rim\u00e8tre pi\u00e9tonnis\u00e9 est \u00e9largi. Il s&rsquo;\u00e9tend habituellement des Catalans jusqu&rsquo;au parc Talabot sur la corniche Kennedy, mais ce dimanche il sera possible de circuler jusqu&rsquo;au David.<\/p>\n<p>Des animations sont pr\u00e9vues, ainsi que <a href=\"https:\/\/www.marseille.fr\/environnement\/actualites\/la-voie-est-libre#ANIMATIONS\" target=\"_blank\" rel=\"noopener nofollow\">\u00ab\u00a0quelques surprises\u00a0\u00bb<\/a>. Des activit\u00e9s nautiques gratuites seront propos\u00e9es \u00e0 partir de 11h30 (voile, paddle, kayak) ainsi que des visites guid\u00e9es du P\u00f4le d&rsquo;excellence de la voile. \u00c0 partir de 18h spectacle, chor\u00e9graphies et flashmob devraient animer la Corniche. La journ\u00e9e se terminera par un grand bal populaire face \u00e0 la mer sur le parvis du stade nautique Florence Arthaud. La plaque en hommage \u00e0 cette grande navigatrice aura \u00e9t\u00e9 d\u00e9voil\u00e9e dans la matin\u00e9e, \u00e0 10h, par le maire de Marseille.<\/p>\n<p>\u00a0<\/p>\n","protected":false},"excerpt":{"rendered":"Les promeneurs et les mobilit\u00e9s douces pourront circuler des Catalans jusqu&rsquo;au David. \u00c0 l&rsquo;occasion de la 30\u00e8me \u00e9dition&hellip;\n","protected":false},"author":2,"featured_media":190647,"comment_status":"","ping_status":"","sticky":false,"template":"","format":"standard","meta":{"footnotes":""},"categories":[2814],"tags":[1111,11,7958,1777,674,1011,27,32872,884,12,882,25,3686],"class_list":{"0":"post-190646","1":"post","2":"type-post","3":"status-publish","4":"format-standard","5":"has-post-thumbnail","7":"category-marseille","8":"tag-actu","9":"tag-actualites","10":"tag-corniche","11":"tag-eu","12":"tag-europe","13":"tag-fr","14":"tag-france","15":"tag-la-voie-est-libre","16":"tag-marseille","17":"tag-news","18":"tag-provence-alpes-cote-dazur","19":"tag-republique-francaise","20":"tag-sortie"},"share_on_mastodon":{"url":"https:\/\/pubeurope.com\/@fr\/114715086216286212","error":""},"_links":{"self":[{"href":"https:\/\/www.europesays.com\/fr\/wp-json\/wp\/v2\/posts\/190646","targetHints":{"allow":["GET"]}}],"collection":[{"href":"https:\/\/www.europesays.com\/fr\/wp-json\/wp\/v2\/posts"}],"about":[{"href":"https:\/\/www.europesays.com\/fr\/wp-json\/wp\/v2\/types\/post"}],"author":[{"embeddable":true,"href":"https:\/\/www.europesays.com\/fr\/wp-json\/wp\/v2\/users\/2"}],"replies":[{"embeddable":true,"href":"https:\/\/www.europesays.com\/fr\/wp-json\/wp\/v2\/comments?post=190646"}],"version-history":[{"count":0,"href":"https:\/\/www.europesays.com\/fr\/wp-json\/wp\/v2\/posts\/190646\/revisions"}],"wp:featuredmedia":[{"embeddable":true,"href":"https:\/\/www.europesays.com\/fr\/wp-json\/wp\/v2\/media\/190647"}],"wp:attachment":[{"href":"https:\/\/www.europesays.com\/fr\/wp-json\/wp\/v2\/media?parent=190646"}],"wp:term":[{"taxonomy":"category","embeddable":true,"href":"https:\/\/www.europesays.com\/fr\/wp-json\/wp\/v2\/categories?post=190646"},{"taxonomy":"post_tag","embeddable":true,"href":"https:\/\/www.europesays.com\/fr\/wp-json\/wp\/v2\/tags?post=190646"}],"curies":[{"name":"wp","href":"https:\/\/api.w.org\/{rel}","templated":true}]}}