{"id":190648,"date":"2025-06-20T09:54:13","date_gmt":"2025-06-20T09:54:13","guid":{"rendered":"https:\/\/www.europesays.com\/fr\/190648\/"},"modified":"2025-06-20T09:54:13","modified_gmt":"2025-06-20T09:54:13","slug":"un-temps-de-pause-dans-la-visite-2","status":"publish","type":"post","link":"https:\/\/www.europesays.com\/fr\/190648\/","title":{"rendered":"\u00ab\u00a0Un temps de pause dans la visite\u00a0\u00bb"},"content":{"rendered":"<p>Les couleurs sont apaisantes, le \u201cfaux\u201d arbre invite \u00e0 la d\u00e9tente et la vue sur le jardin du mus\u00e9e est appr\u00e9ciable. La Cabane, le nouvel espace de jeu, de lecture et d\u2019animation du mus\u00e9e des Beaux-Arts de Lyon ne manque pas d\u2019attraits. Am\u00e9nag\u00e9 sur 125 m2\u00a0 au 2e\u00a0 \u00e9tage du b\u00e2timent, il invite les visiteurs \u00e0 faire une pause au milieu de la visite. \u00ab\u00a0C\u2019est un espace familial mais ouvert \u00e0 tous, on y voit beaucoup d\u2019\u00e9tudiants, indique\u00a0Bastien Colas, responsable du service culturel du <a href=\"https:\/\/www.leprogres.fr\/economie\/2024\/06\/03\/rhone-comment-le-musee-des-beaux-arts-oeuvre-avec-le-tissu-economique-local\" target=\"_blank\" rel=\"nofollow noopener\">mus\u00e9e<\/a>. Le bois, l\u2019univers de l\u2019arbre, c\u2019est quelque chose que l\u2019on trouve dans toutes les collections du mus\u00e9e, des sarcophages \u00e9gyptiens aux peintures du XXe \u00a0si\u00e8cle.\u00a0\u00bb<\/p>\n<p>  Coloriage, petite biblioth\u00e8que, jeux de soci\u00e9t\u00e9\u2026<\/p>\n<p>En plus des tables et des chaises pour les s\u00e9ances de coloriage, de la petite biblioth\u00e8que ou des jeux de soci\u00e9t\u00e9, ce nouveau cocon expose justement quelques \u0153uvres du mus\u00e9e (cercueil \u00e9gyptien, poisson-marionnettes du Mali\u2026)<\/p>\n<p>\u00ab\u00a0C\u2019est un temps de pause dans la visite du mus\u00e9e qui peut \u00eatre utile pour certains publics\u00a0\u00bb, compl\u00e8te V\u00e9ronique Moreno-Lourtau, du service culturel du mus\u00e9e des Beaux-Arts. \u00ab\u00a0Cet espace est aussi l\u00e0 pour inciter les parents et les enfants \u00e0 retourner dans les collections pour voir les \u0153uvres.\u00a0\u00bb<\/p>\n<p>Con\u00e7u par les menuisiers de l\u2019atelier du mus\u00e9e, il devrait \u00e9voluer au fil des mois en fonction des saisons.<\/p>\n<p class=\"note\">La Cabane, jusqu\u2019au 30\u00a0mai 2026. Accessible avec le billet d\u2019entr\u00e9e du mus\u00e9e. www.mba-lyon.fr<\/p>\n","protected":false},"excerpt":{"rendered":"Les couleurs sont apaisantes, le \u201cfaux\u201d arbre invite \u00e0 la d\u00e9tente et la vue sur le jardin du&hellip;\n","protected":false},"author":2,"featured_media":190515,"comment_status":"","ping_status":"","sticky":false,"template":"","format":"standard","meta":{"footnotes":""},"categories":[1889],"tags":[1111,11,2430,1687,2757,1777,674,2271,1011,27,2428,2756,12,25],"class_list":{"0":"post-190648","1":"post","2":"type-post","3":"status-publish","4":"format-standard","5":"has-post-thumbnail","7":"category-lyon","8":"tag-actu","9":"tag-actualites","10":"tag-auvergne-rhone-alpes","11":"tag-culture-loisirs","12":"tag-edition-lyon-villeurbanne","13":"tag-eu","14":"tag-europe","15":"tag-exposition-arts-plastiques","16":"tag-fr","17":"tag-france","18":"tag-lyon","19":"tag-lyon-bassin","20":"tag-news","21":"tag-republique-francaise"},"share_on_mastodon":{"url":"https:\/\/pubeurope.com\/@fr\/114715090192165967","error":""},"_links":{"self":[{"href":"https:\/\/www.europesays.com\/fr\/wp-json\/wp\/v2\/posts\/190648","targetHints":{"allow":["GET"]}}],"collection":[{"href":"https:\/\/www.europesays.com\/fr\/wp-json\/wp\/v2\/posts"}],"about":[{"href":"https:\/\/www.europesays.com\/fr\/wp-json\/wp\/v2\/types\/post"}],"author":[{"embeddable":true,"href":"https:\/\/www.europesays.com\/fr\/wp-json\/wp\/v2\/users\/2"}],"replies":[{"embeddable":true,"href":"https:\/\/www.europesays.com\/fr\/wp-json\/wp\/v2\/comments?post=190648"}],"version-history":[{"count":0,"href":"https:\/\/www.europesays.com\/fr\/wp-json\/wp\/v2\/posts\/190648\/revisions"}],"wp:featuredmedia":[{"embeddable":true,"href":"https:\/\/www.europesays.com\/fr\/wp-json\/wp\/v2\/media\/190515"}],"wp:attachment":[{"href":"https:\/\/www.europesays.com\/fr\/wp-json\/wp\/v2\/media?parent=190648"}],"wp:term":[{"taxonomy":"category","embeddable":true,"href":"https:\/\/www.europesays.com\/fr\/wp-json\/wp\/v2\/categories?post=190648"},{"taxonomy":"post_tag","embeddable":true,"href":"https:\/\/www.europesays.com\/fr\/wp-json\/wp\/v2\/tags?post=190648"}],"curies":[{"name":"wp","href":"https:\/\/api.w.org\/{rel}","templated":true}]}}