{"id":190649,"date":"2025-06-20T09:55:09","date_gmt":"2025-06-20T09:55:09","guid":{"rendered":"https:\/\/www.europesays.com\/fr\/190649\/"},"modified":"2025-06-20T09:55:09","modified_gmt":"2025-06-20T09:55:09","slug":"lyon-pourquoi-il-sera-tres-difficile-de-circuler-dans-le-centre-ville-samedi","status":"publish","type":"post","link":"https:\/\/www.europesays.com\/fr\/190649\/","title":{"rendered":"Lyon. Pourquoi il sera tr\u00e8s difficile de circuler dans le centre-ville samedi"},"content":{"rendered":"<p>            Par<br \/>\n        <strong><br \/>\n            <a href=\"https:\/\/actu.fr\/auteur\/julien-damboise\" title=\"Consulter tous les articles de Julien Damboise\" rel=\"nofollow noopener\" target=\"_blank\">Julien Damboise<\/a><br \/>\n        <\/strong><\/p>\n<p>        Publi\u00e9 le<\/p>\n<p>            20 juin 2025 \u00e0 11h45        <\/p>\n<p>Ce <strong>samedi 21 juin<\/strong>, <a href=\"https:\/\/actu.fr\/auvergne-rhone-alpes\/lyon_69123\" rel=\"nofollow noopener\" target=\"_blank\">Lyon<\/a> s\u2019appr\u00eate \u00e0 vivre une journ\u00e9e particuli\u00e8rement festive. Pour le premier jour de l\u2019\u00e9t\u00e9, <strong>deux \u00e9v\u00e9nements majeurs<\/strong> sont organis\u00e9s : la <a href=\"https:\/\/actu.fr\/tag\/fete-de-la-musique\" rel=\"nofollow noopener\" target=\"_blank\">F\u00eate de la musique<\/a> et les demi-finales du Top 14, qui se d\u00e9roulent exceptionnellement au <a href=\"https:\/\/actu.fr\/tag\/groupama-stadium\" rel=\"nofollow noopener\" target=\"_blank\">Groupama Stadium<\/a>.<\/p>\n<p class=\" wall-content\">Une <strong>affluence record<\/strong> est attendue, notamment sur la <a href=\"https:\/\/actu.fr\/tag\/presqu-ile\" rel=\"nofollow noopener\" target=\"_blank\">Presqu\u2019\u00eele<\/a> o\u00f9 des mesures de s\u00e9curit\u00e9 sont mises en place, alors que commence la Zone \u00e0 trafic limit\u00e9 (ZTL).<\/p>\n<p>Un p\u00e9rim\u00e8tre de s\u00fbret\u00e9 d\u00e8s 16 h<\/p>\n<p class=\" wall-content\">Un p\u00e9rim\u00e8tre de s\u00e9curit\u00e9 sera mis en place ce samedi 21 juin,<strong> \u00e0 partir de 16h<\/strong>, dans le secteur de la Presqu\u2019\u00eele nord. Une zone qui co\u00efncide avec la mise en \u0153uvre r\u00e9glementaire de la Zone \u00e0 Trafic Limit\u00e9 (ZTL). Pour rappel, ce sera le <a href=\"https:\/\/actu.fr\/auvergne-rhone-alpes\/lyon_69123\/lyon-zone-a-trafic-limite-en-presqu-ile-les-dates-connues-voici-les-grandes-etapes-a-venir_62511949.html\" rel=\"nofollow noopener\" target=\"_blank\">coup d\u2019envoi de la pi\u00e9tonnisation totale<\/a> de la rue de la R\u00e9publique et de la rue Serlin, le nouveau plan de circulation des bus sera \u00e9galement effectif.<\/p>\n<p class=\" wall-content\">Mais pour cette journ\u00e9e sp\u00e9ciale, avec des milliers de personnes dans les rues, d\u2019autres <strong>restrictions de circulation<\/strong> ont \u00e9t\u00e9 d\u00e9cid\u00e9es :<\/p>\n<ul class=\" wall-content\">\n<li>Jusqu\u2019\u00e0 13 heures : circulation ouverte \u00e0 tous<\/li>\n<li>De 13h \u00e0 16 heures : acc\u00e8s r\u00e9serv\u00e9 aux ayants droit ZTL<\/li>\n<li>\u00c0 partir de 16 heures : fermeture totale, y compris pour les ayants droit<\/li>\n<li>Sorties et entr\u00e9es de parkings priv\u00e9s interdites d\u00e8s 16 heures<\/li>\n<\/ul>\n<p>Vid\u00e9os : en ce moment sur Actu<\/p>\n<p class=\" wall-content\">Seuls les parkings publics suivants resteront accessibles : LPA H\u00f4tel de Ville ; Indigo Pradel ; LPA Cordeliers ; LPA Bourse ; LPA R\u00e9publique ; Indigo Bellecour.<\/p>\n<p>Un village rugby \u00e0 Bellecour<\/p>\n<p>Dans le cadre des demi-finales du TOP 14, toutes deux organis\u00e9es \u00e0 Lyon cette ann\u00e9e, vendredi et samedi soir au Groupama Stadium, un Village Rugby est install\u00e9 place Bellecour par la Ligue nationale de rugby (LNR). Vendredi de 12h \u00e0 20h et samedi de 10h \u00e0 19h, il sera possible d&rsquo;admirer le bouclier de Brennus, troph\u00e9e des champions de France de rugby ou participer \u00e0 des activit\u00e9s.<\/p>\n<p>Interdiction de boire dans la rue<\/p>\n<p class=\" wall-content\">Pour assurer la s\u00e9curit\u00e9 des participants, plusieurs arr\u00eat\u00e9s municipaux ont \u00e9t\u00e9 pris pour pr\u00e9venir les troubles \u00e0 l\u2019ordre public. Il sera <strong>strictement interdit<\/strong> :<\/p>\n<ul class=\" wall-content\">\n<li>De consommer de l\u2019<strong>alcool<\/strong> sur la voie publique<\/li>\n<li>D\u2019utiliser ou de transporter des <strong>feux d\u2019artifice<\/strong><\/li>\n<li>De d\u00e9tenir, transporter ou utiliser des contenants en <strong>verre<\/strong><\/li>\n<li>D\u2019utiliser des syst\u00e8mes de<strong> diffusion sonore non autoris\u00e9s<\/strong><\/li>\n<\/ul>\n<p class=\" wall-content\">Un important dispositif policier sera en place. Un poste de commandement municipal (PC Crise) sera activ\u00e9 d\u00e8s 14 h.<\/p>\n<p class=\" wall-content\">Suivez toute l\u2019actualit\u00e9 de vos villes et m\u00e9dias favoris en vous inscrivant \u00e0 <a href=\"https:\/\/moncompte.actu.fr\" title=\"D\u00e9couvez Mon Actu\" rel=\"nofollow noopener\" data-trk=\"{&quot;cta&quot;:{&quot;action&quot;:&quot;https:\\\/\\\/moncompte.actu.fr&quot;,&quot;category&quot;:&quot;mon compte&quot;,&quot;from&quot;:&quot;article footer&quot;,&quot;name&quot;:&quot;Mon actu&quot;,&quot;type&quot;:&quot;cta&quot;}}\" target=\"_blank\">Mon Actu<\/a>.<\/p>\n","protected":false},"excerpt":{"rendered":"Par Julien Damboise Publi\u00e9 le 20 juin 2025 \u00e0 11h45 Ce samedi 21 juin, Lyon s\u2019appr\u00eate \u00e0 vivre&hellip;\n","protected":false},"author":2,"featured_media":190650,"comment_status":"","ping_status":"","sticky":false,"template":"","format":"standard","meta":{"footnotes":""},"categories":[1889],"tags":[1111,11,2430,1777,674,25885,1011,27,15363,2428,12,2809,25,104],"class_list":{"0":"post-190649","1":"post","2":"type-post","3":"status-publish","4":"format-standard","5":"has-post-thumbnail","7":"category-lyon","8":"tag-actu","9":"tag-actualites","10":"tag-auvergne-rhone-alpes","11":"tag-eu","12":"tag-europe","13":"tag-fete-de-la-musique","14":"tag-fr","15":"tag-france","16":"tag-groupama-stadium","17":"tag-lyon","18":"tag-news","19":"tag-presquile","20":"tag-republique-francaise","21":"tag-societe"},"share_on_mastodon":{"url":"https:\/\/pubeurope.com\/@fr\/114715094052919661","error":""},"_links":{"self":[{"href":"https:\/\/www.europesays.com\/fr\/wp-json\/wp\/v2\/posts\/190649","targetHints":{"allow":["GET"]}}],"collection":[{"href":"https:\/\/www.europesays.com\/fr\/wp-json\/wp\/v2\/posts"}],"about":[{"href":"https:\/\/www.europesays.com\/fr\/wp-json\/wp\/v2\/types\/post"}],"author":[{"embeddable":true,"href":"https:\/\/www.europesays.com\/fr\/wp-json\/wp\/v2\/users\/2"}],"replies":[{"embeddable":true,"href":"https:\/\/www.europesays.com\/fr\/wp-json\/wp\/v2\/comments?post=190649"}],"version-history":[{"count":0,"href":"https:\/\/www.europesays.com\/fr\/wp-json\/wp\/v2\/posts\/190649\/revisions"}],"wp:featuredmedia":[{"embeddable":true,"href":"https:\/\/www.europesays.com\/fr\/wp-json\/wp\/v2\/media\/190650"}],"wp:attachment":[{"href":"https:\/\/www.europesays.com\/fr\/wp-json\/wp\/v2\/media?parent=190649"}],"wp:term":[{"taxonomy":"category","embeddable":true,"href":"https:\/\/www.europesays.com\/fr\/wp-json\/wp\/v2\/categories?post=190649"},{"taxonomy":"post_tag","embeddable":true,"href":"https:\/\/www.europesays.com\/fr\/wp-json\/wp\/v2\/tags?post=190649"}],"curies":[{"name":"wp","href":"https:\/\/api.w.org\/{rel}","templated":true}]}}