{"id":190659,"date":"2025-06-20T10:01:13","date_gmt":"2025-06-20T10:01:13","guid":{"rendered":"https:\/\/www.europesays.com\/fr\/190659\/"},"modified":"2025-06-20T10:01:13","modified_gmt":"2025-06-20T10:01:13","slug":"fete-de-la-musique-a-paris-circulation-coupee-metro-ferme-fouilles-securite-xxl-pour-le-concert-aux-tuileries","status":"publish","type":"post","link":"https:\/\/www.europesays.com\/fr\/190659\/","title":{"rendered":"F\u00eate de la musique \u00e0 Paris\u00a0: circulation coup\u00e9e, m\u00e9tro ferm\u00e9, fouilles\u2026 S\u00e9curit\u00e9 XXL pour le concert aux Tuileries"},"content":{"rendered":"<p class=\"paragraph text_align_left lp-f-body-02\">C\u2019est un ballet bien orchestr\u00e9 qui se pr\u00e9pare dans le c\u0153ur historique de Paris. Pour la premi\u00e8re fois en 2025 et dans l\u2019histoire de la F\u00eate de la musique, la <a href=\"https:\/\/www.leparisien.fr\/paris-75\/cest-reparti-pour-un-tour-a-paris-la-vasque-fait-son-retour-au-jardin-des-tuileries-10-06-2025-4VFXCUULV5FLJPYSX5ME7WMHK4.php\" target=\"_blank\" rel=\"noreferrer nofollow noopener\">vasque prendra samedi soir son envol<\/a> au-dessus du <a href=\"https:\/\/www.leparisien.fr\/paris-75\/paris-plein-de-machines-de-leau-partout-et-beaucoup-de-bruit-on-vous-embarque-a-linterieur-de-la-vasque-19-06-2025-OZ2KMACWDNHHFH3B5UW5XHYU7Y.php\" target=\"_blank\" rel=\"noreferrer nofollow noopener\">jardin des Tuileries<\/a> lors d\u2019un <a href=\"https:\/\/www.leparisien.fr\/paris-75\/spectacle-de-4-heures-35-000-spectateurs-envolee-de-la-vasque-le-grand-concert-du-21-juin-a-paris-se-devoile-11-06-2025-2VGGOD2ZRVEWDKZZORVAWPEFUE.php\" target=\"_blank\" rel=\"noreferrer nofollow noopener\">concert \u00e9v\u00e9nement<\/a>, un peu moins d\u2019un an apr\u00e8s sa premi\u00e8re apparition dans le ciel de Paris, lors de la c\u00e9r\u00e9monie d\u2019ouverture des JO 2024.<\/p>\n<p class=\"paragraph text_align_left lp-f-body-02\">Ce samedi 21 juin, de 21 heures \u00e0 00h30, les jardins du Carrousel du Louvre accueilleront quelque 30 000 spectateurs pour ce show gratuit mais accessible uniquement sur inscription, et d\u00e9sormais complet. Face \u00e0 l\u2019ampleur de la manifestation, la pr\u00e9fecture de Police d\u00e9ploie les grands moyens. \u00ab Un dispositif de s\u00e9curisation sans pr\u00e9c\u00e9dent sera mis en place autour du secteur Tuileries Louvre \u00bb, indique-t-elle. Voici ce qu\u2019il faut savoir si vous fr\u00e9quentez le secteur.<\/p>\n<p class=\"paragraph text_align_left lp-f-body-02\">D\u00e8s 14 heures, le jardin des Tuileries fermera ses portes au public, celui du Carrousel \u00e0 17 heures. Un p\u00e9rim\u00e8tre de protection strict est instaur\u00e9 jusqu\u2019\u00e0 dimanche, 2 heures du matin. Pour entrer dans ce p\u00e9rim\u00e8tre, les spectateurs devront se soumettre \u00e0 des contr\u00f4les rigoureux aux points d\u2019acc\u00e8s.<\/p>\n<p class=\"paragraph text_align_left lp-f-body-02\">Palpations de s\u00e9curit\u00e9, fouille des bagages et inspection des v\u00e9hicules seront syst\u00e9matiques. Dans ce p\u00e9rim\u00e8tre seront \u00e9galement interdits tout rassemblement de nature revendicative, l\u2019acc\u00e8s des animaux dangereux, le port d\u2019artifices ou d\u2019articles pyrotechniques et tout objet susceptible de constituer une arme. L\u2019acc\u00e8s principal se fera par le quai Fran\u00e7ois Mitterrand, avec un acc\u00e8s secondaire rue de Rivoli.<\/p>\n<p>Secteur boucl\u00e9 \u00e0 la circulation<\/p>\n<p class=\"paragraph text_align_left lp-f-body-02\">C\u00f4t\u00e9 circulation, le secteur est totalement boucl\u00e9 et la circulation de tout v\u00e9hicule \u00e0 moteur interdite \u00e0 partir de 17 heures samedi et jusqu\u2019\u00e0 2 heures du matin dimanche, \u00e0 l\u2019int\u00e9rieur d\u2019un p\u00e9rim\u00e8tre qui s\u2019\u00e9tend aux rues adjacentes au jardin des Tuileries, et jusqu\u2019\u00e0 certaines rues de la rive gauche. Tous les ponts situ\u00e9s le long du jardin seront notamment ferm\u00e9s. La station de m\u00e9tro Tuileries sera ferm\u00e9e, tout comme les sorties 6 et 7 de la station Palais-Royal. Les automobilistes sont vivement encourag\u00e9s \u00e0 \u00e9viter la zone.<\/p>\n<p class=\"paragraph text_align_left lp-f-body-02\">Des mesures de s\u00e9curit\u00e9 compl\u00e9mentaires sont pr\u00e9vues sur l\u2019ensemble de Paris et de la petite couronne, avec notamment l\u2019interdiction du transport et de la distribution de carburant dans des conteneurs individuels de ce vendredi \u00e0 midi au dimanche 22 juin \u00e0 8 heures. Il en va de m\u00eame pour les artifices. Les services de police s\u00e9curiseront aussi l\u2019ensemble des festivit\u00e9s qui se d\u00e9rouleront dans l\u2019agglom\u00e9ration ce soir-l\u00e0.<\/p>\n","protected":false},"excerpt":{"rendered":"C\u2019est un ballet bien orchestr\u00e9 qui se pr\u00e9pare dans le c\u0153ur historique de Paris. Pour la premi\u00e8re fois&hellip;\n","protected":false},"author":2,"featured_media":190660,"comment_status":"","ping_status":"","sticky":false,"template":"","format":"standard","meta":{"footnotes":""},"categories":[1888],"tags":[11,1777,674,1011,27,1944,12,626,25],"class_list":{"0":"post-190659","1":"post","2":"type-post","3":"status-publish","4":"format-standard","5":"has-post-thumbnail","7":"category-paris","8":"tag-actualites","9":"tag-eu","10":"tag-europe","11":"tag-fr","12":"tag-france","13":"tag-ma-ville","14":"tag-news","15":"tag-paris","16":"tag-republique-francaise"},"share_on_mastodon":{"url":"https:\/\/pubeurope.com\/@fr\/114715117734049057","error":""},"_links":{"self":[{"href":"https:\/\/www.europesays.com\/fr\/wp-json\/wp\/v2\/posts\/190659","targetHints":{"allow":["GET"]}}],"collection":[{"href":"https:\/\/www.europesays.com\/fr\/wp-json\/wp\/v2\/posts"}],"about":[{"href":"https:\/\/www.europesays.com\/fr\/wp-json\/wp\/v2\/types\/post"}],"author":[{"embeddable":true,"href":"https:\/\/www.europesays.com\/fr\/wp-json\/wp\/v2\/users\/2"}],"replies":[{"embeddable":true,"href":"https:\/\/www.europesays.com\/fr\/wp-json\/wp\/v2\/comments?post=190659"}],"version-history":[{"count":0,"href":"https:\/\/www.europesays.com\/fr\/wp-json\/wp\/v2\/posts\/190659\/revisions"}],"wp:featuredmedia":[{"embeddable":true,"href":"https:\/\/www.europesays.com\/fr\/wp-json\/wp\/v2\/media\/190660"}],"wp:attachment":[{"href":"https:\/\/www.europesays.com\/fr\/wp-json\/wp\/v2\/media?parent=190659"}],"wp:term":[{"taxonomy":"category","embeddable":true,"href":"https:\/\/www.europesays.com\/fr\/wp-json\/wp\/v2\/categories?post=190659"},{"taxonomy":"post_tag","embeddable":true,"href":"https:\/\/www.europesays.com\/fr\/wp-json\/wp\/v2\/tags?post=190659"}],"curies":[{"name":"wp","href":"https:\/\/api.w.org\/{rel}","templated":true}]}}