{"id":190663,"date":"2025-06-20T10:03:10","date_gmt":"2025-06-20T10:03:10","guid":{"rendered":"https:\/\/www.europesays.com\/fr\/190663\/"},"modified":"2025-06-20T10:03:10","modified_gmt":"2025-06-20T10:03:10","slug":"sil-y-avait-la-paix-en-ukraine-y-aura-t-il-de-grands-voiliers-russes-a-larmada-de-rouen-en-2027","status":"publish","type":"post","link":"https:\/\/www.europesays.com\/fr\/190663\/","title":{"rendered":"\u00ab\u00a0S\u2019il y avait la paix en Ukraine\u2026\u00a0\u00bb\u00a0: y aura-t-il de grands voiliers russes \u00e0 l\u2019Armada de Rouen en 2027\u00a0?"},"content":{"rendered":"<p class=\"paragraph text_align_left lp-f-body-02\">Vivement 2027 pour retrouver l\u2019Armada de Rouen ! Fort de ses 4,3 millions de visiteurs lors de <a href=\"https:\/\/www.leparisien.fr\/seine-maritime-76\/armada-de-rouen-2023-nos-conseils-pour-profiter-de-la-fete-06-06-2023-QHWX27NPGRF7LFCJE3RJZJKCPU.php\" target=\"_self\" rel=\"noopener\">l\u2019\u00e9dition de juin 2023<\/a> (qui ont franchi les portiques de s\u00e9curit\u00e9 pour se rendre sur les quais), le grand rassemblement de voiliers se targue d\u2019\u00eatre \u00ab la plus grosse manifestation en France apr\u00e8s <a href=\"https:\/\/www.leparisien.fr\/sports\/cyclisme\/tour-de-france\/tour-de-france-les-chiffres-fous-du-troisieme-sacre-de-tadej-pogacar-sur-la-grande-boucle-21-07-2024-CZKZVJHEN5CCJCGSK2JB67DIP4.php\" target=\"_self\" rel=\"noopener\">le Tour de France<\/a>, loin devant <a href=\"https:\/\/www.leparisien.fr\/en-region\/je-vends-3-euros-des-habits-achetes-jusqua-75-euros-la-braderie-de-lille-grande-vitrine-du-reemploi-12-09-2024-VXEDIWW62VFKJOMSS7OSLB2TGQ.php\" target=\"_self\" rel=\"noopener\">la Grande Braderie de Lille<\/a> ou la<a href=\"https:\/\/www.leparisien.fr\/rhone-69\/avec-la-fete-des-lumieres-lyon-eblouit-le-monde-depuis-25-ans-une-source-dinspiration-et-de-creation-05-12-2024-5DZND5HR3ZHUNISSJDIFHDHKUE.php\" target=\"_self\" rel=\"noopener\"> F\u00eate des lumi\u00e8res \u00e0 Lyon<\/a> \u00bb. Et aussi \u00ab le premier rassemblement de grands voiliers dans le monde devant Amsterdam \u00bb.<\/p>\n<p class=\"paragraph text_align_left lp-f-body-02\">C\u2019est ce qu\u2019a tenu \u00e0 rappeler Jean-Paul Rivi\u00e8re, le pr\u00e9sident de l\u2019Armada lors de sa premi\u00e8re conf\u00e9rence de presse \u00e0 l\u2019h\u00f4tel Hyatt Place de Rouen pour lancer la 9e \u00e9dition de l\u2019\u00e9v\u00e9nement, qui se d\u00e9roulera du 17 au 27 juin 2027. Il \u00e9tait accompagn\u00e9 par le \u00ab p\u00e8re fondateur \u00bb de l\u2019Armada, Patrick Herr. Pour \u00eatre dans l\u2019air du temps et sans doute <a href=\"https:\/\/www.leparisien.fr\/seine-maritime-76\/moins-de-plastique-davantage-de-transports-larmada-de-rouen-2023-passe-enfin-au-vert-07-06-2023-7WWMQZPRRFAULM3W7EKJPKC7LM.php\" target=\"_self\" rel=\"noopener\">\u00e9chapper aux critiques qui pourraient na\u00eetre<\/a>, malgr\u00e9 le succ\u00e8s public, les organisateurs avaient command\u00e9, pour la premi\u00e8re fois, un bilan carbone de l\u2019Armada.<\/p>\n<p>\u00ab Un meilleur bilan carbone que les JO de Paris \u00bb<\/p>\n<p class=\"paragraph text_align_left lp-f-body-02\">Ils ont fait appel pour cela au cabinet EY Building a better working world repr\u00e9sent\u00e9 par Jonathan Thibout-Curtinha. \u00ab Au total, l\u2019Armada 2023 a g\u00e9n\u00e9r\u00e9 23 360 tonnes d\u2019\u00e9quivalent CO2 dont 97 % \u00e0 cause des d\u00e9placements des visiteurs. C\u2019est classique pour ce genre d\u2019\u00e9v\u00e9nement. Pour faire une \u00e9quivalence, nous avons r\u00e9alis\u00e9 le bilan carbone de Paris 2024. Nous avons obtenu 0,52 tonne d\u2019\u00e9quivalent CO2 par visiteur contre 0,0047 tonne \u00e0 Rouen. On peut en \u00eatre fier mais dans notre cas peu d\u2019avions ont \u00e9t\u00e9 utilis\u00e9s. \u00bb<\/p>\n<p class=\"paragraph text_align_left lp-f-body-02\">Selon les chiffres de l\u2019organisation, l\u2019Armada 2023 a g\u00e9n\u00e9r\u00e9 97,5 millions d\u2019euros (enqu\u00eate terrain aupr\u00e8s de 1 244 visiteurs et 20 exposants) dont 63,5 millions de d\u00e9penses sur le site, 7,6 millions dans les commerces locaux et 6,7 millions en h\u00e9bergement, avec un panier moyen de 32,45 euros par visiteur. Les visiteurs justement sont venus pour 31 % de Normandie, 22 % de la M\u00e9tropole Rouen Normandie, 12,1 % d\u2019\u00cele de France, 11,7 % des Hauts-de-France et 3 % de l\u2019\u00e9tranger, majoritairement d\u2019Allemagne, des \u00c9tats-Unis et de Belgique. \u00ab C\u2019est bien, mais je m\u2019attendais \u00e0 un peu plus \u00bb, a estim\u00e9 Jean-Paul Rivi\u00e8re.<\/p>\n<p class=\"paragraph text_align_left lp-f-body-02\">Les questions de s\u00e9curit\u00e9 n\u2019ont pas \u00e9t\u00e9 \u00e9lud\u00e9es : trois ports d\u2019armes, cinq personnes tomb\u00e9es \u00e0 l\u2019eau et une agression sexuelle pendant la manifestation. \u00ab Pour les gens tomb\u00e9s \u00e0 l\u2019eau, il n\u2019y a que moi qui voudrais mettre des barri\u00e8res tout le long des berges, a expliqu\u00e9 Jean-Paul Rivi\u00e8re. Les fouilles contre les armes, c\u2019est un gros probl\u00e8me. Et pour l\u2019agression sexuelle, je l\u2019apprends. Effectivement, ce n\u2019est pas suffisant. Il faut faire mieux. \u00bb<\/p>\n<p class=\"title-embed-dailymotion lp-color-text lp-f-subtitle-04\">Vid\u00e9oAmerica et Adal, deux jeunes marins qui ont perdu la vie dans la collision de leur bateau ave cle pont de Brooklyn<\/p>\n<p class=\"paragraph text_align_left lp-f-body-02\">Avant de lancer, \u00ab 2027, c\u2019est parti ! \u00bb, le pr\u00e9sident de l\u2019Armada a rendu hommage \u00e0<a href=\"https:\/\/www.leparisien.fr\/futurs\/accident-du-cuauhtemoc-a-new-york-comment-le-voilier-mexicain-a-t-il-pu-percuter-le-pont-de-brooklyn-18-05-2025-5YBHCATRL5B3NPJ2XIUYEZCHII.php \" target=\"_self\" rel=\"noopener\"> l\u2019\u00e9quipage en deuil du Cuauht\u00e9moc<\/a>, le bateau-\u00e9cole mexicain qui a heurt\u00e9 spectaculairement fin mai le pont de Brooklyn \u00e0 New York, faisant deux morts. \u00ab Ce drame stupide et impressionnant est un traumatisme pour tout le monde. Il sera r\u00e9par\u00e9 mais je ne sais pas s\u2019il sera \u00e0 Rouen en 2027. Si c\u2019est le cas, tr\u00e8s probablement pendant les man\u0153uvres et les parades, il n\u2019y aura personne dans les vergues. Mais d\u2019abord, on ne peut penser qu\u2019\u00e0 tous ces morts. \u00bb<\/p>\n<p>Une cinquantaine de navires annonc\u00e9s<\/p>\n<p class=\"paragraph text_align_left lp-f-body-02\">Malgr\u00e9 tout, l\u2019Armada 2027 sera une nouvelle fois une grande f\u00eate avec des concerts, des d\u00e9fil\u00e9s, la Grande pagaille, la Grande parade jusqu\u2019au Havre et, surtout, une cinquantaine de voiliers \u00e0 admirer (45 en 2019 \/ 43 en 2023). \u00ab Nous lancerons officiellement le rassemblement en juin 2026 avec l\u2019accueil \u00e0 Rouen d\u2019un grand voilier, qui n\u2019est pas encore confirm\u00e9 \u00bb, a pr\u00e9venu Jean-Paul Rivi\u00e8re. <\/p>\n<p class=\"paragraph text_align_left lp-f-body-02\">C\u2019est alors que s\u2019est pos\u00e9e la question des bateaux russes, pas invit\u00e9s en 2023 en raison de l\u2019invasion de l\u2019Ukraine de l\u2019embargo sur la Russie. En 2024, <a href=\"https:\/\/www.leparisien.fr\/finistere-29\/fetes-maritimes-de-brest-interdit-dacces-le-voilier-russe-shtandart-veut-quand-meme-tenter-daccoster-09-07-2024-N6CDHVNRW5D5HGYDQKA77SVB5Y.php\" target=\"_self\" rel=\"noopener\">le voilier d\u2019origine russe Shtandart<\/a>, malgr\u00e9 un nouveau pavillon et les distances prises par son capitaine avec Moscou, avait \u00e9t\u00e9 finalement interdit de f\u00eates maritimes \u00e0 Brest. \u00ab S\u2019il y a la paix et que l\u2019Europe change de position, nous verrons si moralement, on peut les faire venir, a pr\u00e9venu Jean-Paul Rivi\u00e8re. Aujourd\u2019hui, la question n\u2019est pas d\u2019actualit\u00e9. La Russie est l\u2019agresseur, nous n\u2019inviterons pas les bateaux si rien ne change. \u00bb La grande f\u00eate des voiliers n\u2019\u00e9chappe pas aux tourments du monde.<\/p>\n","protected":false},"excerpt":{"rendered":"Vivement 2027 pour retrouver l\u2019Armada de Rouen ! Fort de ses 4,3 millions de visiteurs lors de l\u2019\u00e9dition&hellip;\n","protected":false},"author":2,"featured_media":190664,"comment_status":"","ping_status":"","sticky":false,"template":"","format":"standard","meta":{"footnotes":""},"categories":[1590],"tags":[917,11,872,459,1777,674,12,11074,220],"class_list":{"0":"post-190663","1":"post","2":"type-post","3":"status-publish","4":"format-standard","5":"has-post-thumbnail","7":"category-ukraine","8":"tag-actu-locale","9":"tag-actualites","10":"tag-culture-et-loisirs","11":"tag-departements-horsidfo","12":"tag-eu","13":"tag-europe","14":"tag-news","15":"tag-seine-maritime-76","16":"tag-ukraine"},"share_on_mastodon":{"url":"https:\/\/pubeurope.com\/@fr\/114715125998766548","error":""},"_links":{"self":[{"href":"https:\/\/www.europesays.com\/fr\/wp-json\/wp\/v2\/posts\/190663","targetHints":{"allow":["GET"]}}],"collection":[{"href":"https:\/\/www.europesays.com\/fr\/wp-json\/wp\/v2\/posts"}],"about":[{"href":"https:\/\/www.europesays.com\/fr\/wp-json\/wp\/v2\/types\/post"}],"author":[{"embeddable":true,"href":"https:\/\/www.europesays.com\/fr\/wp-json\/wp\/v2\/users\/2"}],"replies":[{"embeddable":true,"href":"https:\/\/www.europesays.com\/fr\/wp-json\/wp\/v2\/comments?post=190663"}],"version-history":[{"count":0,"href":"https:\/\/www.europesays.com\/fr\/wp-json\/wp\/v2\/posts\/190663\/revisions"}],"wp:featuredmedia":[{"embeddable":true,"href":"https:\/\/www.europesays.com\/fr\/wp-json\/wp\/v2\/media\/190664"}],"wp:attachment":[{"href":"https:\/\/www.europesays.com\/fr\/wp-json\/wp\/v2\/media?parent=190663"}],"wp:term":[{"taxonomy":"category","embeddable":true,"href":"https:\/\/www.europesays.com\/fr\/wp-json\/wp\/v2\/categories?post=190663"},{"taxonomy":"post_tag","embeddable":true,"href":"https:\/\/www.europesays.com\/fr\/wp-json\/wp\/v2\/tags?post=190663"}],"curies":[{"name":"wp","href":"https:\/\/api.w.org\/{rel}","templated":true}]}}