{"id":190669,"date":"2025-06-20T10:06:12","date_gmt":"2025-06-20T10:06:12","guid":{"rendered":"https:\/\/www.europesays.com\/fr\/190669\/"},"modified":"2025-06-20T10:06:12","modified_gmt":"2025-06-20T10:06:12","slug":"nick-woltemade-le-bomber-que-lallemagne-nattendait-plus-euro-espoirs-quarts-allemagne-italie","status":"publish","type":"post","link":"https:\/\/www.europesays.com\/fr\/190669\/","title":{"rendered":"Nick Woltemade : le bomber que l\u2019Allemagne n\u2019attendait plus &#8211; Euro espoirs &#8211; Quarts &#8211; Allemagne-Italie"},"content":{"rendered":"<p><a target=\"_blank\" href=\"https:\/\/www.sofoot.com\/articles\/gerd-muller-bombardier-canonise-allemagne-disparition\" rel=\"nofollow noopener\">Il y a eu Gerd M\u00fcller et son pied droit capable de nettoyer n\u2019importe quelle lucarne<\/a>, puis la tignasse de Rudi V\u00f6ller et sa moustache l\u00e9gendaire, avant de laisser place au meilleur buteur de l\u2019histoire de la Coupe du monde, Miroslav Klose. Si Mario G\u00f3mez a \u00e9t\u00e9 loin de faire tache dans tout ce beau monde, <a target=\"_blank\" href=\"https:\/\/www.sofoot.com\/top-100-joueurs-allemands\" rel=\"nofollow noopener\">la tradition du 9 allemand a peu \u00e0 peu disparu depuis l\u2019Euro 2016<\/a> et cette foutue blessure en quarts de finale de l\u2019ancien attaquant du Bayern Munich. <a target=\"_blank\" href=\"https:\/\/www.sofoot.com\/articles\/espagne-allemagne-niclas-fullkrug-bien-plus-quun-bouche-trou-mondial-2022-gr-e\" rel=\"nofollow noopener\">Toute l\u2019affection que l\u2019on porte \u00e0 Niclas F\u00fcllkrug<\/a> ne peut masquer les carences de l\u2019avant-centre de Dortmund. Mais depuis plusieurs mois maintenant, un nom sort du lot pour prendre la rel\u00e8ve : Nick Woltemade. Pas compliqu\u00e9 de le remarquer du haut de son imposant m\u00e8tre 98, qui fait s\u2019\u00e9poumoner Jean-Charles Sabattier depuis le mois de d\u00e9cembre.<\/p>\n<p>Woltemade in Germany<\/p>\n<p>Le joueur form\u00e9 au Werder Br\u00eame a beau avoir \u00e9t\u00e9 le plus jeune joueur de l\u2019histoire du club \u00e0 jouer en Bundesliga, \u00e0 17 ans et 352 jours (le record a depuis \u00e9t\u00e9 battu par Fabio Chiarodia \u00e0 17 ans et 139 jours), il n\u2019\u00e9tait pas destin\u00e9 \u00e0 se retrouver sous le feu des projecteurs aussi t\u00f4t. Difficile \u00e0 croire quand on le voit aujourd\u2019hui exploser avec les espoirs lors de l\u2019Euro. Tripl\u00e9 contre la Slov\u00e9nie avec un succ\u00e8s 3-0, <a target=\"_blank\" href=\"https:\/\/www.sofoot.com\/breves\/lallemagne-ecrabouille-la-tchequie-a-leuro-espoirs-le-danemark-bat-les-pays-bas\" rel=\"nofollow noopener\">un but, deux passes d\u00e9cisives face \u00e0 la Tch\u00e9quie et cette victoire 4-2<\/a>, Nick prend son pied dans cette jeune \u00e9quipe allemande, en attendant d\u2019affronter l\u2019Italie ce dimanche.<\/p>\n<p>Tout comme chez les A, o\u00f9 il a impressionn\u00e9 le s\u00e9lectionneur, Julian Nagelsmann, lors de ses deux premi\u00e8res rencontres avec la Mannschaft contre le Portugal (d\u00e9faite 2-1) <a target=\"_blank\" href=\"https:\/\/www.sofoot.com\/articles\/la-france-termine-sa-saison-par-une-victoire-contre-lallemagne-en-ligue-des-nations\" rel=\"nofollow noopener\">et la France (d\u00e9faite 2-0)<\/a>, dans le cadre du Final Four de la Ligue des nations. \u00ab\u202fIl a bien profit\u00e9 de ses 60 premi\u00e8res minutes en tant qu\u2019international senior\u202f\u00bb, souriait Nagelsmann apr\u00e8s la rencontre face au vainqueur de la Ligue des nations 2025. Quatre petits jours ont s\u00e9par\u00e9 la fin de la comp\u00e9tition et l\u2019Euro espoirs, mais rien de bien effrayant pour la nouvelle idole du public de Stuttgart, qui lui a trouv\u00e9 un surnom \u00e0 la hauteur de ses performances, \u00ab\u202fWoltemessi\u202f\u00bb.\u00a0<\/p>\n<p>\u00ab\u202fUne technique digne de Messi \u202f\u00bb<\/p>\n<p>Arriv\u00e9 libre en 2024 du Werder Br\u00eame apr\u00e8s plusieurs blessures et une p\u00e9riode blanche de 38 matchs sans marquer, Nick Woltemade a donc parfaitement rebondi dans la capitale du Bade-Wurtemberg. Pourtant, personne ne lui a d\u00e9roul\u00e9 le tapis. Non s\u00e9lectionn\u00e9 par son coach Sebastian Hoeness pour participer \u00e0 la Ligue des champions, le natif de Br\u00eame ne conna\u00eet sa premi\u00e8re titularisation en Bundesliga que le 23 novembre 2024 contre Bochum (succ\u00e8s 2-0). Mais pour Atakan Karazor, capitaine de Stuttgart, il n\u2019a pas eu besoin de plus longtemps pour se rendre compte du sp\u00e9cimen qui lui faisait face. \u00ab\u202fHonn\u00eatement, je dirais que je reconnais assez vite un bon footballeur, balan\u00e7ait le Turc de 28 ans \u00e0 <a target=\"_blank\" href=\"https:\/\/www.ran.de\/sports\/fussball\/bundesliga\/news\/vfb-stuttgart-atakan-karazor-warnt-fc-bayern-wir-haben-einen-zwei-meter-messi-musiala-504552?utm_source=chatgpt.com\" rel=\"nofollow noopener\">Ran<\/a>. Avec Nick, je l\u2019ai vu d\u00e8s la premi\u00e8re semaine d\u2019entra\u00eenement. C\u2019est un joueur qui mesure deux m\u00e8tres et il a une technique digne de Messi\u2026\u202f\u00bb<\/p>\n<blockquote>\n<p>Il a tout juste 23 ans, mais quand on parle avec lui, on a l\u2019impression qu\u2019il a 27 ou 28 ans, car il d\u00e9gage une telle souverainet\u00e9.<\/p>\n<\/blockquote>\n<p>Atakan Karazor, capitaine de Stuttgart<\/p>\n<p>Avec sa d\u00e9gaine \u00e0 mi-chemin entre Julian Brandt et Erling Halaand, le buteur de 23 ans a parfaitement accompli la t\u00e2che qui lui \u00e9tait destin\u00e9e chez les Souabes : remplacer Sehrou Guirassy. Le joueur form\u00e9 au Stade lavallois affichait des statistiques exceptionnelles dans le club allemand avec un joli bilan de 44 buts en 58 rencontres, <a target=\"_blank\" href=\"https:\/\/www.sofoot.com\/articles\/serhou-guirassy-meilleur-buteur-contre-le-fc-barcelone-en-ligue-des-champions-en-haut-de-laffiche\" rel=\"nofollow noopener\">avant de filer au Borussia Dortmund. <\/a>Pas de quoi effrayer Nick Woltemade qui s\u2019est vite adapt\u00e9 \u00e0 son nouveau r\u00f4le. Ses 17 buts toutes comp\u00e9titions confondues ont fait de lui le meilleur buteur de sa formation cette saison, \u00e0 \u00e9galit\u00e9 avec Ermedin Demirovi\u0107. \u00ab\u00a0Nous savons ce que nous avons avec lui. Nous avons un Messi-Musiala de deux m\u00e8tres, se marre le capitaine. Il a tout juste 23 ans, mais quand on parle avec lui, on a l\u2019impression qu\u2019il a 27 ou 28 ans, car il d\u00e9gage une telle souverainet\u00e9. On le voit aussi sur le terrain.\u202f\u00bb<\/p>\n<p><a target=\"_blank\" href=\"https:\/\/www.sofoot.com\/breves\/dfb-pokal-stuttgart-terrasse-bielefeld-et-remporte-sa-quatrieme-coupe-dallemagne\" rel=\"nofollow noopener\">Une Coupe d\u2019Allemagne remport\u00e9e avec Stuttgart plus tard<\/a>, le premier troph\u00e9e majeur du club depuis 2007, et le voil\u00e0 int\u00e9gr\u00e9 au fameux d\u00e9bat du 9 allemand, attendu par la nation depuis de trop nombreuses ann\u00e9es. \u00ab\u202fFaut-il se plier \u00e0 la tradition au pr\u00e9texte que nous avons connu Seeler, M\u00fcller, Hrubesch, V\u00f6ller et Klose ? Faut-il automatiquement des centres pour un grand costaud de 1,88m ?\u202f\u00bb, questionnait Peter Zeidler, ancien entra\u00eeneur de Tours et Sochaux, en 2022 dans le num\u00e9ro 201 de So Foot. Suffit de regarder les comp\u00e9titions o\u00f9 l\u2019Allemagne a jou\u00e9 sans vrai buteur pour r\u00e9pondre \u00e0 Peter. 2018 ? Un tour en poules et puis s\u2019en va. 2020 ? Sorti par les Anglais dirig\u00e9s par Gareth Southgate en huiti\u00e8mes de finale. 2022 ? Un tour en poules et puis s\u2019en va, bis repetita. Si lors de l\u2019Euro 2024, les Allemands se sont fait sortir en quarts de finale par l\u2019Espagne 2-1, Niclas F\u00fcllkrug n\u2019aura pas su tenir son r\u00f4le de buteur \u00e0 la pointe de l\u2019attaque, remplac\u00e9 par Kai Havertz, attaquant polyvalent par excellence. Eh oui, cette Mannschaft cherche d\u00e9sesp\u00e9r\u00e9ment son 9, grand par le talent, mais aussi par la taille.<\/p>\n<p>La Coupe du monde 2026 dans le viseur<\/p>\n<p>M\u00eame en Bundesliga, un buteur allemand n\u2019a plus survol\u00e9 le championnat depuis belle lurette. Seul Niclas F\u00fcllkrug, adul\u00e9 par le public allemand, a \u00e9t\u00e9 meilleur buteur de Bundesliga lors de la saison 2022-2023, mais avec un faible total de seize buts, \u00e0 \u00e9galit\u00e9 avec le port\u00e9 disparu Christopher Nkunku. Et si Nick Woltemade \u00e9tait l\u2019\u00e9lu ? Puissant, capable de marquer de la t\u00eate comme du pied droit, un blase \u00e0 effrayer les d\u00e9fenses europ\u00e9ennes, tout est r\u00e9uni pour en faire le grantatakan de la formation allemande. \u00ab\u202fWoltemessi\u202f\u00bb poss\u00e8de \u00e9galement une belle technique balle au pied, chose rare pour un attaquant de son gabarit. \u00ab\u202fIl est capable de fixer avec le ballon, mais aussi de faire des miracles comme un dribbleur de 1,60 m\u00e8tre. C\u2019est tr\u00e8s fort\u202f\u00bb, souligne Atakan Karazor. L\u2019Euro espoirs ne fait que commencer, mais l\u2019Allemand de 23 ans a mis tout le monde d\u2019accord.<\/p>\n<p><img decoding=\"async\" loading=\"lazy\" class=\"\" src=\"https:\/\/www.europesays.com\/fr\/wp-content\/uploads\/2025\/06\/1750413972_255_grande.jpg\" alt=\"\" width=\"2000\" height=\"1334\"\/><\/p>\n<p>M\u00eame Rudi V\u00f6ller en pince pour ce minot de Br\u00eame. \u00ab\u202fNon seulement il a d\u00e9j\u00e0 marqu\u00e9 quatre buts, mais on peut toujours lui faire confiance pour faire des appels, ce qui le rend si pr\u00e9cieux, expliquait l\u2019ancien buteur de Marseille \u00e0 <a target=\"_blank\" href=\"https:\/\/www.kicker.de\/voellers-ritterschlag-fuer-woltemade-1126177\/artikel\" rel=\"nofollow noopener\">Kicker<\/a>. Il sait bien garder le ballon, et s\u2019il le perd, c\u2019est souvent \u00e0 cause d\u2019une faute.\u202f\u00bb Il faudra s\u00fbrement du temps pour que Nick Woltemade \u00e9gale le niveau et les statistiques du grand Rudi en s\u00e9lection, mais la cons\u00e9cration est bien l\u00e0 pour le buteur de Stuttgart. Avec Florian Wirtz et Jamal Musiala pour le servir, il aura de quoi s\u2019amuser. Les yeux sont d\u00e9sormais riv\u00e9s sur la Coupe du monde 2026, avec un objectif bien simple : passer les poules. \u00c7a sera d\u00e9j\u00e0 pas mal pour l\u2019Allemagne, douze ans apr\u00e8s le sacre face \u00e0 l\u2019Argentine.<\/p>\n<p>\t\t\t\t\t\t\t\t\t\t<a class=\"lien-connexe\" href=\"https:\/\/www.sofoot.com\/articles\/thomas-hitzlsperger-faire-mon-coming-out-en-cours-de-carriere-maurait-peut-etre-brise\" rel=\"nofollow noopener\" target=\"_blank\">Thomas Hitzlsperger : \u00ab\u202fFaire mon coming out en cours de carri\u00e8re m\u2019aurait peut-\u00eatre bris\u00e9\u202f\u00bb<\/a>\t\t\t\t\t<\/p>\n","protected":false},"excerpt":{"rendered":"Il y a eu Gerd M\u00fcller et son pied droit capable de nettoyer n\u2019importe quelle lucarne, puis la&hellip;\n","protected":false},"author":2,"featured_media":190670,"comment_status":"","ping_status":"","sticky":false,"template":"","format":"standard","meta":{"footnotes":""},"categories":[1587],"tags":[47,11,61,672,69,1804,65,1805,1803,64,1777,674,63,1801,68,66,12,62,70,1802,67],"class_list":{"0":"post-190669","1":"post","2":"type-post","3":"status-publish","4":"format-standard","5":"has-post-thumbnail","7":"category-allemagne","8":"tag-actualite","9":"tag-actualites","10":"tag-actus-football","11":"tag-allemagne","12":"tag-bundesliga","13":"tag-bundesrepublik-deutschland","14":"tag-championnats-europeens","15":"tag-de","16":"tag-deutschland","17":"tag-equipe-de-france","18":"tag-eu","19":"tag-europe","20":"tag-football","21":"tag-germany","22":"tag-ligua","23":"tag-ligue-1","24":"tag-news","25":"tag-news-foot","26":"tag-premier-league","27":"tag-republique-federale-dallemagne","28":"tag-serie-a"},"share_on_mastodon":{"url":"https:\/\/pubeurope.com\/@fr\/114715137522403743","error":""},"_links":{"self":[{"href":"https:\/\/www.europesays.com\/fr\/wp-json\/wp\/v2\/posts\/190669","targetHints":{"allow":["GET"]}}],"collection":[{"href":"https:\/\/www.europesays.com\/fr\/wp-json\/wp\/v2\/posts"}],"about":[{"href":"https:\/\/www.europesays.com\/fr\/wp-json\/wp\/v2\/types\/post"}],"author":[{"embeddable":true,"href":"https:\/\/www.europesays.com\/fr\/wp-json\/wp\/v2\/users\/2"}],"replies":[{"embeddable":true,"href":"https:\/\/www.europesays.com\/fr\/wp-json\/wp\/v2\/comments?post=190669"}],"version-history":[{"count":0,"href":"https:\/\/www.europesays.com\/fr\/wp-json\/wp\/v2\/posts\/190669\/revisions"}],"wp:featuredmedia":[{"embeddable":true,"href":"https:\/\/www.europesays.com\/fr\/wp-json\/wp\/v2\/media\/190670"}],"wp:attachment":[{"href":"https:\/\/www.europesays.com\/fr\/wp-json\/wp\/v2\/media?parent=190669"}],"wp:term":[{"taxonomy":"category","embeddable":true,"href":"https:\/\/www.europesays.com\/fr\/wp-json\/wp\/v2\/categories?post=190669"},{"taxonomy":"post_tag","embeddable":true,"href":"https:\/\/www.europesays.com\/fr\/wp-json\/wp\/v2\/tags?post=190669"}],"curies":[{"name":"wp","href":"https:\/\/api.w.org\/{rel}","templated":true}]}}