{"id":190707,"date":"2025-06-20T10:27:11","date_gmt":"2025-06-20T10:27:11","guid":{"rendered":"https:\/\/www.europesays.com\/fr\/190707\/"},"modified":"2025-06-20T10:27:11","modified_gmt":"2025-06-20T10:27:11","slug":"une-enigme-aux-multiples-visages-passee-au-crible","status":"publish","type":"post","link":"https:\/\/www.europesays.com\/fr\/190707\/","title":{"rendered":"une \u00e9nigme aux multiples visages pass\u00e9e au crible"},"content":{"rendered":"<p>L\u2019\u00e9tude Coper r\u00e9v\u00e8le la complexit\u00e9 du Covid long chez des patients jamais hospitalis\u00e9s, trop souvent invisibles pour la recherche.<\/p>\n<p class=\"fig-paragraph\"><a href=\"http:\/\/sante.lefigaro.fr\/mieux-etre\/de-quelle-fatigue-souffrez-vous-et-comment-en-venir-a-bout-20241002\" data-fig-type=\"Article\" data-gtm-custom-categorie=\"navigation\" data-gtm-custom-action=\"crossclick\" data-gtm-custom-label=\"Contextuel\" data-gtm-event=\"customEventSPE\" data-fig-domain=\"SANTE\" target=\"_blank\" rel=\"noopener\">Fatigue<\/a>, troubles de la m\u00e9moire, essoufflement, douleurs musculaires, insomnie&#8230; Le\u00a0<a href=\"http:\/\/sante.lefigaro.fr\/medecine\/covid-long-quelles-sont-les-prises-en-charge-les-plus-efficaces-20241230\" data-fig-type=\"Article\" data-gtm-custom-categorie=\"navigation\" data-gtm-custom-action=\"crossclick\" data-gtm-custom-label=\"Contextuel\" data-gtm-event=\"customEventSPE\" data-fig-domain=\"SANTE\" target=\"_blank\" rel=\"noopener\">Covid long<\/a>\u00a0et son cort\u00e8ge de sympt\u00f4mes demeurent une \u00e9nigme pour la science, en particulier chez les personnes qui n\u2019ont pas \u00e9t\u00e9 hospitalis\u00e9es lors de leur infection initiale. Car si\u00a0<a href=\"https:\/\/www.lefigaro.fr\/sciences\/covid-19-et-sequelles-pulmonaires-nous-craignons-l-apparition-d-une-nouvelle-maladie-20200802\" data-fig-type=\"Article\" data-gtm-custom-categorie=\"navigation\" data-gtm-custom-action=\"crossclick\" data-gtm-custom-label=\"Contextuel\" data-gtm-event=\"customEventSPE\" data-fig-domain=\"LEFIGARO\" target=\"_blank\" rel=\"noopener\">les s\u00e9quelles des formes graves du Covid-19<\/a>\u00a0sont d\u00e9sormais bien document\u00e9es, celles des formes mod\u00e9r\u00e9es ou asymptomatiques restent largement dans l\u2019ombre.<\/p>\n<p class=\"fig-paragraph\">La raison\u00a0? Un suivi souvent disparate de ces patients, qui \u00e9chappent aux radars des centres sp\u00e9cialis\u00e9s. Cette invisibilit\u00e9 rend difficile l\u2019analyse du ph\u00e9nom\u00e8ne \u00e0 l\u2019\u00e9chelle de la population g\u00e9n\u00e9rale. C\u2019est pr\u00e9cis\u00e9ment ce vide que vient combler l\u2019\u00e9tude Coper, pilot\u00e9e par l\u2019ANRS Maladies infectieuses \u00e9mergentes, et publi\u00e9e dans The Lancet eBioMedicine. Entre juin et novembre 2022, pr\u00e8s de 800 personnes ayant contract\u00e9 le Covid, sans avoir \u00e9t\u00e9 hospitalis\u00e9es, ont \u00e9t\u00e9 recrut\u00e9es. La moiti\u00e9 des participants \u00e9taient compl\u00e8tement r\u00e9tablis, les autres souffraient de sympt\u00f4mes\u2026<\/p>\n<p class=\"fig-premium-paywall__infos\">\n        Cet article est r\u00e9serv\u00e9 aux abonn\u00e9s.        Il vous reste 79% \u00e0 d\u00e9couvrir.\n    <\/p>\n<p>                <img  data- alt=\"Le Figaro\" class=\"fig-img--complete fig-img\"\/><\/p>\n<p class=\"fig-premium-paywall__title\">Vente Flash<\/p>\n<p class=\"fig-premium-paywall__subtitle\">3,99\u20ac par mois pendant 12 mois. Sans engagement.<\/p>\n<p class=\"fig-premium-paywall__connect\">\n                D\u00e9j\u00e0 abonn\u00e9\u00a0?                <a class=\"fig-premium-paywall__connect-link\" href=\"https:\/\/connect.lefigaro.fr\/login?client=sante_web&amp;type=main&amp;redirect_uri=https%3A%2F%2Fsante.lefigaro.fr%2Fmedecine%2Fcovid-long-une-enigme-aux-multiples-visages-passee-au-crible-20250620\" data-js-gtm=\"{&quot;customCategorie&quot;: &quot;conversion&quot;, &quot;customAction&quot;: &quot;before_Landing_Connexion_paywall_auto&quot;, &quot;customLabel&quot;: &quot;c2FudGUubGVmaWdhcm8uZnJfXzFmMDRkMTVmLTA1NjItNjcwNi04NDg4LTI3MTQyZmVkNjU2Nl9fQXJ0aWNsZQ==_Covid long: une \u00e9nigme aux multiples visages pass\u00e9e au crible_578&quot;, &quot;customIDSPE&quot;: &quot;c2FudGUubGVmaWdhcm8uZnJfXzFmMDRkMTVmLTA1NjItNjcwNi04NDg4LTI3MTQyZmVkNjU2Nl9fQXJ0aWNsZQ==&quot;, &quot;event&quot;: &quot;customEventSPE&quot;}\" target=\"_blank\" rel=\"noopener\"><br \/>\n                    Connectez-vous<br \/>\n                <\/a>\n            <\/p>\n","protected":false},"excerpt":{"rendered":"L\u2019\u00e9tude Coper r\u00e9v\u00e8le la complexit\u00e9 du Covid long chez des patients jamais hospitalis\u00e9s, trop souvent invisibles pour la&hellip;\n","protected":false},"author":2,"featured_media":190708,"comment_status":"","ping_status":"","sticky":false,"template":"","format":"standard","meta":{"footnotes":""},"categories":[10],"tags":[237,101,232,231,234,228,1011,27,72,239,230,238,226,224,225,233,229,236,235,71,227],"class_list":{"0":"post-190707","1":"post","2":"type-post","3":"status-publish","4":"format-standard","5":"has-post-thumbnail","7":"category-sante","8":"tag-actualite-sur-les-maladies","9":"tag-cancer","10":"tag-cardiologie","11":"tag-cerveau","12":"tag-diabete","13":"tag-diagnostic","14":"tag-fr","15":"tag-france","16":"tag-health","17":"tag-info-sur-les-maladies","18":"tag-infographie","19":"tag-information-sur-les-maladies","20":"tag-maladie","21":"tag-medecine","22":"tag-medicament","23":"tag-obesite","24":"tag-pathologie","25":"tag-pediatrie","26":"tag-psychiatrie","27":"tag-sante","28":"tag-traitement"},"share_on_mastodon":{"url":"https:\/\/pubeurope.com\/@fr\/114715220576409838","error":""},"_links":{"self":[{"href":"https:\/\/www.europesays.com\/fr\/wp-json\/wp\/v2\/posts\/190707","targetHints":{"allow":["GET"]}}],"collection":[{"href":"https:\/\/www.europesays.com\/fr\/wp-json\/wp\/v2\/posts"}],"about":[{"href":"https:\/\/www.europesays.com\/fr\/wp-json\/wp\/v2\/types\/post"}],"author":[{"embeddable":true,"href":"https:\/\/www.europesays.com\/fr\/wp-json\/wp\/v2\/users\/2"}],"replies":[{"embeddable":true,"href":"https:\/\/www.europesays.com\/fr\/wp-json\/wp\/v2\/comments?post=190707"}],"version-history":[{"count":0,"href":"https:\/\/www.europesays.com\/fr\/wp-json\/wp\/v2\/posts\/190707\/revisions"}],"wp:featuredmedia":[{"embeddable":true,"href":"https:\/\/www.europesays.com\/fr\/wp-json\/wp\/v2\/media\/190708"}],"wp:attachment":[{"href":"https:\/\/www.europesays.com\/fr\/wp-json\/wp\/v2\/media?parent=190707"}],"wp:term":[{"taxonomy":"category","embeddable":true,"href":"https:\/\/www.europesays.com\/fr\/wp-json\/wp\/v2\/categories?post=190707"},{"taxonomy":"post_tag","embeddable":true,"href":"https:\/\/www.europesays.com\/fr\/wp-json\/wp\/v2\/tags?post=190707"}],"curies":[{"name":"wp","href":"https:\/\/api.w.org\/{rel}","templated":true}]}}