{"id":190709,"date":"2025-06-20T10:28:14","date_gmt":"2025-06-20T10:28:14","guid":{"rendered":"https:\/\/www.europesays.com\/fr\/190709\/"},"modified":"2025-06-20T10:28:14","modified_gmt":"2025-06-20T10:28:14","slug":"la-presence-dauckland-city-est-elle-une-farce-qui-naurait-pas-du-avoir-lieu","status":"publish","type":"post","link":"https:\/\/www.europesays.com\/fr\/190709\/","title":{"rendered":"La pr\u00e9sence d\u2019Auckland City est-elle une farce qui n\u2019aurait pas d\u00fb avoir lieu\u00a0?"},"content":{"rendered":"<p>Les supporteurs d\u2019Auckland City r\u00e9sisteront-ils \u00e0 la tentation de faire des folies sur les sites de paris sportifs d\u2019ici la fin de la <a href=\"https:\/\/www.20minutes.fr\/sport\/football\/coupe-monde-clubs\/\" class=\"color-ultramarine c-link\" target=\"_blank\" rel=\"noopener\">Coupe du monde\u00a0des clubs 2025<\/a>\u00a0? La cote pour une \u00ab\u00a0simple\u00a0\u00bb victoire de leur \u00e9quipe, ce vendredi (18 heures) contre Benfica, y oscille en effet entre 70 et 200\u2026 contre 8,75 pour un 0-8\u00a0! Il est m\u00eame impossible de miser en ligne sur un succ\u00e8s du club lisbo\u00e8te au vu de sa cote rarissime \u00e0 1,01. Car si de s\u00e9rieux doutes entouraient la comp\u00e9titivit\u00e9 du champion n\u00e9o-z\u00e9landais avant la comp\u00e9tition, le <a href=\"https:\/\/www.youtube.com\/watch?v=PrVJmz4eGAg&amp;t=112s\" rel=\"nofollow noopener\" target=\"_blank\" class=\"color-ultramarine c-link\">0-10 ramass\u00e9 contre le Bayern Munich<\/a>, dimanche \u00e0 Cincinnati, l\u2019a fait basculer dans une autre sph\u00e8re.<\/p>\n<p>Canard\u00e9s dans tous les sens (31 tirs \u00e0 3 dont 18 cadr\u00e9s \u00e0 1), les joueurs d\u2019Auckland City ont de quoi \u00eatre traumatis\u00e9s par <a href=\"https:\/\/www.youtube.com\/watch?v=4Diu2N8TGKA&amp;list=RD4Diu2N8TGKA&amp;start_radio=1\" rel=\"nofollow noopener\" target=\"_blank\" class=\"color-ultramarine c-link\">l\u2019air de (french) Can-Can<\/a> de Jacques Offenbach, lanc\u00e9 par la sono du stade apr\u00e8s chacun des buts de Kingsley Coman, Sacha Boey, Michael Olise and co, pendant que Manuel Neuer<a href=\"https:\/\/x.com\/pubitysport\/status\/1935056770684330232\" target=\"_blank\" class=\"color-ultramarine c-link\"> s\u2019\u00e9tirait dans le rond central<\/a> en plein match.<\/p>\n<p>L\u2019effectif total repr\u00e9sente\u2026 4,58\u00a0millions d\u2019euros\u00a0!<\/p>\n<p>Ne serait-on pas concr\u00e8tement ici devant <a href=\"https:\/\/www.20minutes.fr\/sport\/football\/4127226-20241205-coupe-monde-clubs-2025-point-competition-forcee-infantino-mascarade\" class=\"color-ultramarine c-link\" target=\"_blank\" rel=\"noopener\">la farce d\u00e9nonc\u00e9e<\/a> depuis de longs mois par les nombreux d\u00e9tracteurs de la comp\u00e9tition\u00a0? En additionnant les 28 joueurs retenus pour ce Mondial des clubs par Auckland City, on arrive \u00e0 une valeur marchande totale\u2026 de <a href=\"https:\/\/x.com\/DylanDittrich\/status\/1934284904956936402\" rel=\"nofollow\" target=\"_blank\" class=\"color-ultramarine c-link\">4,58\u00a0millions d\u2019euros selon Transfermarkt<\/a>, contre plus d\u20191\u00a0milliard pour le Real Madrid, Manchester City et le PSG.<\/p>\n<p>Cela a-t-il du sens de qualifier un repr\u00e9sentant d\u2019Oc\u00e9anie, la plus petite zone Fifa au monde, pour un tel nouveau tournoi, sous pr\u00e9texte qu\u2019il prend le meilleur sur des clubs de <a href=\"https:\/\/www.20minutes.fr\/dossier\/tahiti\" class=\"color-ultramarine c-link\" target=\"_blank\" rel=\"noopener\">Tahiti<\/a>, des Fidji, de Papouasie-Nouvelle-Guin\u00e9e et de Nouvelle-Cal\u00e9donie\u00a0? Joueur d\u2019Auckland City en\u00a02023 et\u00a02024, <a href=\"https:\/\/www.transfermarkt.fr\/rayan-tayeb\/profil\/spieler\/926121\" rel=\"nofollow noopener\" target=\"_blank\" class=\"color-ultramarine c-link\">Rayan Tayeb<\/a> (21 ans) a un avis tranch\u00e9 sur la question.<\/p>\n<blockquote class=\"mx-m@xs mx-xxl@md color-ultramarine c-citation\">\n<p class=\"font-weight-regular@xs text-italic font-source-serif-pro text-l@xs c-citation__content\">\u00ab\u00a0J\u2019ai pu lire sur les r\u00e9seaux sociaux qu&rsquo;Auckland City ne m\u00e9rite pas d\u2019\u00eatre l\u00e0. Mais c\u2019est hors de propos, le tournoi a pour but de repr\u00e9senter le football du monde entier. Or c\u2019est le meilleur club dans cette partie du monde et il devrait recevoir plus de respect. J\u2019\u00e9tais \u00e0 la fois triste devant le r\u00e9sultat et heureux de voir mes amis dans ce match contre une si grande \u00e9quipe. Apr\u00e8s tous les sacrifices faits, alors qu\u2019ils ne sont pas pros, ils ont m\u00e9rit\u00e9 de vivre cette opportunit\u00e9.\u00a0\u00bb<\/p>\n<\/blockquote>\n<p>Les temps ont bien chang\u00e9 depuis l\u2019\u00e9dition 2014<\/p>\n<p>Sauf que la nouvelle formule de comp\u00e9tition \u00e0 32 \u00e9quipes met en lumi\u00e8re de fa\u00e7on brutale le foss\u00e9 s\u00e9parant Auckland City d\u2019un monstre europ\u00e9en comme le Bayern Munich. \u00ab\u00a0C\u2019est compl\u00e8tement fou de jouer contre le Bayern, soupire <a href=\"https:\/\/x.com\/mikeburgess99\" rel=\"nofollow\" target=\"_blank\" class=\"color-ultramarine c-link\">Michael Burgess<\/a>, journaliste pour <a href=\"https:\/\/www.nzherald.co.nz\/\" rel=\"nofollow noopener\" target=\"_blank\" class=\"color-ultramarine c-link\">The New Zealand Herald<\/a>. Auckland City a d\u00e9j\u00e0 <a href=\"https:\/\/www.youtube.com\/watch?v=k3560zFZAt4\" rel=\"nofollow noopener\" target=\"_blank\" class=\"color-ultramarine c-link\">battu le champion d\u2019Afrique en\u00a02014<\/a> pour atteindre les demi-finales de l\u2019ancien format du Mondial des clubs [\u00e0 sept \u00e9quipes]. Mais l\u00e0, c\u2019est la premi\u00e8re fois de son histoire qu\u2019il affrontait un club europ\u00e9en en match officiel.\u00a0\u00bb<\/p>\n<p><img decoding=\"async\" alt=\"C'est ce qu'on appelle un tableau d'affichage pour l'histoire, non ?\" class=\"c-img\" loading=\"lazy\" fetchpriority=\"auto\" width=\"718\"  src=\"https:\/\/img.20mn.fr\/f9e1zIpfS5OhdfZyydFrfCk\/718x0\" \/>C&rsquo;est ce qu&rsquo;on appelle un tableau d&rsquo;affichage pour l&rsquo;histoire, non ?\u2002-\u00a0P. Ellis \/ AFP<\/p>\n<p>Et il s\u2019en souviendra un bon bout de temps. Michael Burgess dresse un lien entre cette m\u00e9morable racl\u00e9e et le choix de la F\u00e9d\u00e9ration n\u00e9o-z\u00e9landaise de \u00ab\u00a0restructurer son championnat en\u00a02021\u00a0\u00bb. Finie la formule \u00e0 huit \u00e9quipes semi-professionnelles, place depuis \u00e0 32 clubs totalement form\u00e9s d\u2019amateurs, avec des joueurs touchant \u00ab\u00a0au maximum 75 euros par semaine\u00a0\u00bb. Et ce afin de tenter de faire de la place pour de futurs potentiels All Whites, quitte \u00e0 se priver du renfort d\u2019Europ\u00e9ens.<\/p>\n<p>\u00ab\u00a0Attention au r\u00e9cit fait partout depuis dimanche, confie Rayan Tayeb, d\u00e9sormais milieu de terrain pour le club de Western Springs. Je continue de croire qu\u2019il y a un r\u00e9servoir de talents formidable en <a href=\"https:\/\/www.20minutes.fr\/dossier\/nouvelle-zelande\" class=\"color-ultramarine c-link\" target=\"_blank\" rel=\"noopener\">Nouvelle-Z\u00e9lande<\/a> et que le football continue de se d\u00e9velopper chez nous. Cette d\u00e9faite triste \u00e0 voir n\u2019est pas une repr\u00e9sentation pr\u00e9cise de la valeur d\u2019Auckland City.\u00a0\u00bb<\/p>\n<\/p>\n<p>Onet-le-Ch\u00e2teau, Kamoulox de ce Mondial des clubs<\/p>\n<p>C\u00f4t\u00e9 pr\u00e9cision, Opta s\u2019en charge avec son syst\u00e8me de \u00ab\u00a0Power rankings\u00a0\u00bb s\u2019appuyant sur les datas pour \u00e9tablir le <a href=\"https:\/\/theanalyst.com\/articles\/who-are-the-best-football-team-in-the-world-opta-power-rankings\" rel=\"nofollow noopener\" target=\"_blank\" class=\"color-ultramarine c-link\">classement du niveau de performance de 13.000 clubs<\/a> de football dans le monde entier. Et figurez-vous que dans ce classement actualis\u00e9 toutes les deux semaines, Auckland City figure \u00e0 la 5070e place.<\/p>\n<p>A d\u00e9faut du <a href=\"https:\/\/www.20minutes.fr\/sport\/psg\/\" class=\"color-ultramarine c-link\" target=\"_blank\" rel=\"noopener\">PSG<\/a> (leader du classement), le club fran\u00e7ais le plus proche d\u2019Auckland City se trouve \u00eatre\u2026 Onet-le-Ch\u00e2teau (5032e), 9e de National 3 (5e division) cette saison\u00a0! Ce club de l\u2019<a href=\"https:\/\/www.20minutes.fr\/dossier\/aveyron\" class=\"color-ultramarine c-link\" target=\"_blank\" rel=\"noopener\">Aveyron<\/a>, plus petit budget de N3 avec moins de 300.000 euros, se retrouve donc <a href=\"https:\/\/www.lequipe.fr\/Football\/Actualites\/Balaye-par-le-bayern-munich-auckland-city-a-le-meme-niveau-que-la-reserve-de-chateauroux\/1570414\" rel=\"nofollow noopener\" target=\"_blank\" class=\"color-ultramarine c-link\">cit\u00e9 dans les m\u00e9dias comme jamais<\/a> en ce d\u00e9but de suppos\u00e9e plus grande comp\u00e9tition de clubs au monde.<\/p>\n<p>Entra\u00eeneur d\u2019Onet-le-Ch\u00e2teau, Yoan Boscus revient sur ce buzz Kamoulox de haut vol\u00a0: \u00ab\u00a0J\u2019ai re\u00e7u environ 200 messages de tous les horizons pour me dire qu\u2019on aurait pu affronter le Bayern. \u00c7a m\u2019a surpris et \u00e7a m\u2019a surtout fait sourire. L\u2019\u00e9cart \u00e9tait tellement monstrueux sur ce match qu\u2019au final, je trouve m\u00eame que les N\u00e9o-Z\u00e9landais ne s\u2019en sont pas si mal sortis que \u00e7a\u00a0\u00bb.<\/p>\n<p><img decoding=\"async\" alt=\"A lui seul, et malgr\u00e9 ses 67 ans, Thomas M\u00fcller a selon Transfermarkt encore davantage de valeur (6 millions d'euros), que tout l'effectif d'Auckland City r\u00e9uni (4,58 M\u20ac).\" class=\"c-img\" loading=\"lazy\" fetchpriority=\"auto\" width=\"718\"  src=\"https:\/\/img.20mn.fr\/kJrmc52iSpCM-sbacI0B0Ck\/718x0-0.09999762376149775x4.002341466583313-99.9000023762385\" \/>A lui seul, et malgr\u00e9 ses 67 ans, Thomas M\u00fcller a selon Transfermarkt encore davantage de valeur (6 millions d&rsquo;euros), que tout l&rsquo;effectif d&rsquo;Auckland City r\u00e9uni (4,58 M\u20ac).\u2002-\u00a0H. Andrey\/SPP\/SIPA\u00ab\u00a0L\u2019opportunit\u00e9 d\u2019une vie\u00a0\u00bb pour ces joueurs amateurs<\/p>\n<p>Commercial dans la vie et milieu offensif de cette \u00e9quipe d\u2019Onet-le-Ch\u00e2teau compos\u00e9e \u00e0 100\u00a0% d\u2019amateurs, Elo\u00efs Durand (21 ans) compl\u00e8te\u00a0: \u00ab\u00a0Quand on voit cette rouste, \u00e7a montre bien que la pr\u00e9sence d\u2019Auckland \u00e0 cette comp\u00e9tition est un peu ridicule. \u00c7a m\u2019a rappel\u00e9 le match de <a href=\"https:\/\/www.20minutes.fr\/sport\/coupe-de-france\/\" class=\"color-ultramarine c-link\" target=\"_blank\" rel=\"noopener\">Coupe de France<\/a> entre <a href=\"https:\/\/www.20minutes.fr\/sport\/football\/4069307-20240108-revel-psg-blagues-bringue-tatouages-malgre-raclee-bonheur-revelois\" class=\"color-ultramarine c-link\" target=\"_blank\" rel=\"noopener\">Revel et le PSG [0-9 en janvier\u00a02024]<\/a>. On n\u2019aurait pas fait pire que \u00e7a face au Bayern, enfin j\u2019esp\u00e8re\u00a0\u00bb.<\/p>\n<p>Finalement, est-on face \u00e0 un cadeau empoisonn\u00e9 de la part de la Fifa envers ce repr\u00e9sentant oc\u00e9anien hors monde pro, qui va \u00e0 pr\u00e9sent encha\u00eener en quatre jours des matchs contre Benfica et Boca Juniors avant de prendre la porte\u00a0?<\/p>\n<blockquote class=\"mx-m@xs mx-xxl@md color-ultramarine c-citation\">\n<p class=\"font-weight-regular@xs text-italic font-source-serif-pro text-l@xs c-citation__content\">\u00ab\u00a0Autant il y a surtout eu de l\u2019excitation avec la qualification, autant depuis le tirage au sort en d\u00e9cembre, on a bien senti que tout le club \u00e9tait \u00e9galement effray\u00e9 par ce qui l\u2019attendait aux Etats-Unis. On pensait qu\u2019il y aurait vite plusieurs pr\u00eats de joueurs professionnels exp\u00e9riment\u00e9s en vue du tournoi, afin que ces matchs fassent un peu moins flipper. \u00c7a n&rsquo;a pas \u00e9t\u00e9 le choix des dirigeants, et l\u00e0 on est au-del\u00e0 de la mission impossible.\u00a0\u00bb<\/p>\n<\/blockquote>\n<p>Les deux seuls clubs pros du pays ne sont pas \u00e9ligibles<\/p>\n<p>Une autre subtilit\u00e9 a pu \u00e9chapper aux observateurs europ\u00e9ens que nous sommes\u00a0: les Wellington Phoenix et Auckland FC, qui \u00e9voluent dans la A-League australienne professionnelle, n\u2019ont pas pu b\u00e9n\u00e9ficier d\u2019un s\u00e9same pour ce Mondial des clubs. \u00ab\u00a0C\u2019est une complication bizarre \u00e0 laquelle est confront\u00e9 le football n\u00e9o-z\u00e9landais, pr\u00e9cise le journaliste du NZ Herald. Les deux plus gros clubs du pays ne sont pas \u00e9ligibles pour la Ligue des champions d\u2019Oc\u00e9anie [remport\u00e9e \u00e0 13 reprises par Auckland City], ni donc pour la Coupe du monde des clubs. Cela devrait changer d\u2019ici quatre ans.\u00a0\u00bb<\/p>\n<p><img decoding=\"async\" alt=\"La Fifa serait inspir\u00e9e d'\u00e9couter le cri du c\u0153ur de Conor Tracey, qui a tout de m\u00eame encaiss\u00e9 dix buts dimanche. \" class=\"c-img\" loading=\"lazy\" fetchpriority=\"auto\" width=\"718\"  src=\"https:\/\/img.20mn.fr\/IqxYfWUUQY-qp03A6OWXbik\/718x0-0.09999762376149775x0.1-99.9000023762385\" \/>La Fifa serait inspir\u00e9e d&rsquo;\u00e9couter le cri du c\u0153ur de Conor Tracey, qui a tout de m\u00eame encaiss\u00e9 dix buts dimanche. \u2002-\u00a0H. Andrey\/SPP\/Shutterstock\/SIPA\u00ab\u00a0Nous sommes tous fiers de cette \u00e9quipe\u00a0\u00bb<\/p>\n<p>\u00ab\u00a0Il y a depuis dimanche des blagues chez nous sur cette d\u00e9faite ridicule, poursuit Michael Burgess. Aucun joueur d\u2019Auckland City ne devrait faire partie des 23 pour le <a href=\"https:\/\/www.20minutes.fr\/sport\/football\/coupe-monde-2026\/\" class=\"color-ultramarine c-link\" target=\"_blank\" rel=\"noopener\">Mondial 2026<\/a> mais la r\u00e9putation du football n\u00e9o-z\u00e9landais est d\u2019ores et d\u00e9j\u00e0 ab\u00eem\u00e9e par cette Coupe du monde des clubs 2025. Le seul avantage, c\u2019est qu\u2019il y a \u00e0 pr\u00e9sent au pays une vraie curiosit\u00e9 pour ce deuxi\u00e8me match contre <a href=\"https:\/\/www.20minutes.fr\/sport\/benfica\/\" class=\"color-ultramarine c-link\" target=\"_blank\" rel=\"noopener\">Benfica<\/a>.\u00a0\u00bb<\/p>\n<p><a href=\"https:\/\/www.20minutes.fr\/sport\/football\/coupe-monde-clubs\/\" class=\"c-link c-btn c-btn--primary\" target=\"_blank\" rel=\"noopener\">Notre dossier sur la Coupe du monde des clubs<\/a><\/p>\n<p>De mani\u00e8re surprenante, Rayan Tayeb se montre optimiste pour ses anciens co\u00e9quipiers\u00a0: \u00ab\u00a0Je suis s\u00fbr qu\u2019ils vont rebondir vendredi. En tout cas, je pense que personne en Nouvelle-Z\u00e9lande n\u2019a honte de cette \u00e9quipe, nous sommes tous fiers d\u2019elle\u00a0\u00bb. Gare simplement \u00e0 un nouveau <a href=\"https:\/\/www.ina.fr\/ina-eclaire-actu\/video\/i19169163\/galop-infernal-d-offenbach\" rel=\"nofollow noopener\" target=\"_blank\" class=\"color-ultramarine c-link\">Galop infernal<\/a> orchestr\u00e9 par <a href=\"https:\/\/www.20minutes.fr\/dossier\/angel_di_maria\" class=\"color-ultramarine c-link\" target=\"_blank\" rel=\"noopener\">Angel Di Maria<\/a> et ses troupes, ce vendredi \u00e0 Orlando.<\/p>\n","protected":false},"excerpt":{"rendered":"Les supporteurs d\u2019Auckland City r\u00e9sisteront-ils \u00e0 la tentation de faire des folies sur les sites de paris sportifs&hellip;\n","protected":false},"author":2,"featured_media":190710,"comment_status":"","ping_status":"","sticky":false,"template":"","format":"standard","meta":{"footnotes":""},"categories":[9],"tags":[32873,4782,1430,31402,73,2269,63,1011,27,19103,13071,517,60],"class_list":{"0":"post-190709","1":"post","2":"type-post","3":"status-publish","4":"format-standard","5":"has-post-thumbnail","7":"category-sports","8":"tag-auckland","9":"tag-bayern-munich","10":"tag-benfica","11":"tag-coupe-du-monde-des-clubs-2025","12":"tag-etats-unis","13":"tag-fifa","14":"tag-football","15":"tag-fr","16":"tag-france","17":"tag-gianni-infantino","18":"tag-nouvelle-zelande","19":"tag-sport","20":"tag-sports"},"share_on_mastodon":{"url":"https:\/\/pubeurope.com\/@fr\/114715224274303055","error":""},"_links":{"self":[{"href":"https:\/\/www.europesays.com\/fr\/wp-json\/wp\/v2\/posts\/190709","targetHints":{"allow":["GET"]}}],"collection":[{"href":"https:\/\/www.europesays.com\/fr\/wp-json\/wp\/v2\/posts"}],"about":[{"href":"https:\/\/www.europesays.com\/fr\/wp-json\/wp\/v2\/types\/post"}],"author":[{"embeddable":true,"href":"https:\/\/www.europesays.com\/fr\/wp-json\/wp\/v2\/users\/2"}],"replies":[{"embeddable":true,"href":"https:\/\/www.europesays.com\/fr\/wp-json\/wp\/v2\/comments?post=190709"}],"version-history":[{"count":0,"href":"https:\/\/www.europesays.com\/fr\/wp-json\/wp\/v2\/posts\/190709\/revisions"}],"wp:featuredmedia":[{"embeddable":true,"href":"https:\/\/www.europesays.com\/fr\/wp-json\/wp\/v2\/media\/190710"}],"wp:attachment":[{"href":"https:\/\/www.europesays.com\/fr\/wp-json\/wp\/v2\/media?parent=190709"}],"wp:term":[{"taxonomy":"category","embeddable":true,"href":"https:\/\/www.europesays.com\/fr\/wp-json\/wp\/v2\/categories?post=190709"},{"taxonomy":"post_tag","embeddable":true,"href":"https:\/\/www.europesays.com\/fr\/wp-json\/wp\/v2\/tags?post=190709"}],"curies":[{"name":"wp","href":"https:\/\/api.w.org\/{rel}","templated":true}]}}