{"id":190711,"date":"2025-06-20T10:29:11","date_gmt":"2025-06-20T10:29:11","guid":{"rendered":"https:\/\/www.europesays.com\/fr\/190711\/"},"modified":"2025-06-20T10:29:11","modified_gmt":"2025-06-20T10:29:11","slug":"medias-hanouna-lapix-et-minne-sur-m6-salame-au-20h-de-france-2-le-point-sur-le-mercato-tele-et-radio","status":"publish","type":"post","link":"https:\/\/www.europesays.com\/fr\/190711\/","title":{"rendered":"M\u00e9dias. Hanouna, Lapix et Minne sur M6, Salam\u00e9 au 20h de France 2&#8230; le point sur le mercato t\u00e9l\u00e9 et radio"},"content":{"rendered":"<p>Comme chaque ann\u00e9e, fin de saison rime avec mutation. Le mercato n\u2019est pas que footballistique, mais aussi audiovisuel. D\u00e9parts, arriv\u00e9es, arr\u00eats d\u2019\u00e9missions\u00a0: 2025 n\u2019\u00e9chappe pas \u00e0 la r\u00e8gle, la rentr\u00e9e \u00e0 la t\u00e9l\u00e9vision comme en radio sera marqu\u00e9e par de nombreux changements. Plusieurs visages embl\u00e9matiques du PAF vont changer de cha\u00eenes, certains programmes vont faire leur retour, d\u2019autres vont \u00eatre transform\u00e9s\u2026 Voil\u00e0 de quoi vous y retrouver.<\/p>\n<p>Les gros coups de M6<\/p>\n<p>La palme des plus gros transferts revient au groupe M6. L\u2019information est connue depuis quelque temps d\u00e9j\u00e0, mais apr\u00e8s <a href=\"https:\/\/www.ledauphine.com\/societe\/2024\/12\/12\/c8-et-nrj12-exclus-de-la-tnt-en-fevrier-confirme-l-arcom\" target=\"_blank\" rel=\"nofollow noopener\">l\u2019arr\u00eat de la diffusion de C8 sur la TNT<\/a>, <a href=\"https:\/\/www.ledauphine.com\/p\/cyril-hanouna\" target=\"_blank\" rel=\"nofollow noopener\">Cyril Hanouna<\/a>, le \u00a0\u00bbtrublion du PAF\u00a0\u00bb a annonc\u00e9 son transfert sur W9 (groupe M6). <a href=\"https:\/\/www.ledauphine.com\/societe\/2025\/02\/27\/cyril-hanouna-bientot-sur-w9-on-vous-resume-la-derniere-de-touche-pas-a-mon-poste-sur-c8\" target=\"_blank\" rel=\"nofollow noopener\">L\u2019animateur pr\u00e9sentera  Tout beau tout neuf<\/a> sur la cha\u00eene en access prime time, de 18 \u00e0 21 heures. Un format proche de ce qu\u2019il proposait sur Touche pas \u00e0 mon poste, mais en restant sur \u00ab\u00a0le cr\u00e9neau du divertissement\u00a0\u00bb sans \u00ab\u00a0parler politique\u00a0\u00bb, a-t-il promis\u2026 Mais ce n\u2019est pas tout. Cyril Hanouna laisse \u00e9galement son \u00e9mission sur Europe 1  On marche sur la t\u00eate pour int\u00e9grer Fun Radio (groupe M6). Il sera \u00e0 la t\u00eate de <a href=\"https:\/\/www.ledauphine.com\/societe\/2025\/05\/16\/on-connait-le-titre-des-deux-nouvelles-emissions-de-cyril-hanouna-sur-w9-et-fun-radio\" target=\"_blank\" rel=\"nofollow noopener\">Tout beau tout Fun<\/a>, une \u00e9mission quotidienne programm\u00e9e de 15 \u00e0 18 heures. Il n\u2019aura pas le temps de s\u2019ennuyer.<\/p>\n<p>L\u2019autre gros coup de M6, c\u2019est <a href=\"https:\/\/www.ledauphine.com\/p\/anne-sophie-lapix\" target=\"_blank\" rel=\"nofollow noopener\">Anne-Sophie Lapix<\/a> qui <a href=\"https:\/\/www.ledauphine.com\/societe\/2025\/05\/27\/anne-sophie-lapix-quittera-la-presentation-du-20-heures-de-france-2-mi-juillet\" target=\"_blank\" rel=\"nofollow noopener\">quitte la pr\u00e9sentation du journal de 20 heures de France 2<\/a> pour rejoindre la radio RTL (groupe M6) tous les soirs sur la tranche 18-20 heures, \u00e0 la place d\u2019Yves Calvi. Les t\u00e9l\u00e9spectateurs la retrouveront \u00e9galement lors de primes autour des futures \u00e9ch\u00e9ances \u00e9lectorales sur M6.<\/p>\n<p>Mais la cha\u00eene ne s\u2019est pas arr\u00eat\u00e9e l\u00e0. Elle a aussi d\u00e9bauch\u00e9 Olivier Minne du service public, qui arrivera dans le groupe pour animer de \u00ab\u00a0grands divertissements\u00a0\u00bb selon M6. Exit donc  Ford Boyard, que l\u2019animateur animait depuis 23 ans. Son rempla\u00e7ant n\u2019a pas encore \u00e9t\u00e9 annonc\u00e9. Il laisse par ailleurs le jeu de France 2 Tout le monde \u00e0 son mot \u00e0 dire, qui sera repris par Bruno Guillon, d\u00e9j\u00e0 \u00e0 la t\u00eate de l\u2019\u00e9mission  Chacun son tour, sur la m\u00eame cha\u00eene.<\/p>\n<p>Le c\u00e9l\u00e8bre duo d\u2019animateurs Laurent Fontaine et Pascal Bataille a, lui aussi, subit l\u2019arr\u00eat de la diffusion de C8 sur la TNT. Ils vont, comme Cyril Hanouna, rebondir sur W9, toujours avec leur \u00e9mission Y\u2019a que la v\u00e9rit\u00e9 qui compte. Enfin, la cha\u00eene accueillera Francis Huster, vu dans Les Tra\u00eetres, qui animera une Murder Party au mus\u00e9e, rappelant le principe d\u2019un Cluedo version t\u00e9l\u00e9vision.<\/p>\n<p>\u00c7a bouge sur France 2<\/p>\n<p>Pour remplacer Anne-Sophie Lapix \u00e0 la pr\u00e9sentation du 20 heures de France 2, le groupe a convaincu <a href=\"https:\/\/www.ledauphine.com\/p\/lea-salame\" target=\"_blank\" rel=\"nofollow noopener\">L\u00e9a Salam\u00e9<\/a> de <a href=\"https:\/\/www.ledauphine.com\/societe\/2025\/06\/19\/lea-salame-quitte-france-inter-pour-le-20-heures-de-france-2\" target=\"_blank\" rel=\"nofollow noopener\">quitter la matinale de France Inter<\/a>, qu\u2019elle co-animait avec Nicolas Demorand depuis 2017. Elle conservera l\u2019\u00e9mission Quelle \u00e9poque\u00a0! diffus\u00e9e le samedi, en deuxi\u00e8me partie de soir\u00e9e, sur la m\u00eame cha\u00eene.<\/p>\n<p>Toujours sur France 2, Agathe Lecaron quitte  La Maison des maternelles, qu\u2019elle animait depuis neuf ans. Si Marie Portolano est pressentie pour la remplacer, son arriv\u00e9e n\u2019a pas \u00e9t\u00e9 confirm\u00e9e par la cha\u00eene.<\/p>\n<p>Sur franceinfo, Julien Benedetto quitte la tranche de 21 \u00e0 23 heures, sur laquelle il pr\u00e9sentait L\u2019Heure am\u00e9ricaine, pour prendre le dernier grand journal de la journ\u00e9e, \u00e0 23 heures. Toujours sur franceinfo, Jean-R\u00e9my Baudot laisse Les inform\u00e9s du soir \u00e0 son bin\u00f4me Agathe Lambret pour prendre la t\u00eate du service politique de la cha\u00eene. Pour assurer l\u2019interview politique, Agathe Lambret pourra compter sur Paul Larrouturou, qui quitte le groupe TF1.<\/p>\n<p>Deux grands noms chez BFMTV<\/p>\n<p>Depuis le rachat du groupe BFM\/RMC par le milliardaire Rodolphe Saad\u00e9 (CMA CGM), il y a eu du mouvement \u00e0 la cha\u00eene d\u2019information en continu. Outre le d\u00e9part de nombreux journalistes apr\u00e8s le changement de propri\u00e9taire et l\u2019arriv\u00e9e de l\u2019ancien PDG de M6, Nicolas de Tavernost, BFMTV est all\u00e9 chercher Marc Fauvelle, directeur de l\u2019information de France Inter depuis deux ans. Le journaliste retrouvera l\u2019antenne, puisqu\u2019il animera une tranche info \u00e0 partir de septembre.<\/p>\n<p>Nicolas Poincar\u00e9, ancien pr\u00e9sentateur de Compl\u00e9ment d\u2019enqu\u00eate, a \u00e9galement \u00e9t\u00e9 recrut\u00e9 par BFMTV et deviendra r\u00e9daction en chef et pr\u00e9sentateur de Ligne rouge, l\u2019\u00e9mission de reportages longs formats de la cha\u00eene, qui a pour objectif de redevenir la premi\u00e8re sur l\u2019information en continu, devant CNews.<\/p>\n<p>Une arriv\u00e9e et un d\u00e9part chez TF1<\/p>\n<p>Du c\u00f4t\u00e9 de la premi\u00e8re cha\u00eene, Benjamin Muller, qui officiait dans la matinale Bonjour aux c\u00f4t\u00e9s de Bruce Toussaint, a annonc\u00e9 quitter son poste pour partir vivre \u00e0 l\u2019\u00e9tranger. Les autres chroniqueurs autour de la table ne devraient pas bouger.<\/p>\n<p>Sur LCI, la cha\u00eene d\u2019information en continu du groupe, retour au bercail pour \u00c9ric Brunet, qui avait quitt\u00e9 la r\u00e9daction l\u2019ann\u00e9e derni\u00e8re pour BFMTV pour animer la tranche entre 20 et 22 heures. Son \u00e9mission avait \u00e9t\u00e9 remplac\u00e9e en janvier dernier par un grand journal de 20 heures. Il revient \u00e0 la rentr\u00e9e sur LCI pour animer une tranche d\u2019information l\u2019apr\u00e8s-midi.<\/p>\n","protected":false},"excerpt":{"rendered":"Comme chaque ann\u00e9e, fin de saison rime avec mutation. Le mercato n\u2019est pas que footballistique, mais aussi audiovisuel.&hellip;\n","protected":false},"author":2,"featured_media":190712,"comment_status":"","ping_status":"","sticky":false,"template":"","format":"standard","meta":{"footnotes":""},"categories":[8],"tags":[58,59,107,1011,27,329,104,2205],"class_list":{"0":"post-190711","1":"post","2":"type-post","3":"status-publish","4":"format-standard","5":"has-post-thumbnail","7":"category-divertissement","8":"tag-divertissement","9":"tag-entertainment","10":"tag-fil-info","11":"tag-fr","12":"tag-france","13":"tag-france-monde","14":"tag-societe","15":"tag-television-medias"},"share_on_mastodon":{"url":"https:\/\/pubeurope.com\/@fr\/114715227866919490","error":""},"_links":{"self":[{"href":"https:\/\/www.europesays.com\/fr\/wp-json\/wp\/v2\/posts\/190711","targetHints":{"allow":["GET"]}}],"collection":[{"href":"https:\/\/www.europesays.com\/fr\/wp-json\/wp\/v2\/posts"}],"about":[{"href":"https:\/\/www.europesays.com\/fr\/wp-json\/wp\/v2\/types\/post"}],"author":[{"embeddable":true,"href":"https:\/\/www.europesays.com\/fr\/wp-json\/wp\/v2\/users\/2"}],"replies":[{"embeddable":true,"href":"https:\/\/www.europesays.com\/fr\/wp-json\/wp\/v2\/comments?post=190711"}],"version-history":[{"count":0,"href":"https:\/\/www.europesays.com\/fr\/wp-json\/wp\/v2\/posts\/190711\/revisions"}],"wp:featuredmedia":[{"embeddable":true,"href":"https:\/\/www.europesays.com\/fr\/wp-json\/wp\/v2\/media\/190712"}],"wp:attachment":[{"href":"https:\/\/www.europesays.com\/fr\/wp-json\/wp\/v2\/media?parent=190711"}],"wp:term":[{"taxonomy":"category","embeddable":true,"href":"https:\/\/www.europesays.com\/fr\/wp-json\/wp\/v2\/categories?post=190711"},{"taxonomy":"post_tag","embeddable":true,"href":"https:\/\/www.europesays.com\/fr\/wp-json\/wp\/v2\/tags?post=190711"}],"curies":[{"name":"wp","href":"https:\/\/api.w.org\/{rel}","templated":true}]}}