{"id":190713,"date":"2025-06-20T10:30:11","date_gmt":"2025-06-20T10:30:11","guid":{"rendered":"https:\/\/www.europesays.com\/fr\/190713\/"},"modified":"2025-06-20T10:30:11","modified_gmt":"2025-06-20T10:30:11","slug":"la-marche-japonaise-cette-alternative-efficace-aux-10-000-pas-quotidiens","status":"publish","type":"post","link":"https:\/\/www.europesays.com\/fr\/190713\/","title":{"rendered":"La marche japonaise, cette alternative efficace aux 10.000 pas quotidiens"},"content":{"rendered":"<p data-module=\"fig-standfirst\" data-context=\"@media (min-width:48em)\">Sur Instagram, un gastro-ent\u00e9rologue am\u00e9ricain vante les b\u00e9n\u00e9fices de la marche japonaise, un effort fractionn\u00e9 id\u00e9al pour am\u00e9liorer sa sant\u00e9 physique et mentale.<\/p>\n<p class=\"fig-paragraph fig-paragraph--dropped\">La marche, cette\u00a0<a href=\"https:\/\/madame.lefigaro.fr\/tag\/exercices-sportifs\" target=\"_blank\" rel=\"noopener\" data-gtm-custom-categorie=\"navigation\" data-gtm-custom-action=\"crossclick\" data-gtm-custom-label=\"Contextuel\" data-gtm-event=\"customEventSPE\">activit\u00e9 physique\u00a0<\/a>tr\u00e8s r\u00e9pandue sur nos trottoirs, passe au niveau sup\u00e9rieur gr\u00e2ce \u00e0 une technique nippone en vogue sur les r\u00e9seaux sociaux. C\u2019est ce que rapporte dimanche 11 mai, le gastro-ent\u00e9rologue am\u00e9ricain et sp\u00e9cialiste du foie Saurabh Sethi. Dans\u00a0<a href=\"https:\/\/www.instagram.com\/reel\/DJfx77GPJbM\/?hl=en\" target=\"_blank\" rel=\"nofollow noopener\" data-gtm-custom-categorie=\"navigation\" data-gtm-custom-action=\"crossclick\" data-gtm-custom-label=\"Contextuel\" data-gtm-event=\"customEventSPE\">une vid\u00e9o<\/a>\u00a0publi\u00e9e sur son compte Instagram, il vante les m\u00e9rites de la marche japonaise. Aussi appel\u00e9e \u00abm\u00e9thode 3-3\u00bb ou \u00abinterval walking\u00bb (marche fractionn\u00e9e, en fran\u00e7ais), elle consiste \u00e0 alterner marche lente et rapide. Selon le professionnel de sant\u00e9, cet exercice offre des b\u00e9n\u00e9fices bien meilleurs sur l\u2019organisme que la traditionnelle recommandation des 10.000 pas quotidiens. Explications.<\/p>\n<p class=\"fig-body-link&#10;             fig-body-component-center-full-width-content&#10;    \">\n            \u00c0 lire aussi<br \/>\n        <a class=\"fig-body-link__link\" href=\"https:\/\/madame.lefigaro.fr\/bien-etre\/une-marche-en-ville-peut-elle-etre-aussi-benefique-que-marche-en-pleine-nature-180221-195040\" data-fig-type=\"Article\" data-gtm-custom-categorie=\"navigation\" data-gtm-custom-action=\"crossclick\" data-gtm-custom-label=\"Contextuel\" data-gtm-event=\"customEventSPE\" data-fig-domain=\"MADAME\" target=\"_blank\" rel=\"noopener\">La marche en ville est-elle aussi b\u00e9n\u00e9fique que celle en pleine nature\u00a0?<\/a>\n<\/p>\n<p>Un effort fractionn\u00e9 accessible \u00e0 tous<\/p>\n<p class=\"fig-paragraph fig-paragraph--dropped\">\u00c0 l\u2019origine, cette marche a \u00e9t\u00e9 d\u00e9velopp\u00e9e en 2007 par les chercheurs Hiroshi Nose et Shizue Masuki au D\u00e9partement de m\u00e9decine avanc\u00e9e de l\u2019universit\u00e9 de Shinshu \u00e0 Matsumoto (Japon). Leur objectif de l\u2019\u00e9poque \u00e9tait de concevoir un protocole de marche accessible \u00e0 tous, notamment aux personnes \u00e2g\u00e9es, mais avec un effort physique structur\u00e9 pour am\u00e9liorer de mani\u00e8re significative la forme physique et les principaux marqueurs de sant\u00e9. Les scientifiques ont ainsi invent\u00e9 l\u2019exercice suivant, inspir\u00e9 de\u00a0<a href=\"https:\/\/madame.lefigaro.fr\/bien-etre\/les-vrais-effets-du-hiit-lentrainement-ludique-et-explosif-pour-muscler-rapidement-le-corps-salle-cluster-paris-091019-167466\" target=\"_blank\" data-fig-type=\"Article\" rel=\"noopener\" data-gtm-custom-categorie=\"navigation\" data-gtm-custom-action=\"crossclick\" data-gtm-custom-label=\"Contextuel\" data-gtm-event=\"customEventSPE\" data-fig-domain=\"MADAME\">l\u2019entra\u00eenement fractionn\u00e9 \u00e0 haute intensit\u00e9<\/a>\u00a0: alterner trois minutes de marche lente et trois minutes de marche rapide, \u00e0 r\u00e9p\u00e9ter pendant trente minutes, quatre fois par semaine. \u00abC\u2019est le genre de marche que l\u2019on fait lorsqu\u2019on se pr\u00e9cipite pour une r\u00e9union importante\u00bb, plaisante le Dr Saurabh Sethi.<\/p>\n<p>Des b\u00e9n\u00e9fices sur la sant\u00e9 physique et mentale<\/p>\n<p class=\"fig-paragraph fig-paragraph--dropped\">La m\u00eame ann\u00e9e de son invention, l\u2019\u00e9quipe scientifique a fait tester cette fameuse marche fractionn\u00e9e sur un groupe parmi 243 adultes de plus 63 ans et a d\u00e9montr\u00e9 des r\u00e9sultats notables, publi\u00e9s dans la revue\u00a0<a href=\"https:\/\/pubmed.ncbi.nlm.nih.gov\/17605959\/\" target=\"_blank\" rel=\"nofollow noopener\" data-gtm-custom-categorie=\"navigation\" data-gtm-custom-action=\"crossclick\" data-gtm-custom-label=\"Contextuel\" data-gtm-event=\"customEventSPE\">Mayo Clinic Proceedings<\/a> . Apr\u00e8s cinq mois, les adeptes de la m\u00e9thode 3-3 ont vu leur force musculaire augmenter de 17 %, leur capacit\u00e9 cardio-respiratoire progresser de 9 %, et leur pression art\u00e9rielle chuter de mani\u00e8re significative. Ces am\u00e9liorations d\u00e9passaient largement celles observ\u00e9es chez les autres marcheurs classiques de l\u2019\u00e9chantillon, notent les chercheurs. \u00abLes r\u00e9sultats sont impressionnants, confirme le Dr Saurabh Sethi dans sa vid\u00e9o. On obtient une meilleure pression art\u00e9rielle, une r\u00e9duction du risque d\u2019AVC et une immunit\u00e9 renforc\u00e9e\u00bb.<\/p>\n<p class=\"fig-paragraph fig-paragraph--dropped\">Tent\u00e9 par cette m\u00e9thode\u00a0? Le gastro-ent\u00e9rologue recommande de terminer l\u2019exercice par un temps de repos entre 3 et 5 minutes. Selon lui, les bienfaits de la marche 3-3 vont au-del\u00e0 de la sant\u00e9 physique et contribuent \u00e0 \u00abune am\u00e9lioration de l\u2019humeur et une meilleure qualit\u00e9 de sommeil\u00bb. Sans oublier la facilit\u00e9 de mise en pratique de cette activit\u00e9 physique, qui all\u00e8ge \u00e9galement notre charge mentale.<\/p>\n<p class=\"fig-paragraph fig-paragraph--dropped\">Et si l\u2019on souhaite que ces 30 minutes de marche fractionn\u00e9e musclent aussi la silhouette, il faudra alors intensifier la session. Dans\u00a0<a href=\"http:\/\/madame.lefigaro.fr\/bien-etre\/forme-detente\/marcher-30-minutes-par-jour-suffit-il-pour-se-muscler-et-etre-en-bonne-sante-20230906\" data-fig-type=\"Article\" data-gtm-custom-categorie=\"navigation\" data-gtm-custom-action=\"crossclick\" data-gtm-custom-label=\"Contextuel\" data-gtm-event=\"customEventSPE\" data-fig-domain=\"MADAME\" target=\"_blank\" rel=\"noopener\">un pr\u00e9c\u00e9dent article<\/a>, la coach Julie Pujols-Benoit recommandait par exemple de privil\u00e9gier les itin\u00e9raires comportant des passages de d\u00e9nivel\u00e9 et des escaliers pour tonifier les muscles des jambes et les fessiers. Et pour renforcer les muscles abdominaux, elle invitait \u00e9galement \u00e0 contracter le\u00a0<a href=\"https:\/\/madame.lefigaro.fr\/bien-etre\/muscler-son-perinee-sept-gestes-quotidiens-qui-abiment-cet-ensemble-de-muscles-120519-165029\" target=\"_blank\" data-fig-type=\"Article\" rel=\"noopener\" data-gtm-custom-categorie=\"navigation\" data-gtm-custom-action=\"crossclick\" data-gtm-custom-label=\"Contextuel\" data-gtm-event=\"customEventSPE\" data-fig-domain=\"MADAME\">p\u00e9rin\u00e9e<\/a>\u00a0et la sangle abdominale, \u00e0 rentrer le nombril et \u00e0 marcher en se tenant le plus droit possible.<\/p>\n<p>                                        <script async src=\"\/\/www.instagram.com\/embed.js\"><\/script><\/p>\n","protected":false},"excerpt":{"rendered":"Sur Instagram, un gastro-ent\u00e9rologue am\u00e9ricain vante les b\u00e9n\u00e9fices de la marche japonaise, un effort fractionn\u00e9 id\u00e9al pour am\u00e9liorer&hellip;\n","protected":false},"author":2,"featured_media":190714,"comment_status":"","ping_status":"","sticky":false,"template":"","format":"standard","meta":{"footnotes":""},"categories":[7],"tags":[2424,4986,4983,2612,4987,27961,4989,1295,1294,638,4988,1011,27,977,4992,4862,4991,206,71,4985,43,40,41,39,4984,279,4990,42,44,4993],"class_list":{"0":"post-190713","1":"post","2":"type-post","3":"status-publish","4":"format-standard","5":"has-post-thumbnail","7":"category-sciences-et-technologies","8":"tag-beaute","9":"tag-beaute-et-bien-etre","10":"tag-bien-etre","11":"tag-conseils","12":"tag-detente","13":"tag-exercices-sportifs","14":"tag-fatigue","15":"tag-feminin","16":"tag-femme","17":"tag-figaro","18":"tag-forme","19":"tag-fr","20":"tag-france","21":"tag-madame","22":"tag-meditation","23":"tag-mieux-etre","24":"tag-nutrition","25":"tag-psycho","26":"tag-sante","27":"tag-sante-et-bien-etre","28":"tag-science","29":"tag-science-and-technology","30":"tag-sciences","31":"tag-sciences-et-technologies","32":"tag-soins","33":"tag-sommeil","34":"tag-stress","35":"tag-technologies","36":"tag-technology","37":"tag-yoga"},"share_on_mastodon":{"url":"https:\/\/pubeurope.com\/@fr\/114715231793344661","error":""},"_links":{"self":[{"href":"https:\/\/www.europesays.com\/fr\/wp-json\/wp\/v2\/posts\/190713","targetHints":{"allow":["GET"]}}],"collection":[{"href":"https:\/\/www.europesays.com\/fr\/wp-json\/wp\/v2\/posts"}],"about":[{"href":"https:\/\/www.europesays.com\/fr\/wp-json\/wp\/v2\/types\/post"}],"author":[{"embeddable":true,"href":"https:\/\/www.europesays.com\/fr\/wp-json\/wp\/v2\/users\/2"}],"replies":[{"embeddable":true,"href":"https:\/\/www.europesays.com\/fr\/wp-json\/wp\/v2\/comments?post=190713"}],"version-history":[{"count":0,"href":"https:\/\/www.europesays.com\/fr\/wp-json\/wp\/v2\/posts\/190713\/revisions"}],"wp:featuredmedia":[{"embeddable":true,"href":"https:\/\/www.europesays.com\/fr\/wp-json\/wp\/v2\/media\/190714"}],"wp:attachment":[{"href":"https:\/\/www.europesays.com\/fr\/wp-json\/wp\/v2\/media?parent=190713"}],"wp:term":[{"taxonomy":"category","embeddable":true,"href":"https:\/\/www.europesays.com\/fr\/wp-json\/wp\/v2\/categories?post=190713"},{"taxonomy":"post_tag","embeddable":true,"href":"https:\/\/www.europesays.com\/fr\/wp-json\/wp\/v2\/tags?post=190713"}],"curies":[{"name":"wp","href":"https:\/\/api.w.org\/{rel}","templated":true}]}}