{"id":190719,"date":"2025-06-20T10:33:10","date_gmt":"2025-06-20T10:33:10","guid":{"rendered":"https:\/\/www.europesays.com\/fr\/190719\/"},"modified":"2025-06-20T10:33:10","modified_gmt":"2025-06-20T10:33:10","slug":"vacances-a-rallonge-journees-trop-longues-la-france-fait-elle-cavalier-seul-en-europe-sur-les-rythmes-scolaires","status":"publish","type":"post","link":"https:\/\/www.europesays.com\/fr\/190719\/","title":{"rendered":"Vacances \u00e0 rallonge, journ\u00e9es trop longues&#8230; La France fait-elle cavalier seul en Europe sur les rythmes scolaires ?"},"content":{"rendered":"<p><strong>INFOGRAPHIES &#8211; <\/strong>Le d\u00e9bat sur les rythmes scolaires revient sur le devant de la sc\u00e8ne avec le lancement, ce vendredi, d\u2019une nouvelle\u00a0convention citoyenne sur les \u00abtemps de l\u2019enfant\u00bb.<\/p>\n<p class=\"fig-paragraph\">Emmanuel Macron a annonc\u00e9 le lancement d\u2019une nouvelle\u00a0<a href=\"http:\/\/www.lefigaro.fr\/actualite-france\/rythmes-scolaires-qui-croit-vraiment-a-la-convention-citoyenne-sur-les-temps-de-l-enfant-20250608\" data-fig-type=\"Article\" data-gtm-custom-categorie=\"navigation\" data-gtm-custom-action=\"crossclick\" data-gtm-custom-label=\"Contextuel\" data-gtm-event=\"customEventSPE\" data-fig-domain=\"LEFIGARO\" rel=\"nofollow noopener\" target=\"_blank\">convention citoyenne sur les \u00abtemps de l\u2019enfant\u00bb<\/a>. Elle d\u00e9butera officiellement ce vendredi tandis que ses conclusions sont attendues pour novembre. Objectif\u00a0: r\u00e9interroger\u00a0<a href=\"http:\/\/www.lefigaro.fr\/actualite-france\/reduction-des-vacances-entree-en-classe-retardee-les-pistes-d-emmanuel-macron-pour-revoir-le-temps-scolaire-20250503\" data-fig-type=\"Article\" data-gtm-custom-categorie=\"navigation\" data-gtm-custom-action=\"crossclick\" data-gtm-custom-label=\"Contextuel\" data-gtm-event=\"customEventSPE\" data-fig-domain=\"LEFIGARO\" rel=\"nofollow noopener\" target=\"_blank\">les calendriers scolaires,<\/a>\u00a0les horaires de classe et les vacances. Journ\u00e9es longues, semaines courtes, vacances d\u2019\u00e9t\u00e9 \u00e9tendues&#8230; Le mod\u00e8le tricolore tranche en effet beaucoup avec celui de nombreux pays voisins.<\/p>\n<p class=\"fig-premium-paywall__infos\">\n        Cet article est r\u00e9serv\u00e9 aux abonn\u00e9s.        Il vous reste 90% \u00e0 d\u00e9couvrir.\n    <\/p>\n<p>                <img  data- alt=\"Le Figaro\" class=\"fig-img--complete fig-img\"\/><\/p>\n<p class=\"fig-premium-paywall__title\">Vente Flash<\/p>\n<p class=\"fig-premium-paywall__subtitle\">3,99\u20ac par mois pendant 12 mois. Sans engagement.<\/p>\n<p class=\"fig-premium-paywall__connect\">\n                D\u00e9j\u00e0 abonn\u00e9\u00a0?                <a class=\"fig-premium-paywall__connect-link\" href=\"https:\/\/connect.lefigaro.fr\/login?client=horizon_web&amp;type=main&amp;redirect_uri=https%3A%2F%2Fwww.lefigaro.fr%2Factualite-france%2Fvacances-a-rallonge-journees-trop-longues-la-france-fait-elle-cavalier-seul-en-europe-sur-les-rythmes-scolaires-20250620\" data-js-gtm=\"{&quot;customCategorie&quot;: &quot;conversion&quot;, &quot;customAction&quot;: &quot;before_Landing_Connexion_paywall_manuel&quot;, &quot;customLabel&quot;: &quot;bGVmaWdhcm8uZnJfXzFmMDQ2MDEyLThjZDYtNjAwYy04OTlkLTdiMWVmMjZjYjVhMF9fTmV3c0ZsYXNo_Vacances \u00e0 rallonge, journ\u00e9es trop longues... La France fait-elle cavalier seul en Europe sur les rythmes scolaires\u00a0?_1152&quot;, &quot;customIDSPE&quot;: &quot;bGVmaWdhcm8uZnJfXzFmMDQ2MDEyLThjZDYtNjAwYy04OTlkLTdiMWVmMjZjYjVhMF9fTmV3c0ZsYXNo&quot;, &quot;event&quot;: &quot;customEventSPE&quot;}\" rel=\"nofollow noopener\" target=\"_blank\"><br \/>\n                    Connectez-vous<br \/>\n                <\/a>\n            <\/p>\n","protected":false},"excerpt":{"rendered":"INFOGRAPHIES &#8211; Le d\u00e9bat sur les rythmes scolaires revient sur le devant de la sc\u00e8ne avec le lancement,&hellip;\n","protected":false},"author":2,"featured_media":190720,"comment_status":"","ping_status":"","sticky":false,"template":"","format":"standard","meta":{"footnotes":""},"categories":[4],"tags":[47,1058,1054,1059,1060,1055,11,32874,1057,118,1011,27,1061,303,12,1062,25,656,104,1056,809],"class_list":{"0":"post-190719","1":"post","2":"type-post","3":"status-publish","4":"format-standard","5":"has-post-thumbnail","7":"category-france","8":"tag-actualite","9":"tag-actualite-education","10":"tag-actualite-france","11":"tag-actualite-justice","12":"tag-actualite-securite","13":"tag-actualite-societe","14":"tag-actualites","15":"tag-convention-citoyenne","16":"tag-education","17":"tag-faits-divers","18":"tag-fr","19":"tag-france","20":"tag-immigration","21":"tag-justice","22":"tag-news","23":"tag-polemique","24":"tag-republique-francaise","25":"tag-securite","26":"tag-societe","27":"tag-societe-francaise","28":"tag-violence"},"share_on_mastodon":{"url":"https:\/\/pubeurope.com\/@fr\/114715243640360193","error":""},"_links":{"self":[{"href":"https:\/\/www.europesays.com\/fr\/wp-json\/wp\/v2\/posts\/190719","targetHints":{"allow":["GET"]}}],"collection":[{"href":"https:\/\/www.europesays.com\/fr\/wp-json\/wp\/v2\/posts"}],"about":[{"href":"https:\/\/www.europesays.com\/fr\/wp-json\/wp\/v2\/types\/post"}],"author":[{"embeddable":true,"href":"https:\/\/www.europesays.com\/fr\/wp-json\/wp\/v2\/users\/2"}],"replies":[{"embeddable":true,"href":"https:\/\/www.europesays.com\/fr\/wp-json\/wp\/v2\/comments?post=190719"}],"version-history":[{"count":0,"href":"https:\/\/www.europesays.com\/fr\/wp-json\/wp\/v2\/posts\/190719\/revisions"}],"wp:featuredmedia":[{"embeddable":true,"href":"https:\/\/www.europesays.com\/fr\/wp-json\/wp\/v2\/media\/190720"}],"wp:attachment":[{"href":"https:\/\/www.europesays.com\/fr\/wp-json\/wp\/v2\/media?parent=190719"}],"wp:term":[{"taxonomy":"category","embeddable":true,"href":"https:\/\/www.europesays.com\/fr\/wp-json\/wp\/v2\/categories?post=190719"},{"taxonomy":"post_tag","embeddable":true,"href":"https:\/\/www.europesays.com\/fr\/wp-json\/wp\/v2\/tags?post=190719"}],"curies":[{"name":"wp","href":"https:\/\/api.w.org\/{rel}","templated":true}]}}