{"id":190723,"date":"2025-06-20T10:35:16","date_gmt":"2025-06-20T10:35:16","guid":{"rendered":"https:\/\/www.europesays.com\/fr\/190723\/"},"modified":"2025-06-20T10:35:16","modified_gmt":"2025-06-20T10:35:16","slug":"saint-etienne-fait-vibrer-ses-paves-la-fete-de-la-musique-debarque-avec-ses-surprises","status":"publish","type":"post","link":"https:\/\/www.europesays.com\/fr\/190723\/","title":{"rendered":"SAINT-\u00c9TIENNE FAIT VIBRER SES PAV\u00c9S : LA F\u00caTE DE LA MUSIQUE D\u00c9BARQUE AVEC SES SURPRISES"},"content":{"rendered":"<p>Le cort\u00e8ge musical prendra son d\u00e9part depuis la place de l\u2019H\u00f4tel-de-Ville pour rejoindre ensuite le parc Joseph-Sanguedolce dans une parade festive.<\/p>\n<p>Samedi : quand Saint-\u00c9tienne devient une sc\u00e8ne g\u00e9ante<\/p>\n<p>Le 21 juin officiel transformera la ville en un immense festival \u00e0 ciel ouvert, attirant comme chaque ann\u00e9e entre 50 000 et 60 000 m\u00e9lomanes. D\u00e8s 15h, les rues du centre accueilleront la formation <strong>Gentlemen Square<\/strong> qui distillera son \u00e9lectro funk mobile, accompagn\u00e9e par les rythmes br\u00e9siliens d\u2019<strong>On\u00e7a Preta<\/strong> et leur batucada endiabl\u00e9e.<\/p>\n<p>Place Jean-Jaur\u00e8s : tremplin pour les talents \u00e9mergents<\/p>\n<p>\u00c0 partir de 18h45, cette place historique mettra \u00e0 l\u2019honneur la nouvelle g\u00e9n\u00e9ration musicale avec notamment le groupe rock <strong>Salut l\u2019Orage<\/strong>. Les amateurs de vinyles et de partitions pourront fouiner dans les bacs d\u2019occasion install\u00e9s sous le kiosque par le r\u00e9seau des M\u00e9diath\u00e8ques d\u00e8s 18h.<\/p>\n<p>Place Dorian : le temple du jazz pour une soir\u00e9e<\/p>\n<p>L\u2019association Gaga Jazz et Le Solar orchestrent \u00e0 partir de 19h un v\u00e9ritable marathon jazzy. <strong>Les \u00e9l\u00e8ves du Conservatoire Massenet<\/strong> ouvriront le bal, suivis du <strong>Trio Sanfonando<\/strong> \u00e0 20h et de<strong> Baile Bom<\/strong> pour cl\u00f4turer \u00e0 22h cette soir\u00e9e swing.<\/p>\n<p>Musiques actuelles et jeunes pousses \u00e0 l\u2019honneur<\/p>\n<p>La place Chavanelle accueillera d\u00e8s 18h une programmation \u00e9clectique avec <strong>Marla Fredonne, KER, August Is Gone et Bearm<\/strong>. Pendant ce temps, le Puits Couriot proposera sa sc\u00e8ne guinguette \u00ab\u00a0La Rel\u00e8ve !\u00a0\u00bb mettant en avant cinq projets prometteurs de rap et d\u2019\u00e9lectro, fruits du tremplin \u00ab\u00a0Nos Talents sur Sc\u00e8ne\u00a0\u00bb 2025, avec notamment Drabilis.<\/p>\n<p>Les \u00ab\u00a0Zic\u2019off\u00a0\u00bb : la musique s\u2019invite partout<\/p>\n<p>Ces concerts organis\u00e9s par les commer\u00e7ants et associations locales essaiment dans toute la ville sur deux jours. Vendredi \u00e0 l\u2019Amicale La\u00efque de C\u00f4te-Chaude, <strong>Papy Kayembe<\/strong> fera r\u00e9sonner ses percussions africaines de 15h \u00e0 16h15, avant une sc\u00e8ne ouverte pour les habitants. <strong>Sepelas Monama<\/strong> cl\u00f4turera avec son Ordofolk congolais, suivi de la <strong>Gova caravane<\/strong> et d\u2019un DJ set jusqu\u2019\u00e0 22h.<\/p>\n<p>Samedi, les animations se multiplieront avec des d\u00e9monstrations de danse country place Jean-Jaur\u00e8s de 18h \u00e0 18h30, et d\u2019autres surprises cours Fauriel et rue Elise Gervais.<\/p>\n<p>Un week-end o\u00f9 Saint-\u00c9tienne prouvera une fois de plus que la musique unit et rassemble, transformant chaque coin de rue en sc\u00e8ne potentielle !<\/p>\n","protected":false},"excerpt":{"rendered":"Le cort\u00e8ge musical prendra son d\u00e9part depuis la place de l\u2019H\u00f4tel-de-Ville pour rejoindre ensuite le parc Joseph-Sanguedolce dans&hellip;\n","protected":false},"author":2,"featured_media":190724,"comment_status":"","ping_status":"","sticky":false,"template":"","format":"standard","meta":{"footnotes":""},"categories":[9653],"tags":[1111,11,2430,1777,674,25885,1011,27,3367,873,12,25,4001],"class_list":{"0":"post-190723","1":"post","2":"type-post","3":"status-publish","4":"format-standard","5":"has-post-thumbnail","7":"category-saint-etienne","8":"tag-actu","9":"tag-actualites","10":"tag-auvergne-rhone-alpes","11":"tag-eu","12":"tag-europe","13":"tag-fete-de-la-musique","14":"tag-fr","15":"tag-france","16":"tag-loire","17":"tag-musique","18":"tag-news","19":"tag-republique-francaise","20":"tag-saint-etienne"},"share_on_mastodon":{"url":"https:\/\/pubeurope.com\/@fr\/114715251427227652","error":""},"_links":{"self":[{"href":"https:\/\/www.europesays.com\/fr\/wp-json\/wp\/v2\/posts\/190723","targetHints":{"allow":["GET"]}}],"collection":[{"href":"https:\/\/www.europesays.com\/fr\/wp-json\/wp\/v2\/posts"}],"about":[{"href":"https:\/\/www.europesays.com\/fr\/wp-json\/wp\/v2\/types\/post"}],"author":[{"embeddable":true,"href":"https:\/\/www.europesays.com\/fr\/wp-json\/wp\/v2\/users\/2"}],"replies":[{"embeddable":true,"href":"https:\/\/www.europesays.com\/fr\/wp-json\/wp\/v2\/comments?post=190723"}],"version-history":[{"count":0,"href":"https:\/\/www.europesays.com\/fr\/wp-json\/wp\/v2\/posts\/190723\/revisions"}],"wp:featuredmedia":[{"embeddable":true,"href":"https:\/\/www.europesays.com\/fr\/wp-json\/wp\/v2\/media\/190724"}],"wp:attachment":[{"href":"https:\/\/www.europesays.com\/fr\/wp-json\/wp\/v2\/media?parent=190723"}],"wp:term":[{"taxonomy":"category","embeddable":true,"href":"https:\/\/www.europesays.com\/fr\/wp-json\/wp\/v2\/categories?post=190723"},{"taxonomy":"post_tag","embeddable":true,"href":"https:\/\/www.europesays.com\/fr\/wp-json\/wp\/v2\/tags?post=190723"}],"curies":[{"name":"wp","href":"https:\/\/api.w.org\/{rel}","templated":true}]}}