{"id":190727,"date":"2025-06-20T10:37:16","date_gmt":"2025-06-20T10:37:16","guid":{"rendered":"https:\/\/www.europesays.com\/fr\/190727\/"},"modified":"2025-06-20T10:37:16","modified_gmt":"2025-06-20T10:37:16","slug":"lorraine-musique-aviation-guinguette-neuf-idees-de-sorties-ce-week-end-en-lorraine","status":"publish","type":"post","link":"https:\/\/www.europesays.com\/fr\/190727\/","title":{"rendered":"Lorraine. Musique, aviation, guinguette&#8230; Neuf id\u00e9es de sorties ce week-end en Lorraine"},"content":{"rendered":"<p>  L\u2019a\u00e9rodrome de Malz\u00e9ville c\u00e9l\u00e8bre le 150e anniversaire de Marie Marvingt<\/p>\n<p>La Journ\u00e9e Marie-Marvingt, cette ann\u00e9e, prendra une tonalit\u00e9 un peu diff\u00e9rente, c\u2019est en effet celle de son 150e anniversaire. La manifestation sera ax\u00e9e sur les activit\u00e9s sportives que pratiquait Marie Marvingt, sauf la natation bien s\u00fbr\u2026 L\u2019occasion aussi de faire conna\u00eetre le plateau de Malz\u00e9ville o\u00f9 l\u2019activit\u00e9 a\u00e9ronautique s\u2019est d\u00e9velopp\u00e9e depuis plus d\u2019un si\u00e8cle. Au programme donc\u200a: l\u2019activit\u00e9 de l\u2019a\u00e9roclub, la pr\u00e9sentation en statique de machines volantes, la pr\u00e9sence de simulateurs de vol ULM, de vol planeur et de vol de la Marine Nationale. Une pr\u00e9sentation de l\u2019environnement du plateau de Malz\u00e9ville par le CPIE est aussi pr\u00e9vue ainsi que la pr\u00e9sence de stands de la Marine Nationale, de l\u2019Arm\u00e9e de l\u2019Air, de l\u2019Arm\u00e9e de Terre, du Centre de recherches historiques de l\u2019Arm\u00e9e de l\u2019Air, des anciens de la 11e escadre de chasse, d\u2019un mur d\u2019escalade\u2026<\/p>\n<p>    &#13;<br \/>\n    &#13;<br \/>\n    &#13;<br \/>\n    <a href=\"https:\/\/cdn-s-www.estrepublicain.fr\/images\/ec3302e4-38a7-4c10-b66f-c4ddef2c3564\/NW_raw\/photo-cedric-jacquot-1750337029.jpg\" title=\"Photo C\u00e9dric Jacquot\" class=\"chocolat-image GA-tracking\" data-ga_type=\"click\" data-ga_category=\"D\u00e9tail\" data-ga_action=\"zoomer\" data-ga_label=\"aggrandir image\" target=\"_blank\" rel=\"noopener\">&#13;<br \/>\n        <img src=\"https:\/\/www.europesays.com\/fr\/wp-content\/uploads\/2025\/06\/photo-cedric-jacquot-1750337029.jpg\"   alt=\"Photo C\u00e9dric Jacquot\" fetchpriority=\"high\" decoding=\"async\" data-mobile=\"NW_listA_M|1750337029\" data-base=\"NW_listA|1750337029\"\/>&#13;<br \/>\n    <\/a>&#13;<\/p>\n<p>Photo C\u00e9dric Jacquot<\/p>\n<p class=\"insetTitle\">Les infos pratiques<\/p>\n<ul>\n<li><strong>Lieu \u00a0:<\/strong>\u00a0a\u00e9roclub Marie-Marvingt de Nancy-Malz\u00e9ville.<\/li>\n<li><strong>Dates \u00a0:<\/strong>\u00a0Dimanche 22\u00a0juin de 10\u200ah \u00e0 18\u200ah.<\/li>\n<li><strong>Tarif \u00a0:<\/strong> gratuit.<\/li>\n<\/ul>\n<p>  La guinguette d\u2019Epinal de retour<\/p>\n<p>La guinguette municipale a jet\u00e9 \u00e0 nouveau l\u2019ancre en rives de Moselle o\u00f9 elle a d\u00e9but\u00e9 il y a quatre ans, au c\u0153ur du verdoyant parc de la Maison romaine d\u2019Epinal. Elle a fait r\u00e9entendre ses flonflons depuis le 5 juin et jusqu\u2019au 1er week-end de septembre avec des horaires un peu resserr\u00e9s (16 h -22 h) du jeudi au samedi soir, pour la tranquillit\u00e9 des riverains. Une parenth\u00e8se musicale et conviviale aux saveurs estivales. Exploit\u00e9e par les g\u00e9rants du Green Bagel caf\u00e9 avec David Hilaire et son \u00e9quipe au zinc, la formule musique et danse autour d\u2019un verre va \u00eatre de nouveau de mise avec animations diverses pour satisfaire un public le plus large possible dans un bel esprit de partage. Terrasse ombrag\u00e9e, tables bistrots, boissons fra\u00eeches et petite restauration : tout est r\u00e9uni pour passer un bon moment en famille ou entre amis.<\/p>\n<p>    &#13;<br \/>\n    &#13;<br \/>\n    &#13;<br \/>\n    <a href=\"https:\/\/cdn-s-www.estrepublicain.fr\/images\/130f7bb6-1040-4dd2-85a8-1ec0ee68ca4c\/NW_raw\/photo-jerome-humbrecht-1750337029.jpg\" title=\"Photo J\u00e9r\u00f4me Humbrecht\" class=\"chocolat-image GA-tracking\" data-ga_type=\"click\" data-ga_category=\"D\u00e9tail\" data-ga_action=\"zoomer\" data-ga_label=\"aggrandir image\" target=\"_blank\" rel=\"noopener\">&#13;<br \/>\n        <img src=\"https:\/\/www.europesays.com\/fr\/wp-content\/uploads\/2025\/06\/photo-jerome-humbrecht-1750337029.jpg\"   alt=\"Photo J\u00e9r\u00f4me Humbrecht\" fetchpriority=\"high\" decoding=\"async\" data-mobile=\"NW_listA_M|1750337029\" data-base=\"NW_listA|1750337029\"\/>&#13;<br \/>\n    <\/a>&#13;<\/p>\n<p>Photo J\u00e9r\u00f4me Humbrecht<\/p>\n<p class=\"insetTitle\">Les infos pratiques<\/p>\n<ul>\n<li><strong>Lieu \u00a0:<\/strong>\u00a0rives de Moselle \u00e0 Epinal.<\/li>\n<li><strong>Dates \u00a0:<\/strong> jusqu\u2019au\u00a0premier week-end de septembre.<\/li>\n<li><strong>Tarif \u00a0:<\/strong> entr\u00e9e libre.\u00a0<\/li>\n<\/ul>\n<p>  Malz\u00e9ville \u00a0: le parc de la Dou\u00ebra accueille Les Dou\u00ebraphonies<\/p>\n<p>Les Dou\u00ebraphonies c\u2019est un village musical \u00e9ph\u00e9m\u00e8re accessible \u00e0 tous. Il y aura d\u00e9j\u00e0 L\u2019Vincen\u200a! Un groupe \u00e0 lui tout seul, avec humour, \u00e9nergie et po\u00e9sie. Il y aura aussi Sonia Roussey. Eh oui, on l\u2019a vue \u00e0 \u00ab\u200ala France a un Incroyable Talent\u200a\u00bb et elle a particip\u00e9 \u00e0 \u00ab\u200aThe Voice\u200a\u00bb (saison 10). Et, comme les Dou\u00ebraphonies sont toujours \u00e9pic\u00e9es, il y aura \u00ab\u200aChili Spoon\u200a\u00bb et, comme un Juke-Box acoustique perdu dans la fin du XXe\u00a0si\u00e8cle, le trio Super K7. Bref, c\u2019est la grande boum qui fait escale \u00e0 la Dou\u00ebra\u200a!\u00a0<\/p>\n<p>    &#13;<br \/>\n    &#13;<br \/>\n    &#13;<br \/>\n    <a href=\"https:\/\/cdn-s-www.estrepublicain.fr\/images\/7ff0c346-0813-48b5-b09d-50613dd80b4a\/NW_raw\/sonia-roussey-photo-dr-1750337029.jpg\" title=\"Sonia Roussey. Photo DR\" class=\"chocolat-image GA-tracking\" data-ga_type=\"click\" data-ga_category=\"D\u00e9tail\" data-ga_action=\"zoomer\" data-ga_label=\"aggrandir image\" target=\"_blank\" rel=\"noopener\">&#13;<br \/>\n        <img src=\"https:\/\/www.europesays.com\/fr\/wp-content\/uploads\/2025\/06\/sonia-roussey-photo-dr-1750337029.jpg\"   alt=\"Sonia Roussey. Photo DR\" fetchpriority=\"high\" decoding=\"async\" data-mobile=\"NW_listA_M|1750337029\" data-base=\"NW_listA|1750337029\"\/>&#13;<br \/>\n    <\/a>&#13;<\/p>\n<p>Sonia Roussey. Photo DR<\/p>\n<p class=\"insetTitle\">Les infos pratiques<\/p>\n<ul>\n<li><strong>Lieu \u00a0:\u00a0<\/strong>parc de la Dou\u00ebra \u00e0 Malz\u00e9ville 2 rue du Lion d\u2019Or.<\/li>\n<li><strong>Dates \u00a0:\u00a0<\/strong>Dimanche 22\u00a0juin de 11\u200ah\u200a30 \u00e0 18\u200ah\u200a30.<\/li>\n<li><strong>Tarif \u00a0:<\/strong> gratuit\u00a0;<\/li>\n<\/ul>\n<p>  Concerts \u00e0 ciel ouvert dans les rues nanc\u00e9iennes<\/p>\n<p>La traditionnelle f\u00eate de la musique se d\u00e9roule essentiellement ce samedi dans les rues de Nancy. Cette f\u00eate cr\u00e9\u00e9e en 1982 par Jack Lang, alors ministre de la Culture a travers\u00e9 les \u00e9poques et remporte chaque ann\u00e9e un vif succ\u00e8s. Elle permet d\u2019assister \u00e0 des concerts gratuits et de d\u00e9couvrir de nombreux artistes amateurs ou non dans les rues, les bars et les lieux culturels de la ville. Tous les styles de musique sont repr\u00e9sent\u00e9s, du classique au Hard rock en passant par le chant choral. Depuis quelques ann\u00e9es, on trouve m\u00eame des DJ, qui derri\u00e8re leurs platines, comblent les amateurs de discoth\u00e8que \u00e0 ciel ouvert.<\/p>\n<p>    &#13;<br \/>\n    &#13;<br \/>\n    &#13;<br \/>\n    <a href=\"https:\/\/cdn-s-www.estrepublicain.fr\/images\/a4b763e7-d430-401f-a6ba-9cf5e0f7b4f4\/NW_raw\/photo-cedric-jacquot-1750337029.jpg\" title=\"Photo C\u00e9dric Jacquot\" class=\"chocolat-image GA-tracking\" data-ga_type=\"click\" data-ga_category=\"D\u00e9tail\" data-ga_action=\"zoomer\" data-ga_label=\"aggrandir image\" target=\"_blank\" rel=\"noopener\">&#13;<br \/>\n        <img src=\"https:\/\/www.europesays.com\/fr\/wp-content\/uploads\/2025\/06\/1750415834_692_photo-cedric-jacquot-1750337029.jpg\"   alt=\"Photo C\u00e9dric Jacquot\" fetchpriority=\"high\" decoding=\"async\" data-mobile=\"NW_listA_M|1750337029\" data-base=\"NW_listA|1750337029\"\/>&#13;<br \/>\n    <\/a>&#13;<\/p>\n<p>Photo C\u00e9dric Jacquot<\/p>\n<p class=\"insetTitle\">Les infos pratiques<\/p>\n<ul>\n<li><strong>Lieu \u00a0:<\/strong> les rues de Nancy.<\/li>\n<li><strong>Date \u00a0: <\/strong>samedi 21 juin.<\/li>\n<li><strong>Tarif \u00a0:<\/strong> gratuit.<\/li>\n<\/ul>\n<p>  Quatre jours d\u2019animations tourn\u00e9es vers la culture et la solidarit\u00e9 \u00e0 Vagney et Cornimont<\/p>\n<p>L\u2019\u00e9v\u00e9nement baptis\u00e9 Temps fort solid\u2019, \u00e0 l\u2019initiative de la compagnie du Plateau Ivre, s\u2019inscrit dans la 21e saison estivale du th\u00e9\u00e2tre de verdure. Il se veut rendez-vous pluridisciplinaire autour des questions de solidarit\u00e9. Le programme, accessible et inclusif, est une invitation \u00e0 partager, \u00e9changer et se rencontrer \u00e0 travers l\u2019art et l\u2019entraide. Il s\u2019articule, sur quatre jours, autour de nombreux spectacles, tables rondes, concert, projection de documentaire, parades festives et autres ateliers gratuits.<\/p>\n<p>    &#13;<br \/>\n    &#13;<br \/>\n    &#13;<br \/>\n    <a href=\"https:\/\/cdn-s-www.estrepublicain.fr\/images\/fa037436-b811-46c1-8276-05c247c2f2ac\/NW_raw\/photo-philippe-briqueleur-1750337029.jpg\" title=\"Photo Philippe Briqueleur\" class=\"chocolat-image GA-tracking\" data-ga_type=\"click\" data-ga_category=\"D\u00e9tail\" data-ga_action=\"zoomer\" data-ga_label=\"aggrandir image\" target=\"_blank\" rel=\"noopener\">&#13;<br \/>\n        <img src=\"https:\/\/www.europesays.com\/fr\/wp-content\/uploads\/2025\/06\/photo-philippe-briqueleur-1750337029.jpg\"   alt=\"Photo Philippe Briqueleur\" fetchpriority=\"high\" decoding=\"async\" data-mobile=\"NW_listA_M|1750337029\" data-base=\"NW_listA|1750337029\"\/>&#13;<br \/>\n    <\/a>&#13;<\/p>\n<p>Photo Philippe Briqueleur<\/p>\n<p class=\"insetTitle\">Les infos pratiques <\/p>\n<ul>\n<li><strong>Lieu \u00a0:<\/strong> th\u00e9\u00e2tres de verdure de Vagney et Cornimont<\/li>\n<li><strong>Dates \u00a0: <\/strong>du 25 au 28 juin.<\/li>\n<li><strong>Tarif \u00a0: <\/strong>12 \u20ac.\u00a0<\/li>\n<\/ul>\n<p>  L\u2019aviation \u00e0 l\u2019honneur ce week-end au M\u00e9morial de Verdun<\/p>\n<p>Le M\u00e9morial de Verdun, organise la troisi\u00e8me \u00e9dition de son week-end aviation les samedis 21 et dimanche 22\u00a0juin. Au programme\u200a: spectacle a\u00e9rien de l\u2019\u00e9quipe de voltige de l\u2019arm\u00e9e de l\u2019Air et de l\u2019Espace, commentaires historiques sur l\u2019aviation, d\u00e9monstrations a\u00e9riennes d\u2019avions reconstitu\u00e9s, d\u00e9couverte d\u2019h\u00e9licopt\u00e8res du 3e\u00a0RHC, d\u2019appareils d\u2019a\u00e9romod\u00e9lisme, jeux vid\u00e9o en r\u00e9alit\u00e9 virtuelle, ateliers cr\u00e9atifs pour les enfants.<\/p>\n<p>    &#13;<br \/>\n    &#13;<br \/>\n    &#13;<br \/>\n    <a href=\"https:\/\/cdn-s-www.estrepublicain.fr\/images\/d4a28ac9-90a9-4721-ab10-98617fdcca84\/NW_raw\/photo-lea-didier-1750342691.jpg\" title=\"Photo L\u00e9a Didier\" class=\"chocolat-image GA-tracking\" data-ga_type=\"click\" data-ga_category=\"D\u00e9tail\" data-ga_action=\"zoomer\" data-ga_label=\"aggrandir image\" target=\"_blank\" rel=\"noopener\">&#13;<br \/>\n        <img src=\"https:\/\/www.europesays.com\/fr\/wp-content\/uploads\/2025\/06\/photo-lea-didier-1750342691.jpg\"   alt=\"Photo L\u00e9a Didier\" fetchpriority=\"high\" decoding=\"async\" data-mobile=\"NW_listA_M|1750342691\" data-base=\"NW_listA|1750342691\"\/>&#13;<br \/>\n    <\/a>&#13;<\/p>\n<p>Photo L\u00e9a Didier<\/p>\n<p class=\"insetTitle\">Les infos pratiques<\/p>\n<ul>\n<li><strong>Lieu \u00a0:<\/strong> M\u00e9morial de Verdun<\/li>\n<li><strong>Dates\u00a0 :<\/strong>\u00a0\u00a0samedi 21 et dimanche 22\u00a0juin.<\/li>\n<li><strong>Tarif \u00a0:<\/strong> 8\u00a0\u20ac, tarif enfant de 5 \u00e0 18 ans 1\u00a0\u20ac, gratuit pour les moins de 5 ans. R\u00e9servation obligatoire sur memorial-verdun.fr. Le billet est valable un jour.<\/li>\n<\/ul>\n<p>  C\u2019est parti pour le festival Constellations \u00e0 Metz<\/p>\n<p>\u00c0 partir de ce vendredi, et jusqu\u2019au 30\u00a0ao\u00fbt, la 9e \u00e9dition du festival international Constellations se tient \u00e0 Metz, les jeudis, vendredis et samedis. Avec le parcours d\u2019art urbain, 28 \u0153uvres s\u2019installeront dans 24 lieux. Soit plus de 4\u00a0km de balade culturelle. Cette ann\u00e9e, le grand mapping de la cath\u00e9drale (22\u200ah-0\u200ah\u200a15) a \u00e9t\u00e9 confi\u00e9 aux Messins de Fensch Toast pour un show plus figuratif de 14\u2002minutes.<\/p>\n<p>    &#13;<br \/>\n    &#13;<br \/>\n    &#13;<br \/>\n    <a href=\"https:\/\/cdn-s-www.estrepublicain.fr\/images\/99260c0d-a774-47c6-b0cb-8392e5105084\/NW_raw\/photo-dr-1750342932.jpg\" title=\"Photo DR\" class=\"chocolat-image GA-tracking\" data-ga_type=\"click\" data-ga_category=\"D\u00e9tail\" data-ga_action=\"zoomer\" data-ga_label=\"aggrandir image\" target=\"_blank\" rel=\"noopener\">&#13;<br \/>\n        <img src=\"https:\/\/www.europesays.com\/fr\/wp-content\/uploads\/2025\/06\/photo-dr-1750342932.jpg\"   alt=\"Photo DR\" fetchpriority=\"high\" decoding=\"async\" data-mobile=\"NW_listA_M|1750342932\" data-base=\"NW_listA|1750342932\"\/>&#13;<br \/>\n    <\/a>&#13;<\/p>\n<p>Photo DR<\/p>\n<p class=\"insetTitle\">Les infos pratiques<\/p>\n<ul>\n<li><strong>Lieu \u00a0:<\/strong> rues de Metz.<\/li>\n<li><strong>Dates \u00a0:<\/strong> jusqu&rsquo;au 30 ao\u00fbt les jeudis, vendredis et samedis.<\/li>\n<li><strong>Tarif \u00a0:<\/strong> gratuit.<\/li>\n<\/ul>\n<p>  Foire artisanale et d\u00e9monstrations agricoles \u00e0 Delme<\/p>\n<p>La 65e\u00a0foire rurale et artisanale de Delme aura lieu dimanche d\u00e8s 11\u200ah. L\u2019\u00e9v\u00e9nement proposera des d\u00e9monstrations agricoles, des spectacles \u00e9questres, des stands artisanaux, un mini-salon du livre et des animations pour enfants. Restauration sur place d\u00e8s 11\u200ah\u200a30 \u00e0 la salle Saint-Exup\u00e9ry.<br \/>Contacts\u200a: Fran\u00e7ois Piquard, t\u00e9l.\u200a07\u200a67\u200a02\u200a36\u200a33\u200a; Jean-Jacques Pic, t\u00e9l.\u200a06\u200a73\u200a87\u200a75\u200a00.<\/p>\n<p>    &#13;<br \/>\n    &#13;<br \/>\n    &#13;<br \/>\n    <a href=\"https:\/\/cdn-s-www.estrepublicain.fr\/images\/728bd95c-772a-408c-a399-c2f7b60fa69d\/NW_raw\/photo-dr-1750343227.jpg\" title=\"Photo DR\" class=\"chocolat-image GA-tracking\" data-ga_type=\"click\" data-ga_category=\"D\u00e9tail\" data-ga_action=\"zoomer\" data-ga_label=\"aggrandir image\" target=\"_blank\" rel=\"noopener\">&#13;<br \/>\n        <img src=\"https:\/\/www.europesays.com\/fr\/wp-content\/uploads\/2025\/06\/photo-dr-1750343227.jpg\"   alt=\"Photo DR\" fetchpriority=\"high\" decoding=\"async\" data-mobile=\"NW_listA_M|1750343227\" data-base=\"NW_listA|1750343227\"\/>&#13;<br \/>\n    <\/a>&#13;<\/p>\n<p>Photo DR<\/p>\n<p class=\"insetTitle\">Les infos pratiques<\/p>\n<ul>\n<li><strong>Lieu \u00a0:<\/strong> champ de foire de Delme.<\/li>\n<li><strong>Date\u00a0 :<\/strong> dimanche 22 juin.<\/li>\n<li><strong>Tarif \u00a0:<\/strong> gratuit.<\/li>\n<\/ul>\n","protected":false},"excerpt":{"rendered":"L\u2019a\u00e9rodrome de Malz\u00e9ville c\u00e9l\u00e8bre le 150e anniversaire de Marie Marvingt La Journ\u00e9e Marie-Marvingt, cette ann\u00e9e, prendra une tonalit\u00e9&hellip;\n","protected":false},"author":2,"featured_media":190728,"comment_status":"","ping_status":"","sticky":false,"template":"","format":"standard","meta":{"footnotes":""},"categories":[9635],"tags":[1111,11,1687,1704,1777,674,107,1011,27,775,11259,1702,12,3456,25,3140,10172],"class_list":{"0":"post-190727","1":"post","2":"type-post","3":"status-publish","4":"format-standard","5":"has-post-thumbnail","7":"category-nancy","8":"tag-actu","9":"tag-actualites","10":"tag-culture-loisirs","11":"tag-edition-nancy-et-agglomeration","12":"tag-eu","13":"tag-europe","14":"tag-fil-info","15":"tag-fr","16":"tag-france","17":"tag-grand-est","18":"tag-malzeville","19":"tag-nancy","20":"tag-news","21":"tag-region-lorraine","22":"tag-republique-francaise","23":"tag-spectacle","24":"tag-verdun"},"share_on_mastodon":{"url":"https:\/\/pubeurope.com\/@fr\/114715259578481364","error":""},"_links":{"self":[{"href":"https:\/\/www.europesays.com\/fr\/wp-json\/wp\/v2\/posts\/190727","targetHints":{"allow":["GET"]}}],"collection":[{"href":"https:\/\/www.europesays.com\/fr\/wp-json\/wp\/v2\/posts"}],"about":[{"href":"https:\/\/www.europesays.com\/fr\/wp-json\/wp\/v2\/types\/post"}],"author":[{"embeddable":true,"href":"https:\/\/www.europesays.com\/fr\/wp-json\/wp\/v2\/users\/2"}],"replies":[{"embeddable":true,"href":"https:\/\/www.europesays.com\/fr\/wp-json\/wp\/v2\/comments?post=190727"}],"version-history":[{"count":0,"href":"https:\/\/www.europesays.com\/fr\/wp-json\/wp\/v2\/posts\/190727\/revisions"}],"wp:featuredmedia":[{"embeddable":true,"href":"https:\/\/www.europesays.com\/fr\/wp-json\/wp\/v2\/media\/190728"}],"wp:attachment":[{"href":"https:\/\/www.europesays.com\/fr\/wp-json\/wp\/v2\/media?parent=190727"}],"wp:term":[{"taxonomy":"category","embeddable":true,"href":"https:\/\/www.europesays.com\/fr\/wp-json\/wp\/v2\/categories?post=190727"},{"taxonomy":"post_tag","embeddable":true,"href":"https:\/\/www.europesays.com\/fr\/wp-json\/wp\/v2\/tags?post=190727"}],"curies":[{"name":"wp","href":"https:\/\/api.w.org\/{rel}","templated":true}]}}