{"id":190729,"date":"2025-06-20T10:38:12","date_gmt":"2025-06-20T10:38:12","guid":{"rendered":"https:\/\/www.europesays.com\/fr\/190729\/"},"modified":"2025-06-20T10:38:12","modified_gmt":"2025-06-20T10:38:12","slug":"la-reorientation-du-chantier-du-musee-lorrain-relance-les-debats-sur-lavenir-du-site","status":"publish","type":"post","link":"https:\/\/www.europesays.com\/fr\/190729\/","title":{"rendered":"la r\u00e9orientation du chantier du Mus\u00e9e Lorrain relance les d\u00e9bats sur l\u2019avenir du site"},"content":{"rendered":"<p>  Quelle volte-face\u00a0!<\/p>\n<p><a href=\"https:\/\/www.estrepublicain.fr\/culture-loisirs\/2024\/07\/22\/musee-lorrain-un-dossier-truffe-d-illegalites\" target=\"_blank\" rel=\"noopener\">Que Fran\u00e7oise Herv\u00e9 soit la premi\u00e8re \u00e0 s\u2019en r\u00e9jouir, elle qui a men\u00e9 une guerre judiciaire farouche contre ce projet depuis sa pr\u00e9sentation<\/a>, ne surprendra personne. \u00ab\u00a0Tout ce qu\u2019ils disent depuis le d\u00e9but est ce que nous disons depuis 2013\u00a0\u00bb, signale l\u2019ancienne adjointe au patrimoine. \u00ab\u00a0Mais, on ne m\u2019a pas \u00e9cout\u00e9e\u00a0! Quelle volte-face aujourd\u2019hui\u00a0!\u00a0\u00bb<\/p>\n<p>Cependant, un point l\u2019interroge concernant les fouilles arch\u00e9ologiques, \u00ab\u00a0dont la premi\u00e8re tranche, qui concerne le palais ducal, vient d\u2019\u00eatre d\u00e9command\u00e9e. Mais, ils nous annoncent quand m\u00eame des travaux sur ce m\u00eame palais, ce qui, l\u00e9galement, ne doit pas pouvoir se faire sans fouilles\u00a0\u00bb.<\/p>\n<p>Quant \u00e0 la suite propos\u00e9e par le maire\u00a0? \u00ab\u00a0Il est stup\u00e9fiant de les voir b\u00e2tir la suite avec la m\u00eame proc\u00e9dure, qui a men\u00e9 \u00e0 cette B\u00e9r\u00e9zina\u00a0!\u00a0\u00bb<\/p>\n<p>Elle appelle, elle, \u00e0 ce qu\u2019on se limite \u00e0 \u00ab\u00a0une simple restauration de l\u2019existant\u00a0\u00bb, et qu\u2019on \u00e9vite de se lancer dans la cr\u00e9ation moderne. \u00ab\u00a0Si c\u2019est pour nous pondre un projet qui d\u00e9vaste le Mus\u00e9e Lorrain comme on nous le promet depuis 2013, non\u00a0! Alors qu\u2019une simple restauration ne n\u00e9cessiterait qu\u2019un appel d\u2019offres, pour s\u00e9lectionner un restaurateur du patrimoine. Aucun besoin d\u2019en passer par un concours qui va ajouter deux ans de proc\u00e9dure. Pour le pire, de surcro\u00eet\u00a0!\u00a0\u00bb<\/p>\n<p>  Faillite municipale<\/p>\n<p>\u00ab\u00a0Il ne s\u2019agit pas d\u2019une \u00e9volution mais d\u2019une disparition du projet, de l\u2019argent d\u00e9pens\u00e9 et des aides de l\u2019\u00c9tat et de la R\u00e9gion\u00a0\u00bb, s\u2019insurge l\u2019ancien maire, <a href=\"https:\/\/www.estrepublicain.fr\/p\/laurent-henart\" target=\"_blank\" rel=\"noopener\">Laurent H\u00e9nart<\/a>, sur sa page facebook. \u00ab\u00a0Aujourd\u2019hui, l\u2019abandon de ce projet r\u00e9sulte de la faillite du budget municipal et d\u2019une municipalit\u00e9 sortante qui ne peut plus payer ses factures.\u00a0\u00bb<\/p>\n<p>C\u2019est pourtant de son projet que la municipalit\u00e9 Klein a h\u00e9rit\u00e9. Assorti d\u2019appels d\u2019offres qui se sont r\u00e9v\u00e9l\u00e9s infructueux, car sous-estim\u00e9s.<\/p>\n<p>  Grosse perte de temps<\/p>\n<p>\u00ab\u00a0Que d\u2019ann\u00e9es perdues\u00a0!\u00a0\u00bb, regrette l\u2019association Les Nanc\u00e9iens, port\u00e9e par Sophie Conrad et Rapha\u00ebl Vuitton, membre de l\u2019\u00e9quipe H\u00e9nart \u00e0 l\u2019\u00e9poque.<\/p>\n<p>Ils rappellent qu\u2019en 2023, lorsque le projet avait \u00e9t\u00e9 une premi\u00e8re fois remani\u00e9 par l\u2019\u00e9quipe Klein, pour en baisser les co\u00fbts (la version 3), ils avaient \u00ab\u00a0alert\u00e9 que la soutenabilit\u00e9 de son financement constituait un point de vigilance majeur.\u00a0\u00bb \u00ab\u00a0Et nous avions raison [\u2026]\u00a0\u00bb, poursuivent-ils en regrettant une \u00ab\u00a0prise de conscience tardive\u00a0\u00bb. D\u00e9sormais, ils appellent \u00ab\u00a0\u00e0 la d\u00e9finition concert\u00e9e d\u2019un nouveau projet ambitieux sur le plan culturel et soutenable sur le plan financier\u00a0\u00bb.<\/p>\n<p>  \u00ab\u00a0Rouvrons le Mus\u00e9e\u00a0\u00bb<\/p>\n<p><a href=\"https:\/\/www.estrepublicain.fr\/p\/emmanuel-lacresse\" target=\"_blank\" rel=\"noopener\">Emmanuel Lacresse<\/a>, candidat aux prochaines municipales, consid\u00e8re comme \u00ab\u00a0inenvisageable de repartir dans un nouveau processus\u00a0\u00bb et r\u00e9clame qu\u2019on prenne \u00e0 pr\u00e9sent \u00ab\u00a0le contre-pied de toutes les d\u00e9cisions confuses qui ont produit un tel \u00e9chec\u00a0\u00bb.\u00a0Il se dit donc hostile \u00e0 \u00ab\u00a0toute refonte d\u2019un projet nouveau\u00a0\u00bb, et plaide pour \u00ab\u00a0une relance rapide de l\u2019activit\u00e9 du mus\u00e9e\u00a0\u00bb.<\/p>\n<p>Lui opterait m\u00eame pour un total statu quo\u00a0! \u00ab\u00a0Les projets qui demeurent concernant les fondations ne doivent pas \u00eatre maintenus non plus, s\u2019ils menacent l\u2019\u00e9quilibre des sols fragiles de toute la vieille ville\u00a0\u00bb<\/p>\n","protected":false},"excerpt":{"rendered":"Quelle volte-face\u00a0! Que Fran\u00e7oise Herv\u00e9 soit la premi\u00e8re \u00e0 s\u2019en r\u00e9jouir, elle qui a men\u00e9 une guerre judiciaire&hellip;\n","protected":false},"author":2,"featured_media":190730,"comment_status":"","ping_status":"","sticky":false,"template":"","format":"standard","meta":{"footnotes":""},"categories":[9635],"tags":[1111,11,1687,1704,1777,674,1011,27,775,1702,1703,12,2661,316,25,104],"class_list":{"0":"post-190729","1":"post","2":"type-post","3":"status-publish","4":"format-standard","5":"has-post-thumbnail","7":"category-nancy","8":"tag-actu","9":"tag-actualites","10":"tag-culture-loisirs","11":"tag-edition-nancy-et-agglomeration","12":"tag-eu","13":"tag-europe","14":"tag-fr","15":"tag-france","16":"tag-grand-est","17":"tag-nancy","18":"tag-nancy-ville-54b","19":"tag-news","20":"tag-patrimoine-culturel","21":"tag-politique","22":"tag-republique-francaise","23":"tag-societe"},"share_on_mastodon":{"url":"https:\/\/pubeurope.com\/@fr\/114715263291341805","error":""},"_links":{"self":[{"href":"https:\/\/www.europesays.com\/fr\/wp-json\/wp\/v2\/posts\/190729","targetHints":{"allow":["GET"]}}],"collection":[{"href":"https:\/\/www.europesays.com\/fr\/wp-json\/wp\/v2\/posts"}],"about":[{"href":"https:\/\/www.europesays.com\/fr\/wp-json\/wp\/v2\/types\/post"}],"author":[{"embeddable":true,"href":"https:\/\/www.europesays.com\/fr\/wp-json\/wp\/v2\/users\/2"}],"replies":[{"embeddable":true,"href":"https:\/\/www.europesays.com\/fr\/wp-json\/wp\/v2\/comments?post=190729"}],"version-history":[{"count":0,"href":"https:\/\/www.europesays.com\/fr\/wp-json\/wp\/v2\/posts\/190729\/revisions"}],"wp:featuredmedia":[{"embeddable":true,"href":"https:\/\/www.europesays.com\/fr\/wp-json\/wp\/v2\/media\/190730"}],"wp:attachment":[{"href":"https:\/\/www.europesays.com\/fr\/wp-json\/wp\/v2\/media?parent=190729"}],"wp:term":[{"taxonomy":"category","embeddable":true,"href":"https:\/\/www.europesays.com\/fr\/wp-json\/wp\/v2\/categories?post=190729"},{"taxonomy":"post_tag","embeddable":true,"href":"https:\/\/www.europesays.com\/fr\/wp-json\/wp\/v2\/tags?post=190729"}],"curies":[{"name":"wp","href":"https:\/\/api.w.org\/{rel}","templated":true}]}}