{"id":190737,"date":"2025-06-20T10:42:09","date_gmt":"2025-06-20T10:42:09","guid":{"rendered":"https:\/\/www.europesays.com\/fr\/190737\/"},"modified":"2025-06-20T10:42:09","modified_gmt":"2025-06-20T10:42:09","slug":"sport-une-degringolade-de-limage-de-la-ville-charge-philippe-saurel","status":"publish","type":"post","link":"https:\/\/www.europesays.com\/fr\/190737\/","title":{"rendered":"sport, \u00ab\u00a0une d\u00e9gringolade de l&rsquo;image de la Ville\u00a0\u00bb charge Philippe Saurel"},"content":{"rendered":"<p>\n\t\t\t\t\tL&rsquo;ancien maire\/pr\u00e9sident de Montpellier, d\u00e9sormais \u00e9lu d&rsquo;opposition, voit d&rsquo;un mauvais \u0153il l&rsquo;\u00e9volution du sport professionnel \u00e0 Montpellier. Rencontre. \t\t\t\t<\/p>\n<p>\n\t\t\t\t\t\t\t\t\t\u00a9 H\u00e9rault : Philippe Saurel alerte sur une \u00ab\u00a0gestion financi\u00e8re calamiteuse\u00a0\u00bb de la ville de Montpellier. Cr\u00e9dit photo : Philippe Saurel.\t\t\t\t\t\t\t\t<\/p>\n<p>InfOccitanie : Quel regard portez-vous sur la gestion des clubs sportifs par la M\u00e9tropole de Montpellier ?<\/p>\n<p>Philippe Saurel : Apr\u00e8s mon mandat de maire\/pr\u00e9sident, nous avions laiss\u00e9 les caisses pleines et la M\u00e9tropole de<a href=\"https:\/\/infoccitanie.fr\/tag\/montpellier\/\" rel=\"nofollow noopener\" target=\"_blank\"> Montpellier<\/a> \u00e9tait premi\u00e8re ville sportive de France, \u00e0 \u00e9galit\u00e9 avec Paris pour les hommes, premi\u00e8re ville pour le sport f\u00e9minin. Depuis cinq ans, on assiste \u00e0 une d\u00e9gringolade incroyable. Je passerai sur les chicayas entre la Ville et la F\u00e9d\u00e9ration fran\u00e7aise de natation, mais quand m\u00eame\u2026 Nous n\u2019avions jamais eu de probl\u00e8me \u00e0 l\u2019\u00e9poque avec des f\u00e9d\u00e9rations nationales de sport ! C\u2019est une d\u00e9gringolade de l\u2019image de la Ville, et derri\u00e8re, de l\u2019\u00e9conomie qui va avec et de l\u2019engouement des jeunes pour s\u2019investir. Aujourd\u2019hui, on a l\u2019impression que la M\u00e9tropole traite le sport de haut niveau un peu comme la<a href=\"https:\/\/infoccitanie.fr\/montpellier-2028-quadvient-il-des-fonds-interroge-philippe-saurel\/\" rel=\"nofollow noopener\" target=\"_blank\"> Capitale europ\u00e9enne de la culture<\/a>, au-dessous de la jambe\u2026<\/p>\n<p>InfOccitanie : Le pr\u00e9sident du Montpellier H\u00e9rault Rugby (MHR), Mohed Altrad, a menac\u00e9 de quitter le GGL Stadium, en d\u00e9localisant les entrainements \u00e0 B\u00e9ziers. Il d\u00e9nonce un manque de soutien de la Ville concernant les infrastructures du club. Une menace efficace selon vous ?<\/p>\n<p>Philippe Saurel : Ma conception des relations avec Mohed Altrad est simple. Je parle du club, je mets de c\u00f4t\u00e9 les affaires politiques. Je n\u2019oublie pas que nous avons \u00e9t\u00e9 Champion de France une seule fois dans notre histoire, en soulevant le Bouclier de Brennus. Altrad, en tant que pr\u00e9sident financeur, et son staff ont largement contribu\u00e9. Il faut mettre l\u2019\u00e9glise au centre du village. Il existe aujourd\u2019hui des probl\u00e8mes concernant le stade en mauvais entretien, les vestiaires et la salle de musculation mal entretenus, le tout appartenant \u00e0 la M\u00e9tropole.<\/p>\n<p>InfOccitanie : A l\u2019\u00e9poque de votre pr\u00e9sidence, vous non plus n\u2019aviez pas voulu c\u00e9der les terrains autour du stade GGL\u2026<\/p>\n<p>Philippe Saurel : Cela n\u2019a rien \u00e0 voir, je ne pouvais tout simplement pas le faire. J\u2019avais modifi\u00e9, avec l\u2019accord des Montpelli\u00e9rains, le trajet de la ligne 5 du tram, desservant le quartier de la Mosson, en passant sur le parvis du GGL Stadium. Il m\u2019\u00e9tait impossible de vendre les terrains tant que la ligne de tram n\u2019\u00e9tait pas constitu\u00e9e. <\/p>\n<p>InfOccitanie : Qu\u2019un \u00e9quipement public appartienne \u00e0 un acteur priv\u00e9 ne suscite chez vous aucune appr\u00e9hension ? L\u2019exemple n\u00eemois n\u2019est pas tr\u00e8s r\u00e9jouissant\u2026<\/p>\n<p>Philippe Saurel : Que le stade de rugby appartienne \u00e0 <a href=\"https:\/\/infoccitanie.fr\/entretien-politique-mohed-altrad-repond-a-nos-questions\/\" rel=\"nofollow noopener\" target=\"_blank\">Mohed Altrad<\/a>, je ne suis pas contre, moyennant une organisation solide. Comme j\u2019\u00e9tais en faveur que Nicollin soit propri\u00e9taire du stade \u00e0 Cambac\u00e9r\u00e8s \u00e0 l\u2019\u00e9poque de ma proposition. Il peut y avoir plusieurs actionnaires, la Ville pourrait \u00eatre partenaire, il y a plusieurs possibilit\u00e9s juridiques. Au-del\u00e0 des discours bling-bling, il est d\u00e9plaisant de constater l\u2019\u00e9tat archa\u00efque de l\u2019\u00e9quipement aujourd\u2019hui.<\/p>\n<p>Philippe Saurel : C\u2019est la double peine. En plus de tomber en 2e division, la majorit\u00e9 actuelle leur a fait miroiter pendant six ans un nouveau stade, en vain. Je veux bien que l\u2019on dise \u00ab\u00a0Philippe n\u2019a pas fait le stade \u00e0 l\u2019\u00e9poque\u00a0\u00bb. Sauf que j\u2019en ai parl\u00e9 en 2017, juste apr\u00e8s, il y a eu le Covid et je n\u2019ai pas \u00e9t\u00e9 r\u00e9\u00e9lu\u2026 Le premier terrain propos\u00e9 par la Ville \u00e0 P\u00e9rols \u00e9tait frapp\u00e9 de transparence hydraulique. Il \u00e9tait inapte \u00e0 recevoir de l\u2019\u00e9quipement public, l\u2019urbanisme ne le permettait pas. La Ville l\u2019a quand m\u00eame propos\u00e9 alors qu\u2019elle connaissait tr\u00e8s bien l\u2019inconstructibilit\u00e9.<\/p>\n<p>InfOccitanie : Alenka Doulain (groupe MUPES), milite pour conserver le stade \u00e0 la Mosson, en l\u2019int\u00e9grant pleinement dans la r\u00e9novation urbaine du quartier. Etes-vous du m\u00eame avis ?<\/p>\n<p>Philippe Saurel : C\u2019\u00e9tait inscrit dans le programme de r\u00e9novation urbaine sous ma mandature. Le trait du p\u00e9rim\u00e8tre passe derri\u00e8re le stade pour l\u2019int\u00e9grer avec la piscine. Sauf qu\u2019\u00e0 l\u2019\u00e9poque, nous avions \u00e9valu\u00e9 le programme \u00e0 1 milliard d\u2019euros, pas \u00e0 500 000 comme la municipalit\u00e9 actuelle. Le stade de la Mosson est construit en zone rouge du PPRI (plan de pr\u00e9vention des risques naturels d\u2019inondation, ndlr). ll est en plus v\u00e9tuste. Il faut le d\u00e9m\u00e9nager, trouver un endroit coh\u00e9rent, non frapp\u00e9 d\u2019inondabilit\u00e9. J\u2019ai essuy\u00e9 deux fois les inondations sur ce stade en 2014 et 2015 avec 4m d\u2019eau. Quant aux discussions de construction autour du parc expo de P\u00e9rols, il faudrait m\u2019expliquer comment on arrive \u00e0 d\u00e9localiser le stade de la Paillade en zone rouge du PPRI, pour le construire \u00e0 proximit\u00e9 de\u2026 l\u2019\u00e9tang de l\u2019Or ! Les \u00e9tudes montrent que dans les ann\u00e9es \u00e0 venir, le niveau des cours d\u2019eau va monter, construire des \u00e9quipements publics en bord de la mer ou des \u00e9tangs est inconscient et r\u00e9v\u00e8le un manque d\u2019anticipation du d\u00e9r\u00e8glement climatique.<\/p>\n<p>Infoccitanie : Vous estimez que la M\u00e9tropole abandonne le tennis, sur quoi vous appuyez-vous ?<\/p>\n<p>Phillippe Saurel : L\u2019Open Sud de France a \u00e9t\u00e9 sauv\u00e9 gr\u00e2ce \u00e0 la R\u00e9gion, pas un seul sou de la M\u00e9tropole n\u2019a  \u00e9t\u00e9 mis sur la table. La M\u00e9tropole a \u00e9galement abandonn\u00e9 le tennis f\u00e9minin avec l\u2019Open International F\u00e9minin\u00a0\u00e0 Grabels qui se tenait tous les ans. Au final, nous avions deux tournois internationaux, l\u2019un a \u00e9t\u00e9 sauv\u00e9 par la R\u00e9gion pour trois ans, merci Carole Delga, l\u2019autre a \u00e9t\u00e9 purement et simplement supprim\u00e9 du calendrier.<\/p>\n<p>InfOccitanie : Natation, pourquoi d\u00e9noncez-vous un traitement \u00ab\u00a0injuste\u00a0\u00bb vis-\u00e0-vis de Philippe Lucas, l\u2019entraineur ayant quitt\u00e9 le Montpellier M\u00e9diterran\u00e9e M\u00e9tropole Universit\u00e9 Club natation ?<\/p>\n<p>Philippe Saurel : On constate que, depuis, les nageurs pass\u00e9s sous la coupe de Lucas portent avec brio les couleurs de Montpellier. Beaucoup de nageurs ont \u00e9t\u00e9 m\u00e9daill\u00e9s \u00e0 la fois au niveau national et pendant les JO. J\u2019en veux pour preuve Anastasiia Kirpichnikova, qui vient de d\u00e9crocher deux titres de championne de France en nage libre. Philippe Lucas s\u2019est fait remercier par l\u2019\u00e9quipe actuelle, je trouve cela profond\u00e9ment injuste et dommage. <\/p>\n<p>InfOccitanie : FISE, handball\u2026 Un dernier mot ?<\/p>\n<p>Philippe Saurel : Bravo au pr\u00e9sident Deljarry qui a sauv\u00e9 l\u2019honneur en gagnant la Coupe de France cette cette ann\u00e9e. J\u2019avais travaill\u00e9 sous mon mandat au projet de Halle des sports \u00e0 Cambac\u00e9r\u00e8s. Avec l\u2019ex entraineur du club, Patrice Canayer, nous avions longuement r\u00e9fl\u00e9chi sur le plan et l\u2019organisation. Depuis, la Ville n\u2019a fait que quelques am\u00e9nagements du stade Ren\u00e9-Bougnol, et supprim\u00e9 son nom illustre pour le remplacer par FDI\u2026 Le stade est sous dimensionn\u00e9 et v\u00e9tuste. Les joueurs et le public auraient m\u00e9rit\u00e9 une halle des sports dans un quartier tr\u00e8s accessible, \u00e0 proximit\u00e9 de l\u2019a\u00e9roport, du tram, des autoroutes\u2026 Quant au FISE, nous sommes pass\u00e9s d\u2019un \u00e9v\u00e8nement gratuit avec 700 000 spectateurs, \u00e0 300 000 entr\u00e9es payantes cette ann\u00e9e. La manifestation pour les jeunes a donn\u00e9 place \u00e0 un rassemblement \u00e9litiste\u2026 <\/p>\n","protected":false},"excerpt":{"rendered":"L&rsquo;ancien maire\/pr\u00e9sident de Montpellier, d\u00e9sormais \u00e9lu d&rsquo;opposition, voit d&rsquo;un mauvais \u0153il l&rsquo;\u00e9volution du sport professionnel \u00e0 Montpellier. Rencontre.&hellip;\n","protected":false},"author":2,"featured_media":190738,"comment_status":"","ping_status":"","sticky":false,"template":"","format":"standard","meta":{"footnotes":""},"categories":[9599],"tags":[1111,11,1777,674,1011,27,2208,12,2680,32647,25],"class_list":{"0":"post-190737","1":"post","2":"type-post","3":"status-publish","4":"format-standard","5":"has-post-thumbnail","7":"category-montpellier","8":"tag-actu","9":"tag-actualites","10":"tag-eu","11":"tag-europe","12":"tag-fr","13":"tag-france","14":"tag-montpellier","15":"tag-news","16":"tag-occitanie","17":"tag-philippe-saurel","18":"tag-republique-francaise"},"share_on_mastodon":{"url":"https:\/\/pubeurope.com\/@fr\/114715279034033554","error":""},"_links":{"self":[{"href":"https:\/\/www.europesays.com\/fr\/wp-json\/wp\/v2\/posts\/190737","targetHints":{"allow":["GET"]}}],"collection":[{"href":"https:\/\/www.europesays.com\/fr\/wp-json\/wp\/v2\/posts"}],"about":[{"href":"https:\/\/www.europesays.com\/fr\/wp-json\/wp\/v2\/types\/post"}],"author":[{"embeddable":true,"href":"https:\/\/www.europesays.com\/fr\/wp-json\/wp\/v2\/users\/2"}],"replies":[{"embeddable":true,"href":"https:\/\/www.europesays.com\/fr\/wp-json\/wp\/v2\/comments?post=190737"}],"version-history":[{"count":0,"href":"https:\/\/www.europesays.com\/fr\/wp-json\/wp\/v2\/posts\/190737\/revisions"}],"wp:featuredmedia":[{"embeddable":true,"href":"https:\/\/www.europesays.com\/fr\/wp-json\/wp\/v2\/media\/190738"}],"wp:attachment":[{"href":"https:\/\/www.europesays.com\/fr\/wp-json\/wp\/v2\/media?parent=190737"}],"wp:term":[{"taxonomy":"category","embeddable":true,"href":"https:\/\/www.europesays.com\/fr\/wp-json\/wp\/v2\/categories?post=190737"},{"taxonomy":"post_tag","embeddable":true,"href":"https:\/\/www.europesays.com\/fr\/wp-json\/wp\/v2\/tags?post=190737"}],"curies":[{"name":"wp","href":"https:\/\/api.w.org\/{rel}","templated":true}]}}