{"id":190749,"date":"2025-06-20T10:48:10","date_gmt":"2025-06-20T10:48:10","guid":{"rendered":"https:\/\/www.europesays.com\/fr\/190749\/"},"modified":"2025-06-20T10:48:10","modified_gmt":"2025-06-20T10:48:10","slug":"bordeaux-metropole-offre-300-velos-a-rennes-pour-completer-sa-flotte-en-libre-service","status":"publish","type":"post","link":"https:\/\/www.europesays.com\/fr\/190749\/","title":{"rendered":"Bordeaux m\u00e9tropole offre 300\u00a0v\u00e9los \u00e0 Rennes pour compl\u00e9ter sa flotte en libre-service"},"content":{"rendered":"<p>Dans les mois qui viennent, ceux qui emprunteront des v\u00e9los en libre-service \u00e0 Rennes enfourcheront peut-\u00eatre des bicyclettes venues de Bordeaux (Gironde).<\/p>\n<p>D\u00e9j\u00e0 650\u00a0v\u00e9los dans plus de 50\u00a0stations<\/p>\n<p><strong>\u00ab\u00a0Nous avons profit\u00e9 du renouvellement de la flotte de Bordeaux m\u00e9tropole pour reprendre \u00e0 titre gratuit 300\u00a0de leurs anciens v\u00e9los\u00a0\u00bb<\/strong>, indique Matthieu Theurier, vice-pr\u00e9sident de la m\u00e9tropole rennaise en charge des transports, lors du r\u00e9cent conseil m\u00e9tropolitain.<\/p>\n<p><strong>Lire aussi\u00a0:<\/strong>\u00a0<a href=\"http:\/\/www.rennes.maville.com\/actu\/actudet_-le-succes-du-velo-star-meme-en-ete_7-2601145_actu.Htm\" target=\"_blank\" rel=\"noopener\">Le succ\u00e8s du v\u00e9lo Star, m\u00eame en \u00e9t\u00e9<\/a><\/p>\n<p><strong>\u00ab\u00a0Ce sont des mod\u00e8les identiques \u00e0 nos V\u00e9lo Star, ils viendront compl\u00e9ter la flotte existante,<\/strong> ajoute Mathieu Theurier. <strong>Ils vont permettre de maintenir un volume de v\u00e9los en libre-service, en bon \u00e9tat d\u2019utilisation, au moins jusqu\u2019en 2028.\u00a0\u00bb <\/strong>Actuellement, \u00e0 Rennes, la flotte V\u00e9lo Star compte environ 650\u00a0v\u00e9los r\u00e9partis dans plus de 50\u00a0stations.<\/p>\n<p>\u00a0<\/p>\n","protected":false},"excerpt":{"rendered":"Dans les mois qui viennent, ceux qui emprunteront des v\u00e9los en libre-service \u00e0 Rennes enfourcheront peut-\u00eatre des bicyclettes&hellip;\n","protected":false},"author":2,"featured_media":190750,"comment_status":"","ping_status":"","sticky":false,"template":"","format":"standard","meta":{"footnotes":""},"categories":[2821],"tags":[3743,1111,11,1997,829,32875,1777,674,32876,1011,27,32877,2800,12,5235,3086,584,25,825],"class_list":{"0":"post-190749","1":"post","2":"type-post","3":"status-publish","4":"format-standard","5":"has-post-thumbnail","7":"category-rennes","8":"tag-3743","9":"tag-actu","10":"tag-actualites","11":"tag-bordeaux","12":"tag-bretagne","13":"tag-completer","14":"tag-eu","15":"tag-europe","16":"tag-flotte","17":"tag-fr","18":"tag-france","19":"tag-libre-service","20":"tag-metropole","21":"tag-news","22":"tag-offre","23":"tag-redon","24":"tag-rennes","25":"tag-republique-francaise","26":"tag-velos"},"share_on_mastodon":{"url":"https:\/\/pubeurope.com\/@fr\/114715302531340567","error":""},"_links":{"self":[{"href":"https:\/\/www.europesays.com\/fr\/wp-json\/wp\/v2\/posts\/190749","targetHints":{"allow":["GET"]}}],"collection":[{"href":"https:\/\/www.europesays.com\/fr\/wp-json\/wp\/v2\/posts"}],"about":[{"href":"https:\/\/www.europesays.com\/fr\/wp-json\/wp\/v2\/types\/post"}],"author":[{"embeddable":true,"href":"https:\/\/www.europesays.com\/fr\/wp-json\/wp\/v2\/users\/2"}],"replies":[{"embeddable":true,"href":"https:\/\/www.europesays.com\/fr\/wp-json\/wp\/v2\/comments?post=190749"}],"version-history":[{"count":0,"href":"https:\/\/www.europesays.com\/fr\/wp-json\/wp\/v2\/posts\/190749\/revisions"}],"wp:featuredmedia":[{"embeddable":true,"href":"https:\/\/www.europesays.com\/fr\/wp-json\/wp\/v2\/media\/190750"}],"wp:attachment":[{"href":"https:\/\/www.europesays.com\/fr\/wp-json\/wp\/v2\/media?parent=190749"}],"wp:term":[{"taxonomy":"category","embeddable":true,"href":"https:\/\/www.europesays.com\/fr\/wp-json\/wp\/v2\/categories?post=190749"},{"taxonomy":"post_tag","embeddable":true,"href":"https:\/\/www.europesays.com\/fr\/wp-json\/wp\/v2\/tags?post=190749"}],"curies":[{"name":"wp","href":"https:\/\/api.w.org\/{rel}","templated":true}]}}