{"id":190755,"date":"2025-06-20T10:51:10","date_gmt":"2025-06-20T10:51:10","guid":{"rendered":"https:\/\/www.europesays.com\/fr\/190755\/"},"modified":"2025-06-20T10:51:10","modified_gmt":"2025-06-20T10:51:10","slug":"nice-conference-debat-sur-les-conflits-de-voisinage-au-cum","status":"publish","type":"post","link":"https:\/\/www.europesays.com\/fr\/190755\/","title":{"rendered":"NICE : Conf\u00e9rence-d\u00e9bat sur les conflits de voisinage au CUM"},"content":{"rendered":"<p>                    <img loading=\"lazy\" decoding=\"async\" src=\"https:\/\/www.europesays.com\/fr\/wp-content\/uploads\/2025\/06\/43574a51b153c29c66ccff4b9fefe9.png\" class=\"img-responsive post-image\" width=\"680\" height=\"510\" alt=\"NICE : Conf\u00e9rence-d\u00e9bat\" title=\"NICE : Conf\u00e9rence-d\u00e9bat sur les conflits de voisinage au CUM\"\/><\/p>\n<p class=\"chapo\">Dans un contexte d\u2019urbanisation croissante o\u00f9 le vivre-ensemble est parfois mis \u00e0 rude \u00e9preuve et o\u00f9 les litiges entre voisins prennent des proportions de plus en plus importantes, la Ville de Nice organise une conf\u00e9rence-d\u00e9bat sur le th\u00e8me des conflits de voisinage mardi 24 juin 2025 de 16 heures \u00e0 18 heures au Centre universitaire m\u00e9diterran\u00e9en.<\/p>\n<p>Nuisances sonores, probl\u00e8mes de copropri\u00e9t\u00e9, diff\u00e9rends li\u00e9s aux animaux domestiques ou aux espaces communs\u2026 Les conflits de voisinage sont une r\u00e9alit\u00e9 quotidienne pour de nombreux habitants. Ils sont souvent \u00e0 l\u2019origine de tensions durables, voire de proc\u00e9dures judiciaires longues et co\u00fbteuses. Cette conf\u00e9rence vise \u00e0 \u00e9clairer les m\u00e9canismes de ces conflits et \u00e0 pr\u00e9senter les outils concrets qui permettent de les r\u00e9soudre pacifiquement.<\/p>\n<p>L\u2019\u00e9v\u00e9nement d\u00e9butera par une conf\u00e9rence d\u2019une heure anim\u00e9e par<strong> Ma\u00eetre Cyril Sabati\u00e9, <\/strong> avocat sp\u00e9cialis\u00e9 en droit immobilier, suivie d\u2019une intervention d\u2019une quinzaine de minutes de <strong>Ma\u00eetre Christian Pomatto<\/strong>, avocat honoraire et aujourd\u2019hui Conciliateur de justice de l\u2019Association des Conciliateurs de justice de la Cour d\u2019Appel d\u2019Aix en Provence (l\u2019ACCAP), exer\u00e7ant des permanences hebdomadaires de conciliation gratuites \u00e0 la Maison pour l\u2019Accueil des Victimes de Nice.<\/p>\n<p>Ces deux interventions seront suivies d\u2019un temps d\u2019\u00e9changes et de questions-r\u00e9ponses avec le public, pour une dur\u00e9e de 45 minutes, afin de permettre un \u00e9change direct sur les exp\u00e9riences v\u00e9cues par les participants.<\/p>\n<p>Avec cette initiative, la Ville de Nice poursuit son engagement en faveur du bien vivre-ensemble, du dialogue citoyen et de la qualit\u00e9 de vie dans les quartiers.<\/p>\n<p>L\u2019entr\u00e9e est gratuite, sur r\u00e9servation au 04.97.13.57.00, dans la limite des places disponibles.<br class=\"autobr\"\/>\n <\/p>\n<p>Visuel de Une \u00a9Ville de Nice<\/p>\n","protected":false},"excerpt":{"rendered":"Dans un contexte d\u2019urbanisation croissante o\u00f9 le vivre-ensemble est parfois mis \u00e0 rude \u00e9preuve et o\u00f9 les litiges&hellip;\n","protected":false},"author":2,"featured_media":190756,"comment_status":"","ping_status":"","sticky":false,"template":"","format":"standard","meta":{"footnotes":""},"categories":[2819],"tags":[1111,11,2408,1777,674,1011,27,12,2401,882,25],"class_list":{"0":"post-190755","1":"post","2":"type-post","3":"status-publish","4":"format-standard","5":"has-post-thumbnail","7":"category-nice","8":"tag-actu","9":"tag-actualites","10":"tag-appels-d","11":"tag-eu","12":"tag-europe","13":"tag-fr","14":"tag-france","15":"tag-news","16":"tag-nice","17":"tag-provence-alpes-cote-dazur","18":"tag-republique-francaise"},"share_on_mastodon":{"url":"https:\/\/pubeurope.com\/@fr\/114715314634276217","error":""},"_links":{"self":[{"href":"https:\/\/www.europesays.com\/fr\/wp-json\/wp\/v2\/posts\/190755","targetHints":{"allow":["GET"]}}],"collection":[{"href":"https:\/\/www.europesays.com\/fr\/wp-json\/wp\/v2\/posts"}],"about":[{"href":"https:\/\/www.europesays.com\/fr\/wp-json\/wp\/v2\/types\/post"}],"author":[{"embeddable":true,"href":"https:\/\/www.europesays.com\/fr\/wp-json\/wp\/v2\/users\/2"}],"replies":[{"embeddable":true,"href":"https:\/\/www.europesays.com\/fr\/wp-json\/wp\/v2\/comments?post=190755"}],"version-history":[{"count":0,"href":"https:\/\/www.europesays.com\/fr\/wp-json\/wp\/v2\/posts\/190755\/revisions"}],"wp:featuredmedia":[{"embeddable":true,"href":"https:\/\/www.europesays.com\/fr\/wp-json\/wp\/v2\/media\/190756"}],"wp:attachment":[{"href":"https:\/\/www.europesays.com\/fr\/wp-json\/wp\/v2\/media?parent=190755"}],"wp:term":[{"taxonomy":"category","embeddable":true,"href":"https:\/\/www.europesays.com\/fr\/wp-json\/wp\/v2\/categories?post=190755"},{"taxonomy":"post_tag","embeddable":true,"href":"https:\/\/www.europesays.com\/fr\/wp-json\/wp\/v2\/tags?post=190755"}],"curies":[{"name":"wp","href":"https:\/\/api.w.org\/{rel}","templated":true}]}}