{"id":190757,"date":"2025-06-20T10:52:09","date_gmt":"2025-06-20T10:52:09","guid":{"rendered":"https:\/\/www.europesays.com\/fr\/190757\/"},"modified":"2025-06-20T10:52:09","modified_gmt":"2025-06-20T10:52:09","slug":"ce-restaurant-etoile-pres-de-nice-propose-un-mode-de-paiement-inedit-il-ny-a-pas-a-avoir-honte","status":"publish","type":"post","link":"https:\/\/www.europesays.com\/fr\/190757\/","title":{"rendered":"Ce restaurant \u00e9toil\u00e9 pr\u00e8s de Nice propose un mode de paiement in\u00e9dit :\u00a0\u00bb Il n&rsquo;y a pas \u00e0 avoir honte\u00a0\u00bb"},"content":{"rendered":"<p>            Par<br \/>\n        <strong><br \/>\n            <a href=\"https:\/\/actu.fr\/auteur\/ugo-maillard\" title=\"Consulter tous les articles de Ugo Maillard\" rel=\"nofollow noopener\" target=\"_blank\">Ugo Maillard<\/a><br \/>\n        <\/strong><\/p>\n<p>        Publi\u00e9 le<\/p>\n<p>            20 juin 2025 \u00e0 11h59        <\/p>\n<p>C\u2019est une petite r\u00e9volution dans le monde de la gastronomie. Depuis ce mois de juin\u00a02025, \u00e0 de <a href=\"https:\/\/actu.fr\/provence-alpes-cote-d-azur\/saint-paul-de-vence_06128\" rel=\"nofollow noopener\" target=\"_blank\">Saint-Paul-de-Vence<\/a> (<a href=\"https:\/\/actu.fr\/provence-alpes-cote-d-azur\/alpes-maritimes_06\" rel=\"nofollow noopener\" target=\"_blank\">Alpes-Maritimes<\/a>), les clients du restaurant d\u2019Alain Llorca, aur\u00e9ol\u00e9 d\u2019une \u00e9toile au guide Michelin, peuvent <strong>payer la note en trois fois<\/strong>.<\/p>\n<p class=\" wall-content\">Une m\u00e9thode de paiement qui s\u2019est d\u00e9mocratis\u00e9e ces derni\u00e8res ann\u00e9es et qui fait son apparition dans le milieu de la restauration.<\/p>\n<p class=\" wall-content\">Le chef de 57\u00a0ans explique son choix aupr\u00e8s d\u2019<a href=\"https:\/\/actu.fr\/nice\/\" rel=\"nofollow noopener\" target=\"_blank\">actu Nice<\/a>.<\/p>\n<p>Sans frais pour le client<\/p>\n<p class=\" wall-content\">Dans son \u00e9tablissement de Saint-Paul-de-Vence (<a href=\"https:\/\/actu.fr\/provence-alpes-cote-d-azur\/alpes-maritimes_06\" rel=\"nofollow noopener\" target=\"_blank\">Alpes-Maritimes<\/a>), le choix de proposer un paiement en trois fois sans frais pour le client a \u00e9t\u00e9 m\u00fbrement r\u00e9fl\u00e9chi.<\/p>\n<p>    <a href=\"https:\/\/www.google.com\/maps\/embed?pb=!1m18!1m12!1m3!1d53316.16007060191!2d7.150212232172045!3d43.70654003697704!2m3!1f0!2f0!3f0!3m2!1i1024!2i768!4f13.1!3m3!1m2!1s0x12cdd2c4d4a5c617%3A0xa0fdece1f40dad3b!2sH%C3%B4tel%20Restaurant%20Alain%20Llorca%20%C3%A0%20Saint-Paul-de-Vence!5e0!3m2!1sfr!2sfr!4v1750410324107!5m2!1sfr!2sfr\" title=\"Ouvrie le lien\" rel=\"nofollow noopener\" target=\"_blank\">Cliquez ici pour visualiser le contenu<\/a><\/p>\n<p>Vid\u00e9os : en ce moment sur Actu<\/p>\n<p class=\" wall-content\">\u00ab\u2009Je pense que c\u2019est un mode de paiement qui est entr\u00e9 dans les m\u0153urs de la client\u00e8le.\u00a0Les clients qui me disent que tout va bien financi\u00e8rement, c\u2019est rare. Donc, on s\u2019adapte\u2009\u00bb, explique Alain Llorca.<\/p>\n<p class=\" wall-content\">Pour contrer \u00ab\u2009une petite baisse de fr\u00e9quentation\u2009\u00bb, cette d\u00e9cision permet de rendre le restaurant gastronomique<strong> plus accessible<\/strong>.\u00a0Dans l\u2019\u00e9tablissement du chef azur\u00e9en, on retrouve des menus allant de 85 \u00e0 240\u00a0euros.<\/p>\n<blockquote class=\"ac-article-quote wall-content\">\n<p>Les personnes pensent que c&rsquo;est cher, mais on propose une vraie exp\u00e9rience, avec un accueil, un voiturier&#8230; Il a y une trentaine d&#8217;employ\u00e9s \u00e0 la disposition des clients.<\/p>\n<p>    <strong>Alain Llorca<\/strong><br \/>\n        Chef \u00e9toil\u00e9    <\/p><\/blockquote>\n<p>Un pari payant\u2009?<\/p>\n<p class=\" wall-content\">Le pari fait par Alain Llorca et ses \u00e9quipes semblent d\u2019ores et d\u00e9j\u00e0 porter ses fruits. \u00ab\u2009On constate des demandes de r\u00e9servations suppl\u00e9mentaires\u2009\u00bb, se r\u00e9jouit le chef de 57\u00a0ans.<\/p>\n<blockquote class=\"ac-article-quote wall-content\">\n<p>Un monsieur est venu me voir hier pour me f\u00e9liciter pour la d\u00e9marche qu&rsquo;il juge est magnifique.<\/p>\n<p>    <strong>Alain Llorca<\/strong>\n            <\/p><\/blockquote>\n<p class=\" wall-content\">Le cuisinier est persuad\u00e9 que le paiement en trois fois va permettre de<strong> d\u00e9mocratiser la gastronomie<\/strong> et attirer une nouvelle client\u00e8le.<\/p>\n<p class=\" wall-content\">\u00ab\u2009Il n\u2019y a pas que les gens riches qui viennent manger chez nous, bien au contraire. Il n\u2019y a pas \u00e0 avoir honte d\u2019utiliser cette m\u00e9thode de paiement\u2009\u00bb, appuie Alain Llorca.<\/p>\n<p>Un co\u00fbt infime pour le restaurant<\/p>\n<p class=\" wall-content\">Si cette op\u00e9ration est gratuite pour les clients, elle co\u00fbte 2,5\u2009% de la note au restaurant. Une contrepartie minime pour les finances du chef puisque l\u2019\u00e9tablissement re\u00e7oit l\u2019int\u00e9gralit\u00e9 du paiement apr\u00e8s la premi\u00e8re transaction.<\/p>\n<p class=\" wall-content\">Suivez toute l\u2019actualit\u00e9 de vos villes et m\u00e9dias favoris en vous inscrivant \u00e0 <a href=\"https:\/\/moncompte.actu.fr\" title=\"D\u00e9couvez Mon Actu\" rel=\"nofollow noopener\" data-trk=\"{&quot;cta&quot;:{&quot;action&quot;:&quot;https:\\\/\\\/moncompte.actu.fr&quot;,&quot;category&quot;:&quot;mon compte&quot;,&quot;from&quot;:&quot;article footer&quot;,&quot;name&quot;:&quot;Mon actu&quot;,&quot;type&quot;:&quot;cta&quot;}}\" target=\"_blank\">Mon Actu<\/a>.<\/p>\n","protected":false},"excerpt":{"rendered":"Par Ugo Maillard Publi\u00e9 le 20 juin 2025 \u00e0 11h59 C\u2019est une petite r\u00e9volution dans le monde de&hellip;\n","protected":false},"author":2,"featured_media":190758,"comment_status":"","ping_status":"","sticky":false,"template":"","format":"standard","meta":{"footnotes":""},"categories":[2819],"tags":[1111,11,1777,674,1011,27,1305,12,2401,882,25,1340],"class_list":{"0":"post-190757","1":"post","2":"type-post","3":"status-publish","4":"format-standard","5":"has-post-thumbnail","7":"category-nice","8":"tag-actu","9":"tag-actualites","10":"tag-eu","11":"tag-europe","12":"tag-fr","13":"tag-france","14":"tag-lifestyle","15":"tag-news","16":"tag-nice","17":"tag-provence-alpes-cote-dazur","18":"tag-republique-francaise","19":"tag-restaurant"},"share_on_mastodon":{"url":"https:\/\/pubeurope.com\/@fr\/114715318500997283","error":""},"_links":{"self":[{"href":"https:\/\/www.europesays.com\/fr\/wp-json\/wp\/v2\/posts\/190757","targetHints":{"allow":["GET"]}}],"collection":[{"href":"https:\/\/www.europesays.com\/fr\/wp-json\/wp\/v2\/posts"}],"about":[{"href":"https:\/\/www.europesays.com\/fr\/wp-json\/wp\/v2\/types\/post"}],"author":[{"embeddable":true,"href":"https:\/\/www.europesays.com\/fr\/wp-json\/wp\/v2\/users\/2"}],"replies":[{"embeddable":true,"href":"https:\/\/www.europesays.com\/fr\/wp-json\/wp\/v2\/comments?post=190757"}],"version-history":[{"count":0,"href":"https:\/\/www.europesays.com\/fr\/wp-json\/wp\/v2\/posts\/190757\/revisions"}],"wp:featuredmedia":[{"embeddable":true,"href":"https:\/\/www.europesays.com\/fr\/wp-json\/wp\/v2\/media\/190758"}],"wp:attachment":[{"href":"https:\/\/www.europesays.com\/fr\/wp-json\/wp\/v2\/media?parent=190757"}],"wp:term":[{"taxonomy":"category","embeddable":true,"href":"https:\/\/www.europesays.com\/fr\/wp-json\/wp\/v2\/categories?post=190757"},{"taxonomy":"post_tag","embeddable":true,"href":"https:\/\/www.europesays.com\/fr\/wp-json\/wp\/v2\/tags?post=190757"}],"curies":[{"name":"wp","href":"https:\/\/api.w.org\/{rel}","templated":true}]}}