{"id":19076,"date":"2025-04-12T04:41:11","date_gmt":"2025-04-12T04:41:11","guid":{"rendered":"https:\/\/www.europesays.com\/fr\/19076\/"},"modified":"2025-04-12T04:41:11","modified_gmt":"2025-04-12T04:41:11","slug":"pres-de-lyon-une-commune-frappee-par-des-violences-urbaines-la-police-riposte","status":"publish","type":"post","link":"https:\/\/www.europesays.com\/fr\/19076\/","title":{"rendered":"Pr\u00e8s de Lyon. Une commune frapp\u00e9e par des violences urbaines, la police riposte"},"content":{"rendered":"<p>            Par<br \/>\n        <strong><br \/>\n            <a href=\"https:\/\/actu.fr\/auteur\/julien-damboise\" title=\"Consulter tous les articles de Julien Damboise\" target=\"_blank\" rel=\"noopener\">Julien Damboise<\/a><br \/>\n        <\/strong><\/p>\n<p>        Publi\u00e9 le<\/p>\n<p>            10 avr. 2025 \u00e0 16h43        <\/p>\n<p><strong>INFO ACTU LYON<\/strong>. Nouveau <strong>coup de chaud<\/strong> sur la commune de <a href=\"https:\/\/actu.fr\/auvergne-rhone-alpes\/rillieux-la-pape_69286\" target=\"_blank\" rel=\"noopener\">Rillieux-la-Pape<\/a>, dans la m\u00e9tropole de <a href=\"https:\/\/actu.fr\/auvergne-rhone-alpes\/lyon_69123\" target=\"_blank\" rel=\"noopener\">Lyon<\/a>, ce mercredi 9 avril 2025.<\/p>\n<p class=\" wall-content\">Selon nos informations, des <a href=\"https:\/\/actu.fr\/tag\/violences-urbaines\" target=\"_blank\" rel=\"noopener\">violences urbaines<\/a> ont \u00e9clat\u00e9 dans la soir\u00e9e, avec une<strong> trentaine de jeunes \u00e9meutiers<\/strong> pr\u00eats \u00e0 en d\u00e9coudre. La police est intervenue en urgence pour r\u00e9pliquer et faire revenir le calme.<\/p>\n<p>    <a href=\"https:\/\/www.google.com\/maps\/embed?pb=!1m18!1m12!1m3!1d47032.38889210247!2d4.853763949282946!3d45.82648076591436!2m3!1f0!2f0!3f0!3m2!1i1024!2i768!4f13.1!3m3!1m2!1s0x47f4bfc53f0a1be7%3A0x408ab2ae4bb1800!2s69140%20Rillieux-la-Pape!5e1!3m2!1sfr!2sfr!4v1744293346490!5m2!1sfr!2sfr\" title=\"Ouvrie le lien\" target=\"_blank\" rel=\"noopener\">Cliquez ici pour visualiser le contenu<\/a><\/p>\n<p>Cam\u00e9ra incendi\u00e9e, policiers caillass\u00e9s<\/p>\n<p class=\" wall-content\">Tout a d\u00e9but\u00e9 vers 22 h, quand une cam\u00e9ra de <a href=\"https:\/\/actu.fr\/auvergne-rhone-alpes\/lyon_69123\/lyon-municipales-2-000-cameras-police-les-premieres-propositions-choc-de-pierre-oliver_62400944.html\" target=\"_blank\" rel=\"noopener\">vid\u00e9osurveillance<\/a> a \u00e9t\u00e9 cibl\u00e9e par des individus. L\u2019appareil install\u00e9 entre les avenues de l\u2019Europe et celle du Mont-Blanc, dans le quartier de la Ville nouvelle, a \u00e9t\u00e9 victime d\u2019une<strong> tentative d\u2019incendie <\/strong>volontaire.<\/p>\n<p class=\" wall-content\">Tr\u00e8s vite, des policiers ont \u00e9t\u00e9 envoy\u00e9s dans le secteur pour tenter de mettre fin aux d\u00e9gradations. Mais <strong>plusieurs dizaines d\u2019\u00e9meutiers<\/strong> attendaient de pied ferme les forces de l\u2019ordre. Un <strong>caillassage<\/strong> en r\u00e8gle s\u2019est d\u00e9roul\u00e9.<\/p>\n<p>Vid\u00e9os : en ce moment sur ActuDes renforts appel\u00e9s<\/p>\n<p class=\" wall-content\">La police lyonnaise a alors demand\u00e9 des <strong>renforts<\/strong> : la brigade anticriminalit\u00e9 et une compagnie d\u00e9partementale d\u2019intervention ont fonc\u00e9 dans le quartier.\u00a0<\/p>\n<p class=\" wall-content\">Face \u00e0 une\u00a0trentaine d\u2019individus, dont la plupart \u00e9taient masqu\u00e9s et tentaient de monter des barricades, une cinquantaine de <strong>grenades lacrymog\u00e8ne<\/strong> ont \u00e9t\u00e9 n\u00e9cessaire pour faire revenir le calme. Plusieurs tirs de lanceur de balles de d\u00e9fense (LBD) ont aussi \u00e9t\u00e9 r\u00e9alis\u00e9s.<\/p>\n<p class=\" wall-content\">L\u2019op\u00e9ration s\u2019est termin\u00e9e vers\u00a023 h 30, avec n\u00e9anmoins une surveillance toujours active.<\/p>\n<p>Un rod\u00e9o stopp\u00e9 plus t\u00f4t<\/p>\n<p class=\" wall-content\">Ces violences urbaines interviennent seulement <strong>deux semaines apr\u00e8s les derni\u00e8res. <\/strong>Elles pourraient \u00eatre li\u00e9es \u00e0 une op\u00e9ration de police plus t\u00f4t dans la journ\u00e9e.<\/p>\n<p class=\" wall-content\">D\u2019apr\u00e8s une source proche du dossier, un jeune homme avait \u00e9t\u00e9 interpell\u00e9 sur la commune vers 18 h alors qu\u2019il r\u00e9alisait un <a href=\"https:\/\/actu.fr\/auvergne-rhone-alpes\/venissieux_69259\/lyon-le-cortege-de-mariage-derape-un-enfant-de-12-ans-fauche-des-temoins-racontent_62471636.html\" target=\"_blank\" rel=\"noopener\">rod\u00e9o<\/a> en moto-cross. Son engin avait termin\u00e9 \u00e0 la fourri\u00e8re.<\/p>\n<p class=\" wall-content\">Des <strong>enqu\u00eates<\/strong> pourraient \u00eatre ouvertes pour retrouver les mis en cause dans ces violences.<\/p>\n<p class=\" wall-content\">Suivez toute l\u2019actualit\u00e9 de vos villes et m\u00e9dias favoris en vous inscrivant \u00e0 <a href=\"https:\/\/moncompte.actu.fr\" title=\"D\u00e9couvez Mon Actu\" rel=\"nofollow noopener\" data-trk=\"{&quot;cta&quot;:{&quot;action&quot;:&quot;https:\\\/\\\/moncompte.actu.fr&quot;,&quot;category&quot;:&quot;mon compte&quot;,&quot;from&quot;:&quot;article footer&quot;,&quot;name&quot;:&quot;Mon actu&quot;,&quot;type&quot;:&quot;cta&quot;}}\" target=\"_blank\">Mon Actu<\/a>.<\/p>\n","protected":false},"excerpt":{"rendered":"Par Julien Damboise Publi\u00e9 le 10 avr. 2025 \u00e0 16h43 INFO ACTU LYON. Nouveau coup de chaud sur&hellip;\n","protected":false},"author":2,"featured_media":19077,"comment_status":"","ping_status":"","sticky":false,"template":"","format":"standard","meta":{"footnotes":""},"categories":[1889],"tags":[1111,11,2430,1777,674,1011,27,2428,12,1072,25,5575,104,7501],"class_list":{"0":"post-19076","1":"post","2":"type-post","3":"status-publish","4":"format-standard","5":"has-post-thumbnail","7":"category-lyon","8":"tag-actu","9":"tag-actualites","10":"tag-auvergne-rhone-alpes","11":"tag-eu","12":"tag-europe","13":"tag-fr","14":"tag-france","15":"tag-lyon","16":"tag-news","17":"tag-police","18":"tag-republique-francaise","19":"tag-rodeos-urbains","20":"tag-societe","21":"tag-violences-urbaines"},"share_on_mastodon":{"url":"https:\/\/pubeurope.com\/@fr\/114323160039139148","error":""},"_links":{"self":[{"href":"https:\/\/www.europesays.com\/fr\/wp-json\/wp\/v2\/posts\/19076","targetHints":{"allow":["GET"]}}],"collection":[{"href":"https:\/\/www.europesays.com\/fr\/wp-json\/wp\/v2\/posts"}],"about":[{"href":"https:\/\/www.europesays.com\/fr\/wp-json\/wp\/v2\/types\/post"}],"author":[{"embeddable":true,"href":"https:\/\/www.europesays.com\/fr\/wp-json\/wp\/v2\/users\/2"}],"replies":[{"embeddable":true,"href":"https:\/\/www.europesays.com\/fr\/wp-json\/wp\/v2\/comments?post=19076"}],"version-history":[{"count":0,"href":"https:\/\/www.europesays.com\/fr\/wp-json\/wp\/v2\/posts\/19076\/revisions"}],"wp:featuredmedia":[{"embeddable":true,"href":"https:\/\/www.europesays.com\/fr\/wp-json\/wp\/v2\/media\/19077"}],"wp:attachment":[{"href":"https:\/\/www.europesays.com\/fr\/wp-json\/wp\/v2\/media?parent=19076"}],"wp:term":[{"taxonomy":"category","embeddable":true,"href":"https:\/\/www.europesays.com\/fr\/wp-json\/wp\/v2\/categories?post=19076"},{"taxonomy":"post_tag","embeddable":true,"href":"https:\/\/www.europesays.com\/fr\/wp-json\/wp\/v2\/tags?post=19076"}],"curies":[{"name":"wp","href":"https:\/\/api.w.org\/{rel}","templated":true}]}}