{"id":190767,"date":"2025-06-20T10:57:10","date_gmt":"2025-06-20T10:57:10","guid":{"rendered":"https:\/\/www.europesays.com\/fr\/190767\/"},"modified":"2025-06-20T10:57:10","modified_gmt":"2025-06-20T10:57:10","slug":"le-constructeur-europeen-plie-le-match-au-salon-du-bourget","status":"publish","type":"post","link":"https:\/\/www.europesays.com\/fr\/190767\/","title":{"rendered":"le constructeur europ\u00e9en plie le match au Salon du Bourget"},"content":{"rendered":"<p>            Par<br \/>\n        <strong><br \/>\n            <a href=\"https:\/\/actu.fr\/auteur\/guillaume-laurens\" title=\"Consulter tous les articles de Guillaume Laurens\" target=\"_blank\" rel=\"noopener\">Guillaume Laurens<\/a><br \/>\n        <\/strong><\/p>\n<p>        Publi\u00e9 le<\/p>\n<p>            20 juin 2025 \u00e0 12h47        <\/p>\n<p>Place au grand public. Alors que les passionn\u00e9s d\u2019a\u00e9ronautique et autres curieux peuvent d\u00e9sormais se ruer au <strong><a href=\"https:\/\/actu.fr\/occitanie\/toulouse_31555\/salon-du-bourget-2025-voici-toutes-les-innovations-presentees-par-les-entreprises-de-toulouse_62761923.html\" target=\"_blank\" rel=\"noopener\">Salon du Bourget<\/a><\/strong> ce vendredi\u00a020 et jusqu\u2019au dimanche 22\u00a0juin 2025, les quatre journ\u00e9es d\u00e9di\u00e9es aux professionnels se sont cl\u00f4tur\u00e9es jeudi\u00a019, et les avionneurs dressent le bilan de la <strong>55\u1d49 \u00e9dition<\/strong> du grand rendez-vous mondial de l\u2019a\u00e9ronautique et de l\u2019espace.<br \/>Du c\u00f4t\u00e9, d\u2019<strong><a href=\"https:\/\/actu.fr\/tag\/airbus\" target=\"_blank\" rel=\"noopener\">Airbus,<\/a><\/strong> dont le si\u00e8ge mondial est \u00e0 <strong><a href=\"https:\/\/actu.fr\/toulouse\/\" target=\"_blank\" rel=\"noopener\">Toulouse<\/a><\/strong>, si le constructeur europ\u00e9en a vendu des h\u00e9licopt\u00e8res, drones et autres engins novateurs, l\u2019avionneur a aussi et surtout caracol\u00e9 en t\u00eate des <strong>ventes d\u2019avions<\/strong>, avec quelque <strong>250 commandes<\/strong>. Dans le m\u00eame temps, <strong>Boeing<\/strong>, son grand rival am\u00e9ricain, en pleines turbulences, n\u2019a pas communiqu\u00e9 sur la vente du <strong>moindre a\u00e9ronef<\/strong>. Voici tout ce qu\u2019il faut retenir de la participation d\u2019Airbus au Salon international de l\u2019a\u00e9ronautique et de l\u2019espace.<\/p>\n<p>250 commandes et 156 options pour Airbus<\/p>\n<p class=\" wall-content\">En trois jours \u2014 puisqu\u2019aucune nouvelle commande n\u2019a \u00e9t\u00e9 enregistr\u00e9e ce jeudi, dernier jour du salon r\u00e9serv\u00e9 aux professionnels \u2014, <strong>Airbus<\/strong> a indiqu\u00e9 avoir engrang\u00e9 <strong>250 commandes <\/strong>de diff\u00e9rentes compagnies des quatre coins du globe. Il s\u2019agit dans le d\u00e9tail de 148 commandes fermes et 102 faisant l\u2019objet d\u2019un protocole d\u2019accord. \u00c0 cela, il faut ajouter <strong>des options<\/strong> prises par les compagnies sur quelque <strong>156 avions<\/strong>.<\/p>\n<p class=\" wall-content\">\u00c0 l\u2019inverse, <strong>Boeing<\/strong>, qui disposait pourtant d\u2019un <strong>\u00e9norme stand<\/strong> sur l\u2019\u00e9v\u00e9nement, au m\u00eame titre que son concurrent europ\u00e9en, n\u2019a pas officialis\u00e9 la moindre commande. Un <strong>z\u00e9ro point\u00e9<\/strong> qui vient faire chanceler un peu plus les performances de l\u2019ex-premier constructeur de la plan\u00e8te, en pleines turbulences. L\u2019avionneur am\u00e9ricain paie-t-il aupr\u00e8s des compagnies le prix des d\u00e9boires \u00e0 r\u00e9p\u00e9tition de ses a\u00e9ronefs\u2009? Le groupe est dans la tourmente apr\u00e8s le <a href=\"https:\/\/actu.fr\/monde\/crash-d-un-avion-en-inde-cheffe-cuisiniere-et-danseuse-directeur-d-hotel-qui-sont-les-victimes-du-drame_62773141.html\" target=\"_blank\" rel=\"noopener\">r\u00e9cent accident de son Boeing 787 qui a d\u00e9fray\u00e9 la chronique en Inde, faisant 279 morts<\/a>, soit le pire bilan pour une catastrophe a\u00e9rienne depuis 2014\u2026 Signe des temps\u2009: alors qu\u2019il devait faire le d\u00e9placement \u00e0 Paris, son nouveau PDG <strong>Kelly Ortberg<\/strong> s\u2019est finalement retir\u00e9 de l\u2019\u00e9v\u00e9nement. Dans ce contexte tendu, l\u2019avionneur am\u00e9ricain \u2014 qui suit bien \u00e9videmment de tr\u00e8s pr\u00e8s l\u2019enqu\u00eate sur le drame en Inde \u2014, <strong>s\u2019est fait discret<\/strong> lors du salon, et a d\u00e9clar\u00e9 vouloir <strong>se concentrer sur ses clients<\/strong> et partenaires actuels, plut\u00f4t que sur des annonces commerciales.<\/p>\n<p>\u00ab\u2009Le march\u00e9 est au rendez-vous\u2009\u00bb, dit-on chez Airbus<\/p>\n<p class=\" wall-content\">Loin de se gargariser des p\u00e9rip\u00e9ties de son concurrent, et conscient que de tels drames jettent le trouble sur toute la fili\u00e8re, <strong>Airbus<\/strong> se garde bien de tout commentaire sur le sujet, et pr\u00e9f\u00e8re se focaliser sur ses propres performances.<\/p>\n<p class=\" wall-content\">Pour l\u2019avionneur europ\u00e9en, le bilan de ce salon \u00ab\u2009confirme que <strong>le march\u00e9 est au rendez-vous,<\/strong> qu\u2019il continue de cro\u00eetre dans toutes les r\u00e9gions du monde, et que nos appareils r\u00e9pondent aux attentes\u2009\u00bb, souffle \u00e0 Actu Toulouse un porte-parole d\u2019Airbus, \u00e0 l\u2019issue de l\u2019\u00e9v\u00e9nement.<\/p>\n<p>250 commandes fermes pour Airbus en trois jours<\/p>\n<p class=\" wall-content\">Lors des <a href=\"https:\/\/actu.fr\/occitanie\/toulouse_31555\/direct-les-commandes-s-enchainent-pour-airbus-qui-poursuit-sa-moisson-au-troisieme-jour-du-salon-du-bourget_62787597.html\" target=\"_blank\" rel=\"noopener\">trois premiers <\/a>jours <a href=\"https:\/\/actu.fr\/occitanie\/toulouse_31555\/direct-les-commandes-s-enchainent-pour-airbus-qui-poursuit-sa-moisson-au-troisieme-jour-du-salon-du-bourget_62787597.html\" target=\"_blank\" rel=\"noopener\">du salon<\/a>, <strong>250 commandes <\/strong>d\u2019avions ont donc \u00e9t\u00e9 engrang\u00e9es par Airbus, sans compter les achats d\u2019h\u00e9licopt\u00e8res, drones et autres engins disruptifs.<\/p>\n<p class=\" wall-content\">Mercredi, <a href=\"https:\/\/actu.fr\/occitanie\/toulouse_31555\/direct-les-commandes-s-enchainent-pour-airbus-qui-poursuit-sa-moisson-au-troisieme-jour-du-salon-du-bourget_62787597.html\" target=\"_blank\" rel=\"noopener\">l\u2019avionneur a annonc\u00e9 trois importantes commandes,<\/a> toutes pour la <strong>famille A350<\/strong>\u2009: <strong>MNG Airlines<\/strong>, prestataire logistique et du commerce \u00e9lectronique bas\u00e9 en Turquie, s\u2019est engag\u00e9 sur <strong>deux A350F<\/strong> pour le transport de fret, la <strong>compagnie Egyptair<\/strong> a pass\u00e9 une commande ferme de <strong>six A350-900<\/strong> suppl\u00e9mentaires, puis <strong>Starlux Airlines<\/strong>, bas\u00e9e \u00e0 Ta\u00efwan, en a fait de m\u00eame avec <strong>dix A350-1000<\/strong> de plus.<\/p>\n<p class=\" wall-content\">Mardi, <a href=\"https:\/\/actu.fr\/occitanie\/toulouse_31555\/direct-airbus-engrange-de-nouvelles-commandes-pour-le-deuxieme-jour-du-salon-du-bourget_62783256.html\" target=\"_blank\" rel=\"noopener\">\u00e0 la mi-journ\u00e9e, l\u2019avionneur avait officialis\u00e9 une \u00e9norme commande <\/a>venue du Vietnam\u2009: <strong>VietJet Air<\/strong> a achet\u00e9 <strong>100 A321neo<\/strong>, avec 50 autres en option.<\/p>\n<p class=\" wall-content\">Et lundi, <a href=\"https:\/\/actu.fr\/occitanie\/toulouse_31555\/aeronautique-132-avions-commandes-le-premier-jour-le-decollage-tonitruant-d-airbus-au-salon-du-bourget_62778688.html\" target=\"_blank\" rel=\"noopener\">Airbus avait annonc\u00e9 quatre commandes fermes<\/a>\u2009: soci\u00e9t\u00e9 de leasing bas\u00e9e en Arabie Saoudite, <strong>AviLease<\/strong> <a href=\"https:\/\/actu.fr\/occitanie\/toulouse_31555\/airbus-enregistre-une-premiere-grosse-commande-des-l-ouverture-du-salon-du-bourget_62777397.html\" target=\"_blank\" rel=\"noopener\">s\u2019est engag\u00e9e d\u00e8s l\u2019ouverture <\/a>sur <strong>40 avions<\/strong> (30 A320neo et 10 A350F), avec des options sur 37 autres (25 A320neo et 12 A350F). \u00c9galement venue d\u2019Arabie Saoudite, <strong>Riyadh Air<\/strong> a sign\u00e9 une commande ferme de <strong>25 A350-1000,<\/strong> avec 25 autres en option. Le groupe japonais\u00a0<strong>Ana Holdings<\/strong> a achet\u00e9 (pour ses compagnies All Nippon Airways et Peach Aviation) <strong>24 A321neo<\/strong> et <strong>trois A321XLR.<\/strong> Enfin, <strong>Lot Polish Airlines<\/strong>\u00a0a pass\u00e9 une commande ferme pour\u00a0<strong>20 A220-100<\/strong>\u00a0et\u00a0<strong>20 A220-300<\/strong> (avec 44 en option), en <strong>quittant, au passage, Boeing pour Airbus.<\/strong><\/p>\n<p>La moiti\u00e9 des ventes pour la famille A321<\/p>\n<p class=\" wall-content\">Par type d\u2019avions, sans surprise, <strong>l\u2019A321neo<\/strong>, le best-seller d\u2019Airbus qui dispose d\u2019une <a href=\"https:\/\/actu.fr\/occitanie\/toulouse_31555\/toulouse-airbus-inaugure-sa-nouvelle-ligne-d-assemblage-toutes-les-images_59835571.html\" target=\"_blank\" rel=\"noopener\">cha\u00eene d\u2019assemblage flambant neuve dans la Ville rose<\/a>, s\u2019est arrach\u00e9 les faveurs des compagnies.\u00a0124 exemplaires du monocouloir ont \u00e9t\u00e9 vendus au Bourget, avec la commande mirobolante de 100 appareils par Viejtjet et les 24 achet\u00e9s par le japonais Ana Holdings.<\/p>\n<p class=\" wall-content\">Si on y ajoute les trois exemplaires de l\u2019A321XLR, le premier monocouloir capable d\u2019assurer des long-courriers, cela porte \u00e0 <strong>127 avions<\/strong> de la <strong>famille A320<\/strong>.<\/p>\n<p>    <img   decoding=\"async\" loading=\"lazy\" src=\"https:\/\/www.europesays.com\/fr\/wp-content\/uploads\/2025\/06\/usine-jean-luc-lagardere-toulouse-dss-960x640.jpg\" alt=\"Bonne nouvelle pour l'usine Jean-Luc Lagard\u00e8re, reconvertie en FAL de l'A321 apr\u00e8s l'arr\u00eat du programme A380 : le Salon du Bourget a \u00e9t\u00e9 fructueux\" width=\"960\" height=\"640\"\/><br \/>\n    Bonne nouvelle pour l\u2019usine Jean-Luc Lagard\u00e8re, reconvertie en FAL de l\u2019A321 apr\u00e8s l\u2019arr\u00eat du programme A380\u2009: le Salon du Bourget a \u00e9t\u00e9 fructueux (\u00a9David Saint-Sernin \/ Actu Toulouse)53 A350 (tous assembl\u00e9s \u00e0 Colomiers) et 40 A220<\/p>\n<p class=\" wall-content\">Derri\u00e8re, la <strong>famille A350<\/strong> a aussi connu un vif succ\u00e8s au Salon du Bourget\u2026 avec un total de <strong>53 appareils<\/strong> vendus. Et c\u2019est une excellente nouvelle pour la fili\u00e8re dans <strong>l\u2019agglo de Toulouse,<\/strong> <a href=\"https:\/\/actu.fr\/occitanie\/toulouse_31555\/video-toulouse-la-course-aux-livraisons-est-lancee-chez-airbus-plongee-dans-l-usine-a350-du-geant_55820832.html\" target=\"_blank\" rel=\"noopener\">puisque <strong>l\u2019unique cha\u00eene d\u2019assemblage final au monde<\/strong> de l\u2019A350 se trouve \u00e0 Colomiers.<\/a> Au total, 41 A350 ont \u00e9t\u00e9 vendus (25 \u00e0 Riyadh Air, 10 \u00e0 Starlux Airlines et 6 \u00e0 Egyptair), alors que l\u2019A350F, destin\u00e9 au transport de fret, s\u2019est \u00e9coul\u00e9 en 12 exemplaires (10 pour Avilease et 2 pour MNG Airlines).<\/p>\n<p class=\" wall-content\">Enfin, et c\u2019est une petite surprise, <strong>l\u2019A220,<\/strong> dernier arriv\u00e9 de la famille Airbus \u2014 c\u2019est le fruit de la reprise du CSeries au Canadien Bombardier \u2014, fait bonne figure avec <strong>40 avions command\u00e9s<\/strong> par Lot Polish Airlines. Ces avions sont, rappelons-le, assembl\u00e9s sur les deux sites de Mirabel (Canada), et de Mobile (\u00c9tats-Unis).<\/p>\n<p class=\" wall-content\">Au final, <strong>l\u2019A330<\/strong> et la <strong>seule famille d\u2019avions Airbus<\/strong> \u00e0 ne pas avoir enregistr\u00e9 de commande au salon du Bourget 2025.<\/p>\n<p>ATR et Aura Aero ont fait bonne figure<\/p>\n<p class=\" wall-content\">\u00c0 noter, parmi les autres constructeurs, les emplettes r\u00e9alis\u00e9es par <strong>ATR<\/strong>, petit-fr\u00e8re d\u2019Airbus,<a href=\"https:\/\/actu.fr\/occitanie\/toulouse_31555\/toulouse-ce-constructeur-d-avions-engrange-une-commande-historique-la-plus-importante-depuis-huit-ans_62755527.html\" target=\"_blank\" rel=\"noopener\"> qui a annonc\u00e9 juste avant l\u2019ouverture du salon<\/a> la commande ferme de <strong>19 avions<\/strong> par le groupe Eva Air, bas\u00e9 \u00e0 Ta\u00efwan, quand un autre constructeur toulousain, <strong>Aura Aero,<\/strong><a href=\"https:\/\/actu.fr\/occitanie\/toulouse_31555\/salon-du-bourget-commandes-nouvelle-usine-bonnes-nouvelles-a-la-pelle-pour-ce-constructeur-de-toulouse_62784359.html\" target=\"_blank\" rel=\"noopener\"> a comptabilis\u00e9 la commande ferme de 57 exemplaires<\/a> pour Era, l\u2019avion r\u00e9gional hybride-\u00e9lectrique de 19 places, dont l\u2019entr\u00e9e en service est pr\u00e9vue \u00ab\u2009avant 2030\u2009\u00bb.<\/p>\n<p>Rendez-vous \u00e0 Duba\u00ef en novembre<\/p>\n<p class=\" wall-content\">Cela dit, l\u2019ann\u00e9e 2025 n\u2019est pas termin\u00e9e, et le match Europe \u2013 \u00c9tats-Unis n\u2019est pas pli\u00e9. Alors que <a href=\"https:\/\/actu.fr\/monde\/de-la-corruption-a-la-vue-de-tous-le-qatar-offre-un-avion-a-400-millions-de-dollars-a-donald-trump_62623604.html\" target=\"_blank\" rel=\"noopener\">le pr\u00e9sident am\u00e9ricain Donald Trump joue d\u00e9sormais les VRP de Boeing<\/a> \u2014 il a m\u00eame annonc\u00e9 de gros contrats lors d\u2019une r\u00e9cente tourn\u00e9e dans les pays du Golfe (dont Qatar Airways pour 210 avions gros-porteurs), la plan\u00e8te a\u00e9ronautique va se tourner vers d\u2019autres gros \u00e9v\u00e9nements \u00e0 venir, \u00e0 commencer par le prochain <strong>salon de Duba\u00ef,<\/strong> qui se tiendra en novembre\u00a02025.<\/p>\n<p class=\" wall-content\">Suivez toute l\u2019actualit\u00e9 de vos villes et m\u00e9dias favoris en vous inscrivant \u00e0 <a href=\"https:\/\/moncompte.actu.fr\" title=\"D\u00e9couvez Mon Actu\" rel=\"nofollow noopener\" data-trk=\"{&quot;cta&quot;:{&quot;action&quot;:&quot;https:\\\/\\\/moncompte.actu.fr&quot;,&quot;category&quot;:&quot;mon compte&quot;,&quot;from&quot;:&quot;article footer&quot;,&quot;name&quot;:&quot;Mon actu&quot;,&quot;type&quot;:&quot;cta&quot;}}\" target=\"_blank\">Mon Actu<\/a>.<\/p>\n","protected":false},"excerpt":{"rendered":"Par Guillaume Laurens Publi\u00e9 le 20 juin 2025 \u00e0 12h47 Place au grand public. Alors que les passionn\u00e9s&hellip;\n","protected":false},"author":2,"featured_media":190768,"comment_status":"","ping_status":"","sticky":false,"template":"","format":"standard","meta":{"footnotes":""},"categories":[2816],"tags":[1111,11,296,36,33,1777,674,1011,27,12,2680,25,2312],"class_list":{"0":"post-190767","1":"post","2":"type-post","3":"status-publish","4":"format-standard","5":"has-post-thumbnail","7":"category-toulouse","8":"tag-actu","9":"tag-actualites","10":"tag-aeronautique","11":"tag-airbus","12":"tag-economie","13":"tag-eu","14":"tag-europe","15":"tag-fr","16":"tag-france","17":"tag-news","18":"tag-occitanie","19":"tag-republique-francaise","20":"tag-toulouse"},"share_on_mastodon":{"url":"https:\/\/pubeurope.com\/@fr\/114715338043001454","error":""},"_links":{"self":[{"href":"https:\/\/www.europesays.com\/fr\/wp-json\/wp\/v2\/posts\/190767","targetHints":{"allow":["GET"]}}],"collection":[{"href":"https:\/\/www.europesays.com\/fr\/wp-json\/wp\/v2\/posts"}],"about":[{"href":"https:\/\/www.europesays.com\/fr\/wp-json\/wp\/v2\/types\/post"}],"author":[{"embeddable":true,"href":"https:\/\/www.europesays.com\/fr\/wp-json\/wp\/v2\/users\/2"}],"replies":[{"embeddable":true,"href":"https:\/\/www.europesays.com\/fr\/wp-json\/wp\/v2\/comments?post=190767"}],"version-history":[{"count":0,"href":"https:\/\/www.europesays.com\/fr\/wp-json\/wp\/v2\/posts\/190767\/revisions"}],"wp:featuredmedia":[{"embeddable":true,"href":"https:\/\/www.europesays.com\/fr\/wp-json\/wp\/v2\/media\/190768"}],"wp:attachment":[{"href":"https:\/\/www.europesays.com\/fr\/wp-json\/wp\/v2\/media?parent=190767"}],"wp:term":[{"taxonomy":"category","embeddable":true,"href":"https:\/\/www.europesays.com\/fr\/wp-json\/wp\/v2\/categories?post=190767"},{"taxonomy":"post_tag","embeddable":true,"href":"https:\/\/www.europesays.com\/fr\/wp-json\/wp\/v2\/tags?post=190767"}],"curies":[{"name":"wp","href":"https:\/\/api.w.org\/{rel}","templated":true}]}}