{"id":190779,"date":"2025-06-20T11:03:26","date_gmt":"2025-06-20T11:03:26","guid":{"rendered":"https:\/\/www.europesays.com\/fr\/190779\/"},"modified":"2025-06-20T11:03:26","modified_gmt":"2025-06-20T11:03:26","slug":"ce-celebre-cafe-de-la-presquile-va-disparaitre-apres-28-ans-dexistence","status":"publish","type":"post","link":"https:\/\/www.europesays.com\/fr\/190779\/","title":{"rendered":"ce c\u00e9l\u00e8bre caf\u00e9 de la Presqu&rsquo;\u00eele va dispara\u00eetre apr\u00e8s 28 ans d&rsquo;existence"},"content":{"rendered":"<p>            Par<br \/>\n        <strong><br \/>\n            <a href=\"https:\/\/actu.fr\/auteur\/ludivine-caporal\" title=\"Consulter tous les articles de Ludivine Caporal\" rel=\"nofollow noopener\" target=\"_blank\">Ludivine Caporal<\/a><br \/>\n        <\/strong><\/p>\n<p>        Publi\u00e9 le<\/p>\n<p>            20 juin 2025 \u00e0 9h54        <\/p>\n<p>C\u2019est une page qui se tourne dans le milieu de la restauration lyonnaise. Install\u00e9 depuis 28 ans sur la place Francisque-Rigaud \u00e0 Cordeliers (<a href=\"https:\/\/actu.fr\/auvergne-rhone-alpes\/lyon_69123\" rel=\"nofollow noopener\" target=\"_blank\">Lyon<\/a> 2e), le mythique <strong>Caf\u00e9 Perl<\/strong> va d\u00e9finitivement fermer ses portes d\u2019ici quelques jours.<\/p>\n<p class=\" wall-content\">Le dernier service sur sa grande terrasse ombrag\u00e9e sera effectu\u00e9 le jeudi 26\u00a0juin au soir, a appris actu Lyon aupr\u00e8s de l\u2019\u00e9tablissement, suite \u00e0 l\u2019information publi\u00e9e par <a href=\"https:\/\/www.lyonpeople.com\/actualites-lyon\/presquile-de-lyon-menaces-sur-le-cafe-perl-2025-06-17.html\" rel=\"nofollow noopener\" target=\"_blank\">Lyon People<\/a>.<\/p>\n<p>Un diff\u00e9rend avec le propri\u00e9taire des murs<\/p>\n<p class=\" wall-content\">En plus d\u2019avoir confirm\u00e9 la triste nouvelle \u00e0 notre r\u00e9daction, un employ\u00e9 nous a expliqu\u00e9 qu\u2019un diff\u00e9rend avec le propri\u00e9taire des murs \u00e9tait bien \u00e0 l\u2019origine de cette fermeture, comme l\u2019ont annonc\u00e9 nos confr\u00e8res.<\/p>\n<p class=\" wall-content\">\u00ab\u2009Le propri\u00e9taire voulait <strong>tripler le loyer.<\/strong> Les patrons ont tout tent\u00e9 pour n\u00e9gocier\u2009\u00bb, nous a-t-il gliss\u00e9, en pr\u00e9cisant ne pas savoir ce qu\u2019il allait advenir de ce lieu embl\u00e9matique ni m\u00eame si une nouvelle brasserie\/restaurant serait privil\u00e9gi\u00e9e.<\/p>\n<p class=\" wall-content\">Mais selon le magazine lyonnais, le propri\u00e9taire des murs pourrait bien faire \u00ab\u2009table rase\u2009\u00bb du bar et de sa terrasse\u2026<\/p>\n<p>Vid\u00e9os : en ce moment sur Actu<\/p>\n<p class=\" wall-content\">Suivez toute l\u2019actualit\u00e9 de vos villes et m\u00e9dias favoris en vous inscrivant \u00e0 <a href=\"https:\/\/moncompte.actu.fr\" title=\"D\u00e9couvez Mon Actu\" rel=\"nofollow noopener\" data-trk=\"{&quot;cta&quot;:{&quot;action&quot;:&quot;https:\\\/\\\/moncompte.actu.fr&quot;,&quot;category&quot;:&quot;mon compte&quot;,&quot;from&quot;:&quot;article footer&quot;,&quot;name&quot;:&quot;Mon actu&quot;,&quot;type&quot;:&quot;cta&quot;}}\" target=\"_blank\">Mon Actu<\/a>.<\/p>\n","protected":false},"excerpt":{"rendered":"Par Ludivine Caporal Publi\u00e9 le 20 juin 2025 \u00e0 9h54 C\u2019est une page qui se tourne dans le&hellip;\n","protected":false},"author":2,"featured_media":190780,"comment_status":"","ping_status":"","sticky":false,"template":"","format":"standard","meta":{"footnotes":""},"categories":[1889],"tags":[1111,11,2430,215,1777,674,1011,27,2428,12,2809,25,104],"class_list":{"0":"post-190779","1":"post","2":"type-post","3":"status-publish","4":"format-standard","5":"has-post-thumbnail","7":"category-lyon","8":"tag-actu","9":"tag-actualites","10":"tag-auvergne-rhone-alpes","11":"tag-commerce","12":"tag-eu","13":"tag-europe","14":"tag-fr","15":"tag-france","16":"tag-lyon","17":"tag-news","18":"tag-presquile","19":"tag-republique-francaise","20":"tag-societe"},"share_on_mastodon":{"url":"https:\/\/pubeurope.com\/@fr\/114715361556728231","error":""},"_links":{"self":[{"href":"https:\/\/www.europesays.com\/fr\/wp-json\/wp\/v2\/posts\/190779","targetHints":{"allow":["GET"]}}],"collection":[{"href":"https:\/\/www.europesays.com\/fr\/wp-json\/wp\/v2\/posts"}],"about":[{"href":"https:\/\/www.europesays.com\/fr\/wp-json\/wp\/v2\/types\/post"}],"author":[{"embeddable":true,"href":"https:\/\/www.europesays.com\/fr\/wp-json\/wp\/v2\/users\/2"}],"replies":[{"embeddable":true,"href":"https:\/\/www.europesays.com\/fr\/wp-json\/wp\/v2\/comments?post=190779"}],"version-history":[{"count":0,"href":"https:\/\/www.europesays.com\/fr\/wp-json\/wp\/v2\/posts\/190779\/revisions"}],"wp:featuredmedia":[{"embeddable":true,"href":"https:\/\/www.europesays.com\/fr\/wp-json\/wp\/v2\/media\/190780"}],"wp:attachment":[{"href":"https:\/\/www.europesays.com\/fr\/wp-json\/wp\/v2\/media?parent=190779"}],"wp:term":[{"taxonomy":"category","embeddable":true,"href":"https:\/\/www.europesays.com\/fr\/wp-json\/wp\/v2\/categories?post=190779"},{"taxonomy":"post_tag","embeddable":true,"href":"https:\/\/www.europesays.com\/fr\/wp-json\/wp\/v2\/tags?post=190779"}],"curies":[{"name":"wp","href":"https:\/\/api.w.org\/{rel}","templated":true}]}}