{"id":190781,"date":"2025-06-20T11:04:12","date_gmt":"2025-06-20T11:04:12","guid":{"rendered":"https:\/\/www.europesays.com\/fr\/190781\/"},"modified":"2025-06-20T11:04:12","modified_gmt":"2025-06-20T11:04:12","slug":"voitures-interdites-au-nord-de-la-presquile-ce-samedi-a-partir-de-16-heures","status":"publish","type":"post","link":"https:\/\/www.europesays.com\/fr\/190781\/","title":{"rendered":"voitures interdites au nord de la Presqu\u2019\u00eele ce samedi \u00e0 partir de 16 heures"},"content":{"rendered":"<p class=\"insetTitle\">Le r\u00e9seau TCL f\u00eate aussi la musique<\/p>\n<p>Qui a dit que transport et musique n\u2019\u00e9taient pas compatibles\u00a0? <a href=\"https:\/\/www.leprogres.fr\/social\/2025\/06\/14\/tcl-pourquoi-les-conducteurs-de-bus-sont-appeles-a-la-greve-lundi-23-juin\" target=\"_blank\" rel=\"nofollow noopener\">TCL<\/a> et Sytral Mobilit\u00e9s se joignent \u00e0 la f\u00eate ce samedi 21\u00a0juin avec plusieurs animations sur le r\u00e9seau de transport en commun.<\/p>\n<p>De 14\u00a0h \u00e0 16\u00a0h, \u00e9couter de la musique autrement qu\u2019avec ses \u00e9couteurs sera possible dans le m\u00e9tro gr\u00e2ce \u00e0 la Chorale Pirate et le groupe Unvez qui voyageront entre le Stade de Gerland et Gare de Vaise.<\/p>\n<p>Nul besoin cependant de monter dans le train pour \u00e9couter de la musique puisque des sc\u00e8nes animeront plusieurs stations comme Bellecour, Saxe Gambetta ou encore Vaulx-en-Velin La Soie. Pour l\u2019occasion, certaines changeront de nom comme \u201cSaxo-Gambetta\u201d, \u201cCordes Li\u00e9es\u201d ou encore \u201cFoch Sentimentale\u201d\u2026<\/p>\n<p>\u00a0Pour mieux profiter et d\u00e9ambuler \u00e0 travers la ville, le service de transports sera aussi prolong\u00e9 et renforc\u00e9 pour un acc\u00e8s facilit\u00e9 aux diff\u00e9rentes manifestations musicales. Le ticket TCL en f\u00eate fait aussi son grand retour. Au prix de 3,70 \u20ac, il est valable toute la journ\u00e9e, du d\u00e9but \u00e0 la fin du service.<\/p>\n","protected":false},"excerpt":{"rendered":"Le r\u00e9seau TCL f\u00eate aussi la musique Qui a dit que transport et musique n\u2019\u00e9taient pas compatibles\u00a0? TCL&hellip;\n","protected":false},"author":2,"featured_media":190782,"comment_status":"","ping_status":"","sticky":false,"template":"","format":"standard","meta":{"footnotes":""},"categories":[1889],"tags":[1111,11,2430,3542,1687,2757,1777,674,1011,27,2428,2756,873,12,25,2429,2803],"class_list":{"0":"post-190781","1":"post","2":"type-post","3":"status-publish","4":"format-standard","5":"has-post-thumbnail","7":"category-lyon","8":"tag-actu","9":"tag-actualites","10":"tag-auvergne-rhone-alpes","11":"tag-circulation","12":"tag-culture-loisirs","13":"tag-edition-lyon-villeurbanne","14":"tag-eu","15":"tag-europe","16":"tag-fr","17":"tag-france","18":"tag-lyon","19":"tag-lyon-bassin","20":"tag-musique","21":"tag-news","22":"tag-republique-francaise","23":"tag-rhone","24":"tag-transport"},"share_on_mastodon":{"url":"https:\/\/pubeurope.com\/@fr\/114715365608168976","error":""},"_links":{"self":[{"href":"https:\/\/www.europesays.com\/fr\/wp-json\/wp\/v2\/posts\/190781","targetHints":{"allow":["GET"]}}],"collection":[{"href":"https:\/\/www.europesays.com\/fr\/wp-json\/wp\/v2\/posts"}],"about":[{"href":"https:\/\/www.europesays.com\/fr\/wp-json\/wp\/v2\/types\/post"}],"author":[{"embeddable":true,"href":"https:\/\/www.europesays.com\/fr\/wp-json\/wp\/v2\/users\/2"}],"replies":[{"embeddable":true,"href":"https:\/\/www.europesays.com\/fr\/wp-json\/wp\/v2\/comments?post=190781"}],"version-history":[{"count":0,"href":"https:\/\/www.europesays.com\/fr\/wp-json\/wp\/v2\/posts\/190781\/revisions"}],"wp:featuredmedia":[{"embeddable":true,"href":"https:\/\/www.europesays.com\/fr\/wp-json\/wp\/v2\/media\/190782"}],"wp:attachment":[{"href":"https:\/\/www.europesays.com\/fr\/wp-json\/wp\/v2\/media?parent=190781"}],"wp:term":[{"taxonomy":"category","embeddable":true,"href":"https:\/\/www.europesays.com\/fr\/wp-json\/wp\/v2\/categories?post=190781"},{"taxonomy":"post_tag","embeddable":true,"href":"https:\/\/www.europesays.com\/fr\/wp-json\/wp\/v2\/tags?post=190781"}],"curies":[{"name":"wp","href":"https:\/\/api.w.org\/{rel}","templated":true}]}}