{"id":190783,"date":"2025-06-20T11:05:38","date_gmt":"2025-06-20T11:05:38","guid":{"rendered":"https:\/\/www.europesays.com\/fr\/190783\/"},"modified":"2025-06-20T11:05:38","modified_gmt":"2025-06-20T11:05:38","slug":"la-circulation-des-transiliens-perturbee-ce-jeudi-les-rer-b-et-d-particulierement-touches","status":"publish","type":"post","link":"https:\/\/www.europesays.com\/fr\/190783\/","title":{"rendered":"La circulation des transiliens perturb\u00e9e ce jeudi, les RER B et D particuli\u00e8rement touch\u00e9s"},"content":{"rendered":"<p>La date est annonc\u00e9e depuis plusieurs semaines. Ce jeudi, une gr\u00e8ve des <a href=\"https:\/\/www.20minutes.fr\/dossier\/cheminots\" class=\"color-ultramarine c-link\" target=\"_blank\" rel=\"noopener\">cheminots<\/a> contre <a href=\"https:\/\/www.20minutes.fr\/economie\/4119512-20241104-transport-marchandises-sait-disparition-fret-sncf\" target=\"_blank\" class=\"color-ultramarine c-link\" rel=\"noopener\">la disparition du fret SNCF<\/a> va perturber une partie du <a href=\"https:\/\/www.20minutes.fr\/dossier\/ile-de-france\" class=\"color-ultramarine c-link\" target=\"_blank\" rel=\"noopener\">trafic francilien de transports<\/a> en commun annonce l\u2019entreprise par un communiqu\u00e9 publi\u00e9 ce mardi.<\/p>\n<p>En effet, plusieurs lignes de RER et de transiliens op\u00e9r\u00e9es par Transilien SNCF Voyageurs pour <a href=\"https:\/\/www.iledefrance-mobilites.fr\/\" rel=\"nofollow noopener\" target=\"_blank\" class=\"color-ultramarine c-link\">\u00cele-de-France Mobilit\u00e9s<\/a> vont voir des trains annul\u00e9s pendant toute la journ\u00e9e de mouvement social.<\/p>\n<p>Un train sur trois pour le RER D<\/p>\n<p>Ainsi, sur la ligne du RER B un train sur deux au nord (depuis la gare du Nord), et trois trains sur quatre au sud (depuis Ch\u00e2telet-les-Halles) seront effectifs.<\/p>\n<p>M\u00eame sort pour les lignes H (de gare du Nord \u00e0 Creil et Luzarches) et N (de la gare Montparnasse \u00e0 Rambouillet, Dreux et Mantes-la-Jolie) o\u00f9 un train sur deux en moyenne seulement circulera.<\/p>\n<p><img decoding=\"async\" alt=\"Des perturbations sont \u00e0 pr\u00e9voir sur une grande partie du r\u00e9seau francilien. \" class=\"c-img\" loading=\"lazy\" fetchpriority=\"auto\" width=\"718\"  src=\"https:\/\/img.20mn.fr\/6BtOEwqWTEO5o2M85W8FtCk\/718x0\" \/>Des perturbations sont \u00e0 pr\u00e9voir sur une grande partie du r\u00e9seau francilien. \u2002-\u00a0Information de Transilien SNCF<\/p>\n<p>La situation sera davantage perturb\u00e9e sur le RER D et la ligne R du transilien o\u00f9 seulement un train sur trois en moyenne circulera. Sur certaines destinations, aucun train ne circulera de la journ\u00e9e. (voir image ci-dessous).<\/p>\n<p>Sur le RER E (3 trains sur 4 en moyenne) et sur le RER C et les lignes J (Saint-Lazare jusqu\u2019\u00e0 Gisors et Vernon-Giverny) et U (La D\u00e9fense jusque La Verri\u00e8re), ce sont deux trains sur trois en moyenne qui circuleront.<\/p>\n<p>Trafic normal sur le reste du r\u00e9seau<\/p>\n<p>Selon le communiqu\u00e9 de la <a href=\"https:\/\/www.20minutes.fr\/dossier\/sncf\" class=\"color-ultramarine c-link\" target=\"_blank\" rel=\"noopener\">SNCF<\/a>, les autres lignes op\u00e9reront un trafic quasiment normal. Pour \u00e9viter au maximum les d\u00e9sagr\u00e9ments de la situation, Transilien recommande aux voyageurs qui le peuvent de limiter leurs d\u00e9placements pr\u00e9vus le jeudi 21\u00a0novembre et de privil\u00e9gier le t\u00e9l\u00e9travail.<\/p>\n<\/p>\n<p>Pour ceux dans l\u2019impossibilit\u00e9 de diff\u00e9rer leur trajet, il est recommand\u00e9 de se rendre sur l\u2019application \u00cele-de-France Mobilit\u00e9s, le site <a href=\"https:\/\/www.transilien.com\/\" rel=\"nofollow noopener\" target=\"_blank\" class=\"color-ultramarine c-link\">transilien.com<\/a> ou encore l\u2019application SNCF CONNECT pour consulter les calculateurs d\u2019itin\u00e9raires, qui sont mis \u00e0 jour la veille \u00e0 17 heures ainsi que pour v\u00e9rifier les horaires des trains, avant de se rendre en gare.<\/p>\n","protected":false},"excerpt":{"rendered":"La date est annonc\u00e9e depuis plusieurs semaines. Ce jeudi, une gr\u00e8ve des cheminots contre la disparition du fret&hellip;\n","protected":false},"author":2,"featured_media":190784,"comment_status":"","ping_status":"","sticky":false,"template":"","format":"standard","meta":{"footnotes":""},"categories":[1592],"tags":[1111,11,1777,674,1011,27,11290,6151,662,12,626,1306,25,12396,2215,12443,2803,2216],"class_list":{"0":"post-190783","1":"post","2":"type-post","3":"status-publish","4":"format-standard","5":"has-post-thumbnail","7":"category-ile-de-france","8":"tag-actu","9":"tag-actualites","10":"tag-eu","11":"tag-europe","12":"tag-fr","13":"tag-france","14":"tag-fret","15":"tag-greve","16":"tag-ile-de-france","17":"tag-news","18":"tag-paris","19":"tag-regions","20":"tag-republique-francaise","21":"tag-rer","22":"tag-sncf","23":"tag-transilien","24":"tag-transport","25":"tag-transports-en-commun"},"share_on_mastodon":{"url":"https:\/\/pubeurope.com\/@fr\/114715369463927437","error":""},"_links":{"self":[{"href":"https:\/\/www.europesays.com\/fr\/wp-json\/wp\/v2\/posts\/190783","targetHints":{"allow":["GET"]}}],"collection":[{"href":"https:\/\/www.europesays.com\/fr\/wp-json\/wp\/v2\/posts"}],"about":[{"href":"https:\/\/www.europesays.com\/fr\/wp-json\/wp\/v2\/types\/post"}],"author":[{"embeddable":true,"href":"https:\/\/www.europesays.com\/fr\/wp-json\/wp\/v2\/users\/2"}],"replies":[{"embeddable":true,"href":"https:\/\/www.europesays.com\/fr\/wp-json\/wp\/v2\/comments?post=190783"}],"version-history":[{"count":0,"href":"https:\/\/www.europesays.com\/fr\/wp-json\/wp\/v2\/posts\/190783\/revisions"}],"wp:featuredmedia":[{"embeddable":true,"href":"https:\/\/www.europesays.com\/fr\/wp-json\/wp\/v2\/media\/190784"}],"wp:attachment":[{"href":"https:\/\/www.europesays.com\/fr\/wp-json\/wp\/v2\/media?parent=190783"}],"wp:term":[{"taxonomy":"category","embeddable":true,"href":"https:\/\/www.europesays.com\/fr\/wp-json\/wp\/v2\/categories?post=190783"},{"taxonomy":"post_tag","embeddable":true,"href":"https:\/\/www.europesays.com\/fr\/wp-json\/wp\/v2\/tags?post=190783"}],"curies":[{"name":"wp","href":"https:\/\/api.w.org\/{rel}","templated":true}]}}