{"id":190798,"date":"2025-06-20T11:13:19","date_gmt":"2025-06-20T11:13:19","guid":{"rendered":"https:\/\/www.europesays.com\/fr\/190798\/"},"modified":"2025-06-20T11:13:19","modified_gmt":"2025-06-20T11:13:19","slug":"un-controle-complet-et-approfondi-les-etats-unis-vont-eplucher-les-reseaux-sociaux-des-etudiants-etrangers","status":"publish","type":"post","link":"https:\/\/www.europesays.com\/fr\/190798\/","title":{"rendered":"\u00ab\u00a0Un contr\u00f4le complet et approfondi\u00a0\u00bb : les \u00c9tats-Unis vont \u00e9plucher les r\u00e9seaux sociaux des \u00e9tudiants \u00e9trangers"},"content":{"rendered":"<ul class=\"jsx-862013697 ArticleChapo__List\">\n<li class=\"jsx-862013697 ArticleChapo__List_Item flex\">Les \u00c9tats-Unis ont annonc\u00e9 durcir les contr\u00f4les pour les demandeurs de visa.<\/li>\n<li class=\"jsx-862013697 ArticleChapo__List_Item flex\">Les r\u00e9seaux sociaux des \u00e9tudiants \u00e9trangers souhaitant \u00e9tudier aux \u00c9tats-Unis seront fouill\u00e9s.<\/li>\n<\/ul>\n<p><a href=\"https:\/\/www.tf1info.fr\/actualite\/etats-unis-election-presidentielle-americaine-2024-donald-trump-vs-kamala-harris-13534\/\" rel=\"noopener\" class=\"jsx-484472199 Link jsx-1428418400 jsx-554215408\" target=\"_blank\"><\/p>\n<p style=\"font-weight:400\" class=\"jsx-1837267516\">Suivez la couverture compl\u00e8te<\/p>\n<p style=\"font-weight:800\" class=\"jsx-1837267516\">Le second mandat de Donald Trump<\/p>\n<p><\/a><\/p>\n<p data-module=\"article-paragraph\" class=\"jsx-3046738180 Paragraph\">Les \u00c9tats-Unis permettent \u00e0 nouveaux aux <a href=\"https:\/\/www.tf1info.fr\/international\/harvard-la-justice-suspend-l-interdiction-d-entree-des-etudiants-etrangers-voulue-par-trump-2375335.html\" target=\"_blank\" rel=\"noopener\">\u00e9tudiants \u00e9trangers (nouvelle fen\u00eatre)<\/a> de pouvoir \u00e9tudier dans leurs universit\u00e9s, mais \u00e0 des conditions s\u00e9v\u00e8res. Le d\u00e9partement d&rsquo;\u00c9tat am\u00e9ricain a annonc\u00e9 que le pays va \u00ab\u00a0proc\u00e9der \u00e0 des v\u00e9rifications minutieuses, y compris sur l&rsquo;historique internet de tous les \u00e9tudiants candidats\u00a0\u00bb. Et d&rsquo;ajouter : \u00ab\u00a0Pour les faciliter, tous les requ\u00e9rants de visa devront modifier leur profil sur les r\u00e9seaux sociaux en quittant le mode priv\u00e9 pour le mode public.\u00a0\u00bb<\/p>\n<p data-module=\"article-paragraph\" class=\"jsx-3046738180 Paragraph Paragraph__End\">Ce sont les agents consulaires qui se chargeront de ce \u00ab\u00a0contr\u00f4le complet et approfondi de tous les <a href=\"https:\/\/www.tf1info.fr\/international\/harvard-perd-2-milliards-de-subventions-apres-son-refus-de-se-plier-aux-exigences-de-donald-trump-2365205.html\" target=\"_blank\" rel=\"noopener\">\u00e9tudiants  (nouvelle fen\u00eatre)<\/a>et visiteurs participant \u00e0 un programme d&rsquo;\u00e9change\u00a0\u00bb. Une v\u00e9rification qui a pour objectif de \u00ab\u00a0nous assurer que toute personne qui tente de se rendre dans notre pays soit correctement contr\u00f4l\u00e9e\u00a0\u00bb, a expliqu\u00e9 un haut responsable du d\u00e9partement d&rsquo;\u00c9tat sous couvert d&rsquo;anonymat \u00e0 l&rsquo;AFP, cit\u00e9 par <a href=\"https:\/\/www.lefigaro.fr\/international\/etats-unis-les-reseaux-sociaux-des-etudiants-etrangers-passes-au-crible-pour-valider-leur-demande-de-visa-20250619\" target=\"_blank\" rel=\"nofollow noopener\">Le Figaro (nouvelle fen\u00eatre)<\/a>.\u00a0<\/p>\n<p data-module=\"article-paragraph\" class=\"jsx-3046738180 Paragraph\">\u00ab\u00a0C&rsquo;est une atteinte absolument insupportable \u00e0 la vie priv\u00e9e, c&rsquo;est une fa\u00e7on de limiter la libert\u00e9 d&rsquo;expression\u00a0\u00bb de ceux souhaitant aller \u00e9tudier aux \u00c9tats-Unis, analyse Fran\u00e7ois Cl\u00e9menceau, \u00e9ditorialiste international LCI.<\/p>\n<p data-module=\"article-paragraph\" class=\"jsx-3046738180 Paragraph Paragraph__End\">Lors de sa campagne \u00e9lectorale, et d\u00e8s son arriv\u00e9e \u00e0 la Maison Blanche, Donald Trump a montr\u00e9 sa volont\u00e9 de lutter contre ce qu&rsquo;il appelle \u00ab\u00a0l&rsquo;id\u00e9ologie woke\u00a0\u00bb. Il avait pris un d\u00e9cret le premier jour de sa pr\u00e9sidence appelant \u00e0 un contr\u00f4le accru des personnes entrant aux \u00c9tats-Unis, afin de s&rsquo;assurer qu&rsquo;elles \u00ab\u00a0n&rsquo;aient pas d&rsquo;attitudes hostiles envers ses citoyens, sa culture, son gouvernement, ses institutions ou ses principes fondateurs\u00a0\u00bb.<\/p>\n<p><a href=\"https:\/\/www.tf1info.fr\/international\/video-lci-princeton-yale-harvard-ces-universites-americaines-qui-se-revoltent-contre-la-politique-de-donald-trump-2366599.html\" rel=\"noopener\" class=\"jsx-3308031228 Link flex\" target=\"_blank\"><img decoding=\"async\" src=\"https:\/\/www.europesays.com\/fr\/wp-content\/uploads\/2025\/06\/donald-trump-le-31-mars-2025-8ff5b6-0@1x.jpeg\" alt=\"Donald Trump le 31 mars 2025.\" loading=\"lazy\" importance=\"low\" fetchpriority=\"low\" class=\"\"\/><\/p>\n<p class=\"jsx-3657663356 ReadMoreArticle__Title\">Lire aussi<\/p>\n<p class=\"jsx-3657663356\">Princeton, Yale, Harvard\u2026 Ces universit\u00e9s am\u00e9ricaines qui se r\u00e9voltent contre la politique de Donald Trump<\/p>\n<p><\/a><\/p>\n<p data-module=\"article-paragraph\" class=\"jsx-3046738180 Paragraph\">Le chef d&rsquo;\u00c9tat avait interdit \u00e0 l&rsquo;universit\u00e9 Harvard d&rsquo;accueillir des \u00e9tudiants \u00e9trangers le 22 mai dernier. Un exemple r\u00e9cent de la bataille engag\u00e9e par Donald Trump contre les \u00ab\u00a0Ivy League schools\u00a0\u00bb, les universit\u00e9s les plus r\u00e9put\u00e9es du pays. Son administration a m\u00eame coup\u00e9 les subventions de ces \u00e9coles, qu&rsquo;il estime \u00eatre \u00e0 l&rsquo;origine de \u00ab\u00a0l&rsquo;id\u00e9ologie woke\u00a0\u00bb, qui consiste \u00e0 lutter contre toutes les formes de discrimination. Le budget de ces universit\u00e9s est de 180 milliards de dollars.<\/p>\n<p data-module=\"article-paragraph\" class=\"jsx-3046738180 Paragraph Paragraph__End\">Les \u00e9tudiants \u00e9trangers repr\u00e9sentent 15% des \u00e9tudiants aux \u00c9tats-Unis, et 27% des effectifs des universit\u00e9s \u00ab\u00a0Ivy League\u00a0\u00bb.<\/p>\n<p>Ga\u00eblle SHEEHAN<\/p>\n","protected":false},"excerpt":{"rendered":"Les \u00c9tats-Unis ont annonc\u00e9 durcir les contr\u00f4les pour les demandeurs de visa. Les r\u00e9seaux sociaux des \u00e9tudiants \u00e9trangers&hellip;\n","protected":false},"author":2,"featured_media":190799,"comment_status":"","ping_status":"","sticky":false,"template":"","format":"standard","meta":{"footnotes":""},"categories":[1589],"tags":[1111,11,1921,75,73,1866,1922,2496,2497,12,1864,1865,1863,308,133,1920],"class_list":{"0":"post-190798","1":"post","2":"type-post","3":"status-publish","4":"format-standard","5":"has-post-thumbnail","7":"category-etats-unis","8":"tag-actu","9":"tag-actualites","10":"tag-article-video","11":"tag-donald-trump","12":"tag-etats-unis","13":"tag-etats-unis-damerique","14":"tag-info","15":"tag-le-6-9-avec-jean-baptiste-boursier","16":"tag-le-second-mandat-de-donald-trump","17":"tag-news","18":"tag-united-states","19":"tag-united-states-of-america","20":"tag-us","21":"tag-usa","22":"tag-video","23":"tag-video-international"},"share_on_mastodon":{"url":"https:\/\/pubeurope.com\/@fr\/114715400848419016","error":""},"_links":{"self":[{"href":"https:\/\/www.europesays.com\/fr\/wp-json\/wp\/v2\/posts\/190798","targetHints":{"allow":["GET"]}}],"collection":[{"href":"https:\/\/www.europesays.com\/fr\/wp-json\/wp\/v2\/posts"}],"about":[{"href":"https:\/\/www.europesays.com\/fr\/wp-json\/wp\/v2\/types\/post"}],"author":[{"embeddable":true,"href":"https:\/\/www.europesays.com\/fr\/wp-json\/wp\/v2\/users\/2"}],"replies":[{"embeddable":true,"href":"https:\/\/www.europesays.com\/fr\/wp-json\/wp\/v2\/comments?post=190798"}],"version-history":[{"count":0,"href":"https:\/\/www.europesays.com\/fr\/wp-json\/wp\/v2\/posts\/190798\/revisions"}],"wp:featuredmedia":[{"embeddable":true,"href":"https:\/\/www.europesays.com\/fr\/wp-json\/wp\/v2\/media\/190799"}],"wp:attachment":[{"href":"https:\/\/www.europesays.com\/fr\/wp-json\/wp\/v2\/media?parent=190798"}],"wp:term":[{"taxonomy":"category","embeddable":true,"href":"https:\/\/www.europesays.com\/fr\/wp-json\/wp\/v2\/categories?post=190798"},{"taxonomy":"post_tag","embeddable":true,"href":"https:\/\/www.europesays.com\/fr\/wp-json\/wp\/v2\/tags?post=190798"}],"curies":[{"name":"wp","href":"https:\/\/api.w.org\/{rel}","templated":true}]}}