{"id":190900,"date":"2025-06-20T12:06:12","date_gmt":"2025-06-20T12:06:12","guid":{"rendered":"https:\/\/www.europesays.com\/fr\/190900\/"},"modified":"2025-06-20T12:06:12","modified_gmt":"2025-06-20T12:06:12","slug":"profonde-consternation-dans-cette-commune-pres-de-toulouse-condamnee-a-payer-20-millions-deuros","status":"publish","type":"post","link":"https:\/\/www.europesays.com\/fr\/190900\/","title":{"rendered":"\u00ab\u00a0Profonde consternation\u00a0\u00bb dans cette commune pr\u00e8s de Toulouse, condamn\u00e9e \u00e0 payer 20 millions d&rsquo;euros"},"content":{"rendered":"<p>            Par<br \/>\n        <strong><br \/>\n            <a href=\"https:\/\/actu.fr\/auteur\/david-saint-sernin\" title=\"Consulter tous les articles de David Saint-Sernin\" rel=\"nofollow noopener\" target=\"_blank\">David Saint-Sernin<\/a><br \/>\n        <\/strong><\/p>\n<p>        Publi\u00e9 le<\/p>\n<p>            20 juin 2025 \u00e0 13h54        <\/p>\n<p>Jeudi 19 juin 2025, la commune de <a href=\"https:\/\/actu.fr\/occitanie\/plaisance-du-touch_31424\" rel=\"nofollow noopener\" target=\"_blank\"><strong>Plaisance-du-Touch<\/strong> (Haute-Garonne)<\/a> a annonc\u00e9 avoir \u00e9t\u00e9 condamn\u00e9e par le Tribunal administratif de <strong>Toulouse<\/strong> \u00e0 verser<strong> 20\u00a0millions d\u2019euros<\/strong> de d\u00e9dommagements \u00e0 la soci\u00e9t\u00e9 PCE, \u00e9manation d\u2019Unibail Rodamco Westfield, dans le cadre <a href=\"https:\/\/actu.fr\/occitanie\/plaisance-du-touch_31424\/val-tolosa-pres-toulouse-nouveau-coup-dur-le-projet-mega-centre-commercial_26110368.html\" rel=\"nofollow noopener\" target=\"_blank\">de l\u2019annulation, par la justice, du projet de m\u00e9ga centre commercial Val Tolosa.<\/a><\/p>\n<p>Val Tolosa\u2009: Un m\u00e9ga centre commercial mort-n\u00e9<\/p>\n<p class=\" wall-content\">Pour rappel, <strong>Val Tolosa<\/strong>, c\u2019\u00e9tait ce projet de grand centre commercial qui proposait sur<strong> 63\u2009251\u00a0m2<\/strong>un <strong>hypermarch\u00e9<\/strong>, un <strong>grand magasin<\/strong>, des <strong>moyennes unit\u00e9s<\/strong>, des <strong>boutiques<\/strong>, des <strong>restaurants,<\/strong> ainsi que des locaux associatifs et des bureaux, sur le territoire de Plaisance-du-Touch. Un projet qui a d\u00e9fray\u00e9 la chronique judiciaire pendant deux d\u00e9cennies avant d\u2019\u00eatre enterr\u00e9,<a href=\"https:\/\/actu.fr\/occitanie\/toulouse_31555\/pres-de-toulouse-l-immense-centre-commercial-en-projet-depuis-plus-de-20-ans-ne-verra-pas-le-jour_56335551.html\" rel=\"nofollow noopener\" target=\"_blank\"> fin 2022, par le conseil d\u2019\u00c9tat.<\/a><\/p>\n<p>Le promoteur se retourne contre les collectivit\u00e9s locales<\/p>\n<p class=\" wall-content\">Apr\u00e8s cet enterrement de premi\u00e8re classe, le promoteur, la <strong>soci\u00e9t\u00e9 PCE,<\/strong> s\u2019est retourn\u00e9 contre les collectivit\u00e9s locales, leur demandant des dommages \u00e0 hauteur de 190\u2009000\u00a0euros. \u00ab\u2009Finalement, dans le cadre de ce recours, le rapporteur public se limite \u00e0 la commune de Plaisance, et nous demande<strong> 24\u00a0millions d\u2019euros<\/strong>. Cette somme porte sur la suppos\u00e9e perte de valeur des terrains suite \u00e0 l\u2019annulation du projet. Or cette perte n\u2019est pas s\u00fbre tant que les terrains ne sont pas vendus\u2009\u00bb, expliquait \u00e0 Actu Toulouse le maire, Philippe Guyot, mercredi 18\u00a0juin. Un maire qui ajoutait\u2009: \u00ab\u200924\u00a0millions d\u2019euros, c\u2019est <strong>le budget annuel de la commune\u2026\u2009\u00bb<\/strong><\/p>\n<p>Plaisance-du-Touch condamn\u00e9e\u2009: \u00ab\u2009une profonde consternation\u2009\u00bb<\/p>\n<p class=\" wall-content\">Le lendemain, la d\u00e9cision est tomb\u00e9e, et le tribunal administratif de Toulouse a donc condamn\u00e9 Plaisance-du-Touch \u00e0 <strong>verser 20\u00a0millions<\/strong> <strong>d\u2019euros<\/strong>. Cette d\u00e9cision est bien <strong>une catastrophe<\/strong> pour cette commune de 20\u2009000\u00a0habitants.<\/p>\n<p class=\" wall-content\">\u00ab\u2009C\u2019est avec <strong>une profonde consternation<\/strong> que nous avons appris cette condamnation.\u00a0Je tiens \u00e0 exprimer ici ma ferme opposition \u00e0 cette d\u00e9cision, qui frappe injustement une commune de 20\u2009000\u00a0habitants, alors m\u00eame que le projet port\u00e9 par le groupe Unibail-Rodamco-Westfield, mastodonte du CAC\u202f40, a \u00e9t\u00e9 stopp\u00e9 \u00e0 plusieurs reprises par la justice pour des raisons environnementales, ind\u00e9pendantes de notre volont\u00e9\u2009\u00bb, a imm\u00e9diatement r\u00e9agi le maire,<strong> Philippe Guyot, <\/strong>dans un communiqu\u00e9 de presse.<\/p>\n<p>Vid\u00e9os : en ce moment sur ActuLa commune annonce qu\u2019elle va faire appel<\/p>\n<p class=\" wall-content\">Dans le m\u00eame communiqu\u00e9, le premier magistrat annonce \u00ab\u2009que la commune <strong>fera appel<\/strong> de cette d\u00e9cision devant la juridiction comp\u00e9tente\u2009\u00bb.<\/p>\n<p class=\" wall-content\">Il ajoute\u2009: \u00ab\u2009Nous solliciterons \u00e9galement une suspension d\u2019ex\u00e9cution, pour \u00e9viter une mise en danger financi\u00e8re de notre collectivit\u00e9, qui agit dans l\u2019int\u00e9r\u00eat g\u00e9n\u00e9ral et non pour le b\u00e9n\u00e9fice d\u2019une multinationale r\u00e9alisant plus de 2 milliards de b\u00e9n\u00e9fices rien que l\u2019ann\u00e9e pass\u00e9e. La ville de Plaisance-du-Touch ne saurait \u00eatre tenue pour seule responsable des cons\u00e9quences \u00e9conomiques de l\u2019annulation d\u2019un projet priv\u00e9 et des risques pris par la soci\u00e9t\u00e9 porteuse et dont la r\u00e9alisation a \u00e9t\u00e9 entrav\u00e9e par des d\u00e9cisions juridico-environnementales ext\u00e9rieures \u00e0 notre autorit\u00e9 [\u2026] \u00bb.<\/p>\n<blockquote class=\"ac-article-quote wall-content\">\n<p>Ce combat, ce sera aussi celui des petites communes face \u00e0 des int\u00e9r\u00eats priv\u00e9s de multinationales qui ne doivent pas l\u2019emporter sur l\u2019\u00e9thique et le bon sens, l\u2019environnement et la justice sociale.<\/p>\n<p>    <strong>Philippe Guyot\u00a0<\/strong><br \/>\n        Maire de Plaisance-du-Touch    <\/p><\/blockquote>\n<p>Quel projet \u00e0 la place de Val Tolosa\u2009?<\/p>\n<p class=\" wall-content\">Cette d\u00e9cision qui mettrait en p\u00e9ril les finances de la commune tombe alors que, depuis quelques mois, la commune m\u00e8ne une <strong>r\u00e9flexion<\/strong> sur le <strong>devenir du plateau de la M\u00e9nude<\/strong>, l\u00e0 o\u00f9 devait voir le jour le m\u00e9ga centre commercial.<\/p>\n<p class=\" wall-content\">Cette r\u00e9flexion, qui a mis \u00e0 contribution des habitants, dans le cadre d\u2019ateliers, est men\u00e9e en partenariat avec l\u2019Agence d\u2019urbanisme et d\u2019am\u00e9nagement Toulouse (AUAT).<\/p>\n<p>Des sc\u00e9narios bient\u00f4t pr\u00e9sent\u00e9s<\/p>\n<p class=\" wall-content\">Le mercredi 20\u00a0juin, <strong>Philippe Guyot,<\/strong> expliquait la nature de ce travail \u00e0 Actu Toulouse\u2009:\u00a0\u00ab\u2009Dans quelques jours, l\u2019AUAT va nous pr\u00e9senter plusieurs sc\u00e9narios pour dire vers quoi on peut aller. Le but n\u2019est pas de planifier, mais de dire quelles pourraient \u00eatre <strong>les orientations<\/strong> avec potentiellement des espaces verts, de la <strong>r\u00e9serve de biodiversit\u00e9<\/strong>, mais aussi de l\u2019accueil <strong>d\u2019activit\u00e9s \u00e9conomiques<\/strong>\u2009\u00bb.<\/p>\n<blockquote class=\"ac-article-quote wall-content\">\n<p>Le constat, c\u2019est que sur les 40 hectares, suite aux d\u00e9cisions de justice, il y a dix hectares qui sont class\u00e9s en zone humide ou en esp\u00e8ces prot\u00e9g\u00e9es. Les artificialiser n\u2019est donc plus \u00e0 l\u2019ordre du jour<\/p>\n<p>    <strong>Philippe Guyot<\/strong>\n            <\/p><\/blockquote>\n<p class=\" wall-content\">Le maire, qui va \u00eatre <strong>candidat aux Municipales de 2026<\/strong>, estime que la campagne \u00e9lectorale sera l\u2019occasion pour chaque liste de proposer un projet pour le plateau de la M\u00e9nude. Avant que le prochain plan local d\u2019urbanisme de la commune, qui sera valid\u00e9 en 2027-2028, ne pr\u00e9cise les r\u00e8gles de constructibilit\u00e9 pour le plateau de la M\u00e9nude, parcelle par parcelle.<\/p>\n<p class=\" wall-content\">Suivez toute l\u2019actualit\u00e9 de vos villes et m\u00e9dias favoris en vous inscrivant \u00e0 <a href=\"https:\/\/moncompte.actu.fr\" title=\"D\u00e9couvez Mon Actu\" rel=\"nofollow noopener\" data-trk=\"{&quot;cta&quot;:{&quot;action&quot;:&quot;https:\\\/\\\/moncompte.actu.fr&quot;,&quot;category&quot;:&quot;mon compte&quot;,&quot;from&quot;:&quot;article footer&quot;,&quot;name&quot;:&quot;Mon actu&quot;,&quot;type&quot;:&quot;cta&quot;}}\" target=\"_blank\">Mon Actu<\/a>.<\/p>\n","protected":false},"excerpt":{"rendered":"Par David Saint-Sernin Publi\u00e9 le 20 juin 2025 \u00e0 13h54 Jeudi 19 juin 2025, la commune de Plaisance-du-Touch&hellip;\n","protected":false},"author":2,"featured_media":190901,"comment_status":"","ping_status":"","sticky":false,"template":"","format":"standard","meta":{"footnotes":""},"categories":[2816],"tags":[1111,11,215,1777,674,1011,27,303,12,2680,25,104,2312],"class_list":{"0":"post-190900","1":"post","2":"type-post","3":"status-publish","4":"format-standard","5":"has-post-thumbnail","7":"category-toulouse","8":"tag-actu","9":"tag-actualites","10":"tag-commerce","11":"tag-eu","12":"tag-europe","13":"tag-fr","14":"tag-france","15":"tag-justice","16":"tag-news","17":"tag-occitanie","18":"tag-republique-francaise","19":"tag-societe","20":"tag-toulouse"},"share_on_mastodon":{"url":"https:\/\/pubeurope.com\/@fr\/114715609445458558","error":""},"_links":{"self":[{"href":"https:\/\/www.europesays.com\/fr\/wp-json\/wp\/v2\/posts\/190900","targetHints":{"allow":["GET"]}}],"collection":[{"href":"https:\/\/www.europesays.com\/fr\/wp-json\/wp\/v2\/posts"}],"about":[{"href":"https:\/\/www.europesays.com\/fr\/wp-json\/wp\/v2\/types\/post"}],"author":[{"embeddable":true,"href":"https:\/\/www.europesays.com\/fr\/wp-json\/wp\/v2\/users\/2"}],"replies":[{"embeddable":true,"href":"https:\/\/www.europesays.com\/fr\/wp-json\/wp\/v2\/comments?post=190900"}],"version-history":[{"count":0,"href":"https:\/\/www.europesays.com\/fr\/wp-json\/wp\/v2\/posts\/190900\/revisions"}],"wp:featuredmedia":[{"embeddable":true,"href":"https:\/\/www.europesays.com\/fr\/wp-json\/wp\/v2\/media\/190901"}],"wp:attachment":[{"href":"https:\/\/www.europesays.com\/fr\/wp-json\/wp\/v2\/media?parent=190900"}],"wp:term":[{"taxonomy":"category","embeddable":true,"href":"https:\/\/www.europesays.com\/fr\/wp-json\/wp\/v2\/categories?post=190900"},{"taxonomy":"post_tag","embeddable":true,"href":"https:\/\/www.europesays.com\/fr\/wp-json\/wp\/v2\/tags?post=190900"}],"curies":[{"name":"wp","href":"https:\/\/api.w.org\/{rel}","templated":true}]}}