{"id":190904,"date":"2025-06-20T12:08:08","date_gmt":"2025-06-20T12:08:08","guid":{"rendered":"https:\/\/www.europesays.com\/fr\/190904\/"},"modified":"2025-06-20T12:08:08","modified_gmt":"2025-06-20T12:08:08","slug":"armes-drogue-objets-de-luxe-un-impressionnant-trafic-demantele-dans-la-metropole-de-lille","status":"publish","type":"post","link":"https:\/\/www.europesays.com\/fr\/190904\/","title":{"rendered":"Armes, drogue, objets de luxe&#8230; Un impressionnant trafic d\u00e9mantel\u00e9 dans la m\u00e9tropole de Lille"},"content":{"rendered":"<p>            Par<br \/>\n        <strong><br \/>\n            <a href=\"https:\/\/actu.fr\/auteur\/nicolas-demollien\" title=\"Consulter tous les articles de Nicolas Demollien\" rel=\"nofollow noopener\" target=\"_blank\">Nicolas Demollien<\/a><br \/>\n        <\/strong><\/p>\n<p>        Publi\u00e9 le<\/p>\n<p>            20 juin 2025 \u00e0 13h06        <\/p>\n<p>Une <b>enqu\u00eate de plusieurs mois<\/b> vient d\u2019aboutir au d\u00e9mant\u00e8lement d\u2019un <b>impressionnant trafic<\/b> de stup\u00e9fiants qui \u00e9tait men\u00e9 depuis la m\u00e9tropole de <a href=\"https:\/\/actu.fr\/hauts-de-france\/lille_59350\" rel=\"nofollow noopener\" target=\"_blank\">Lille<\/a> (Nord), notamment \u00e0 <a href=\"https:\/\/actu.fr\/hauts-de-france\/roubaix_59512\" rel=\"nofollow noopener\" target=\"_blank\">Roubaix<\/a> et <a href=\"https:\/\/actu.fr\/hauts-de-france\/wattrelos_59650\" rel=\"nofollow noopener\" target=\"_blank\">Wattrelos<\/a>. Les policiers ont saisi de <b>grosses quantit\u00e9s<\/b> de <a href=\"https:\/\/actu.fr\/tag\/drogue\" rel=\"nofollow noopener\" target=\"_blank\">drogue<\/a> mais aussi des <b>armes<\/b>, de l\u2019<b>argent liquide<\/b> et des <b>objets de luxe<\/b>.<\/p>\n<p>Un impressionnant trafic de drogue d\u00e9mantel\u00e9 dans la m\u00e9tropole de Lille<\/p>\n<p data-end=\"507\" class=\" wall-content\">Tout a d\u00e9but\u00e9 le 17 septembre 2024 en <a href=\"https:\/\/actu.fr\/tag\/belgique\" rel=\"nofollow noopener\" target=\"_blank\">Belgique<\/a>. Ce jour-l\u00e0, <b>deux femmes \u00e9taient interpell\u00e9es<\/b> au volant d\u2019un v\u00e9hicule transportant <b>23 kilogrammes de produits stup\u00e9fiants de synth\u00e8se (k\u00e9tamine et MMC)<\/b> dans une cache am\u00e9nag\u00e9e. Les investigations men\u00e9es par les policiers belges d\u00e9montraient que les stup\u00e9fiants \u00e9taient \u00e0 destination de la France et que le <b>trafic \u00e9tait organis\u00e9 par des ressortissants fran\u00e7ais<\/b>.<\/p>\n<p data-end=\"1168\" class=\" wall-content\">Le 15 d\u00e9cembre 2024, le magistrat instructeur belge saisissait ainsi le parquet de Lille qui diligentait une enqu\u00eate pour importation de stup\u00e9fiants en bande organis\u00e9e, transport, d\u00e9tention, offre ou cession de stup\u00e9fiants et association de malfaiteurs.<\/p>\n<p data-end=\"1168\" class=\" wall-content\">La procureure de Lille Carole Etienne d\u00e9taille : \u00ab\u00a0Les nombreuses investigations men\u00e9es ont permis d\u2019identifier <b>plusieurs protagonistes de ce trafic organis\u00e9 depuis la m\u00e9tropole lilloise<\/b>, notamment depuis les communes de Roubaix et de Wattrelos, <b>via des groupes Signal et WhatsApp<\/b>, et consistant \u00e0 importer des produits stup\u00e9fiants <b>depuis les Pays-Bas<\/b> avant d\u2019en assurer la <b>livraison sur le territoire national, \u00e0 Lyon, \u00e0 Mulhouse et en r\u00e9gion parisienne<\/b>\u00ab\u00a0.<\/p>\n<p>Quatre mis en cause interpell\u00e9s en pleine transaction<\/p>\n<p data-end=\"1789\" class=\" wall-content\">Le 5 juin 2025, quatre mis en cause ont \u00e9t\u00e9 interpell\u00e9s lors d\u2019une op\u00e9ration de transaction, tandis que deux autres protagonistes, \u00ab\u00a0<b>parmi lesquels un mineur de 17 ans<\/b>\u00ab\u00a0, ont \u00e9t\u00e9 interpell\u00e9s \u00e0 Roubaix.<\/p>\n<p data-end=\"1789\" class=\" wall-content\">\u00ab\u00a0Les perquisitions men\u00e9es au domicile de l\u2019un des mis en cause \u00e0 <a href=\"https:\/\/actu.fr\/hauts-de-france\/croix_59163\" rel=\"nofollow noopener\" target=\"_blank\">Croix<\/a> et au domicile de sa m\u00e8re ont permis la d\u00e9couverte de plus de 582 grammes d\u2019herbe de cannabis, 47 grammes de r\u00e9sine de cannabis et 73 grammes d\u2019h\u00e9ro\u00efne, de nombreux v\u00eatements et accessoires de luxe pour une valeur totale estim\u00e9e \u00e0 plus de 30 000 euros, des sachets de conditionnement, 11 750 euros en num\u00e9raire et des <b>munitions de diff\u00e9rents calibres<\/b>\u00ab\u00a0, d\u00e9taille encore Carole Etienne.<\/p>\n<p data-end=\"2395\" class=\" wall-content\">La perquisition d\u2019un box de garage \u00e0 Wattrelos a \u00e9galement permis la saisie d\u2019armes (notamment <b>deux fusils d\u2019assaut et un pistolet mitrailleur<\/b>) et de <b>plusieurs centaines de munitions<\/b>, d\u2019une compteuse \u00e0 billets, de cartons de protoxyde d\u2019azote, de 3 kilogrammes d\u2019ecstasy, 3 kilogrammes d\u2019herbe de cannabis, 13 kilogrammes de k\u00e9tamine et 2 kilogrammes de 2MMC.<\/p>\n<p data-end=\"2395\" class=\" wall-content\">Par ailleurs, les investigations poursuivies dans une sup\u00e9rette de Roubaix ont permis d\u2019y d\u00e9couvrir 480 euros, des balances de pr\u00e9cision, des sachets de conditionnement, des cl\u00e9s de v\u00e9hicules et des bonbonnes de protoxyde d\u2019azote.<\/p>\n<p data-end=\"2395\" class=\" wall-content\">Enfin, la perquisition d\u2019un des v\u00e9hicules a conduit \u00e0 la d\u00e9couverte de 940 grammes de coca\u00efne, de 3 kilogrammes d\u2019amph\u00e9tamines en pilules et de 270 euros en num\u00e9raire.<\/p>\n<p data-end=\"2395\" class=\" wall-content\">Plac\u00e9s en garde \u00e0 vue puis d\u00e9f\u00e9r\u00e9s dans le cadre de l\u2019ouverture d\u2019une information judiciaire le 9 juin 2025, les six mis en cause, dont un mineur, ont \u00e9t\u00e9 <b>mis en examen<\/b>. \u00ab\u00a0Ils ont tous \u00e9t\u00e9 <b>plac\u00e9s en d\u00e9tention provisoire<\/b>\u00ab\u00a0, pr\u00e9cise la procureure.<\/p>\n<p class=\" wall-content\">Suivez toute l\u2019actualit\u00e9 de vos villes et m\u00e9dias favoris en vous inscrivant \u00e0 <a href=\"https:\/\/moncompte.actu.fr\" title=\"D\u00e9couvez Mon Actu\" rel=\"nofollow noopener\" data-trk=\"{&quot;cta&quot;:{&quot;action&quot;:&quot;https:\\\/\\\/moncompte.actu.fr&quot;,&quot;category&quot;:&quot;mon compte&quot;,&quot;from&quot;:&quot;article footer&quot;,&quot;name&quot;:&quot;Mon actu&quot;,&quot;type&quot;:&quot;cta&quot;}}\" target=\"_blank\">Mon Actu<\/a>.<\/p>\n","protected":false},"excerpt":{"rendered":"Par Nicolas Demollien Publi\u00e9 le 20 juin 2025 \u00e0 13h06 Une enqu\u00eate de plusieurs mois vient d\u2019aboutir au&hellip;\n","protected":false},"author":2,"featured_media":190905,"comment_status":"","ping_status":"","sticky":false,"template":"","format":"standard","meta":{"footnotes":""},"categories":[2815],"tags":[1111,11,1052,1777,674,118,1011,27,811,1307,12,25],"class_list":{"0":"post-190904","1":"post","2":"type-post","3":"status-publish","4":"format-standard","5":"has-post-thumbnail","7":"category-lille","8":"tag-actu","9":"tag-actualites","10":"tag-drogue","11":"tag-eu","12":"tag-europe","13":"tag-faits-divers","14":"tag-fr","15":"tag-france","16":"tag-hauts-de-france","17":"tag-lille","18":"tag-news","19":"tag-republique-francaise"},"share_on_mastodon":{"url":"https:\/\/pubeurope.com\/@fr\/114715617307459847","error":""},"_links":{"self":[{"href":"https:\/\/www.europesays.com\/fr\/wp-json\/wp\/v2\/posts\/190904","targetHints":{"allow":["GET"]}}],"collection":[{"href":"https:\/\/www.europesays.com\/fr\/wp-json\/wp\/v2\/posts"}],"about":[{"href":"https:\/\/www.europesays.com\/fr\/wp-json\/wp\/v2\/types\/post"}],"author":[{"embeddable":true,"href":"https:\/\/www.europesays.com\/fr\/wp-json\/wp\/v2\/users\/2"}],"replies":[{"embeddable":true,"href":"https:\/\/www.europesays.com\/fr\/wp-json\/wp\/v2\/comments?post=190904"}],"version-history":[{"count":0,"href":"https:\/\/www.europesays.com\/fr\/wp-json\/wp\/v2\/posts\/190904\/revisions"}],"wp:featuredmedia":[{"embeddable":true,"href":"https:\/\/www.europesays.com\/fr\/wp-json\/wp\/v2\/media\/190905"}],"wp:attachment":[{"href":"https:\/\/www.europesays.com\/fr\/wp-json\/wp\/v2\/media?parent=190904"}],"wp:term":[{"taxonomy":"category","embeddable":true,"href":"https:\/\/www.europesays.com\/fr\/wp-json\/wp\/v2\/categories?post=190904"},{"taxonomy":"post_tag","embeddable":true,"href":"https:\/\/www.europesays.com\/fr\/wp-json\/wp\/v2\/tags?post=190904"}],"curies":[{"name":"wp","href":"https:\/\/api.w.org\/{rel}","templated":true}]}}