{"id":190906,"date":"2025-06-20T12:09:10","date_gmt":"2025-06-20T12:09:10","guid":{"rendered":"https:\/\/www.europesays.com\/fr\/190906\/"},"modified":"2025-06-20T12:09:10","modified_gmt":"2025-06-20T12:09:10","slug":"que-faire-ce-21-juin-et-meme-ce-vendredi-20","status":"publish","type":"post","link":"https:\/\/www.europesays.com\/fr\/190906\/","title":{"rendered":"Que faire ce 21\u00a0juin (et m\u00eame ce vendredi\u00a020)\u00a0?"},"content":{"rendered":"<p>Apr\u00e8s avoir fait les courses de la semaine, les lessives et un coup de m\u00e9nage, sans doute aurez-vous la flemme de chercher sur les Internets un bon spot pour la <a href=\"https:\/\/www.20minutes.fr\/dossier\/fete_de_la_musique\" class=\"color-ultramarine c-link\" target=\"_blank\" rel=\"noopener\">F\u00eate de la Musique<\/a>. Pas de panique, \u00e0 20 Minutes, on a fait le taf pour vous. Go pour une petite s\u00e9lection des familles de cinq <a href=\"https:\/\/www.20minutes.fr\/dossier\/concert\" class=\"color-ultramarine c-link\" target=\"_blank\" rel=\"noopener\">concerts <\/a>ou animations musicales \u00e0 <a href=\"https:\/\/www.20minutes.fr\/lille\/\" class=\"color-ultramarine c-link\" target=\"_blank\" rel=\"noopener\">Lille<\/a> ou dans le coin.<\/p>\n<p>Du rock de darons<\/p>\n<p>Ils sont connus comme le loup blanc, et bien au-del\u00e0 des Ehpad du Nord, les quatre \u00ab\u00a0rockag\u00e9naires\u00a0\u00bb du <a href=\"https:\/\/www.facebook.com\/p\/Carte-Vermeil-Les-Rockag%C3%A9naires-100025530912902\/?locale=fr_FR\" rel=\"nofollow noopener\" target=\"_blank\" class=\"color-ultramarine c-link\">groupe Carte Vermeil<\/a>. \u00ab\u00a0Lav\u00e9s, \u00e9pil\u00e9s et \u00e0 jour de leurs vaccins\u00a0\u00bb, ils vont faire tourner les d\u00e9ambulateurs sur leurs reprises des meilleurs standards anglo-saxons des ann\u00e9es\u00a01960. Du gros son garanti \u00ab\u00a0sans auto-tune\u00a0\u00bb qui, bien s\u00fbr, devrait plaire \u00e0 toutes les g\u00e9n\u00e9rations.<\/p>\n<p>Et parce qu\u2019ils ne veulent pas voler la vedette aux autres groupes, c\u2019est vendredi qu\u2019ils donneront leur concert, sur le site de la p\u00e9niche Jasi II, \u00e0 De\u00fbl\u00e9mont, \u00e0 partir de 19h30. Vous aurez m\u00eame droit \u00e0 un peu de rigolade si vous arrivez \u00e0 l\u2019heure, avec le trio \u00ab\u00a0humoristico-musical\u00a0\u00bb C\u00e9ji-P, en premi\u00e8re partie.<\/p>\n<p>\u00c7a part en fanfare<\/p>\n<p>On ne sait pas d\u2019o\u00f9 \u00e7a vient, cette folie des fanfares dans le Nord mais, pour ceux qui aiment, c\u2019est au parc Jean-Lebas qu\u2019il faudra se rendre, samedi. Entre 14 heures et 16 heures, quatre ensembles se succ\u00e9deront, directement issus de la <a href=\"https:\/\/www.instagram.com\/p\/DK-UHJmgGeN\/?img_index=1\" rel=\"nofollow noopener\" target=\"_blank\" class=\"color-ultramarine c-link\">Baraque \u00e0 Fanfares<\/a>, la f\u00e9d\u00e9ration des fanfares amateures de Lille et environs.<\/p>\n<\/p>\n<p>Vous pourrez m\u00eame passer la journ\u00e9e au m\u00eame endroit sans vous ennuyer avec, entre 11 et 13 heures, des cours de yoga et pr\u00e9sentation d\u2019instruments indiens par l\u2019association Khushi. Et apr\u00e8s les fanfares, un concert de l\u2019Orchestre universitaire de Lille, de 16 heures \u00e0 17 heures.<\/p>\n<p>Melting Spot<\/p>\n<p>Comme pour un cadeau surprise, on ne sait pas ce qu\u2019on va avoir et c\u2019est \u00e7a qui est bon. <a href=\"https:\/\/billetterie-spotlight.mapado.com\/event\/528543-spot-sing-le-tremplin-musical-du-spotlight?eventDate=2029189\" rel=\"nofollow noopener\" target=\"_blank\" class=\"color-ultramarine c-link\">Au Spot Light<\/a>, au contraire des comiques qui y d\u00e9filent habituellement, ce sont de jeunes chanteurs qui s\u2019affronteront, samedi lors d\u2019un tremplin musical. Un genre de Comedy Club fa\u00e7on zicos avec trente candidats sur trois sessions, la derni\u00e8re \u00e9tant r\u00e9serv\u00e9e \u00e0 la \u00ab\u00a0sc\u00e8ne urbaine\u00a0\u00bb. Autre contrainte, les candidats ne pourront se produire qu\u2019avec un accompagnement limit\u00e9, piano, guitare ou bande-son.<\/p>\n<p>Les sessions sont \u00e0 17, 19 et 21 heures, entr\u00e9e gratuite sur r\u00e9servation en ligne. Le petit plus, c\u2019est que vous aurez le pouvoir, gr\u00e2ce \u00e0 votre vote, de sanctionner le candidat qui vous aura cass\u00e9 les oreilles ou de r\u00e9compenser celui qui vous aura fait verser une petite larme.<\/p>\n<p>Du vieux avec des jeunes<\/p>\n<p>Entre deux perfs de DJ Michel, pourquoi ne pas changer radicalement d\u2019univers et reposer ses oreilles en \u00e9coutant un petit Bach\u00a0? On dit merci qui\u00a0? Merci aux \u00e9tudiants du d\u00e9partement de Musique ancienne du conservatoire de Lille, lesquels interpr\u00e9teront des morceaux de compositeurs de musique ancienne et baroque \u00e0 la fra\u00eeche, entre les murs du temple protestant.<\/p>\n<p>C\u2019est samedi, \u00e0 20 heures, au temple protestant, place du Temple, \u00e0 Lille. L\u2019entr\u00e9e est gratuite m\u00eame si une petite participation volontaire est bienvenue pour financer les actions de l\u2019association <a href=\"https:\/\/www.helloasso.com\/associations\/un-autre-souffle\/evenements\/generations-baroques-5\" rel=\"nofollow noopener\" target=\"_blank\" class=\"color-ultramarine c-link\">Un autre souffle<\/a>.<\/p>\n<p>Garez-vous au Garage<\/p>\n<p>Au <a href=\"https:\/\/www.garage-les-lillois.fr\/fete-de-la-musique-lille\/\" rel=\"nofollow noopener\" target=\"_blank\" class=\"color-ultramarine c-link\">Garage<\/a>, l\u2019ancienne concession Peugeot, au 34, boulevard Carnot, \u00e0 Lille, la F\u00eate de la Musique, ce sera de vendredi \u00e0 dimanche. Le moins que l\u2019on puisse dire, c\u2019est qu\u2019il y en aura pour tous les go\u00fbts, m\u00eame si on a une petite pr\u00e9f\u00e9rence pour la prog de samedi, de 16 heures \u00e0 3 heures du mat, ambiance disco groove assur\u00e9e par le collectif Patate Douce.<\/p>\n<p><a href=\"https:\/\/www.20minutes.fr\/dossier\/fete_de_la_musique\" class=\"c-link c-btn c-btn--primary\" target=\"_blank\" rel=\"noopener\">Notre dossier F\u00eate de la musique<\/a><\/p>\n<p>Le vendredi, faudra faire un choix ou prendre le lot, entre des DJ sets d\u00e8s 18 heures, un ap\u00e9ro chorale participatif \u00e0 20 heures, et de la funk-pop-rock-fusion ensuite. \u00c7a recommence le dimanche, en mode chill, du moins si la \u00ab\u00a0fanfare joyeuse\u00a0\u00bb \u00e9vite de passer le mur du son.<\/p>\n<p><script async src=\"\/\/www.instagram.com\/embed.js\"><\/script><\/p>\n","protected":false},"excerpt":{"rendered":"Apr\u00e8s avoir fait les courses de la semaine, les lessives et un coup de m\u00e9nage, sans doute aurez-vous&hellip;\n","protected":false},"author":2,"featured_media":190907,"comment_status":"","ping_status":"","sticky":false,"template":"","format":"standard","meta":{"footnotes":""},"categories":[2815],"tags":[1111,11,1697,251,2883,1777,674,25885,1011,27,811,1307,1393,873,12,1308,1309,1306,25,5896],"class_list":{"0":"post-190906","1":"post","2":"type-post","3":"status-publish","4":"format-standard","5":"has-post-thumbnail","7":"category-lille","8":"tag-actu","9":"tag-actualites","10":"tag-concert","11":"tag-culture","12":"tag-ete","13":"tag-eu","14":"tag-europe","15":"tag-fete-de-la-musique","16":"tag-fr","17":"tag-france","18":"tag-hauts-de-france","19":"tag-lille","20":"tag-loisirs","21":"tag-musique","22":"tag-news","23":"tag-nord","24":"tag-nord-pas-de-calais","25":"tag-regions","26":"tag-republique-francaise","27":"tag-tempo"},"share_on_mastodon":{"url":"https:\/\/pubeurope.com\/@fr\/114715621082435391","error":""},"_links":{"self":[{"href":"https:\/\/www.europesays.com\/fr\/wp-json\/wp\/v2\/posts\/190906","targetHints":{"allow":["GET"]}}],"collection":[{"href":"https:\/\/www.europesays.com\/fr\/wp-json\/wp\/v2\/posts"}],"about":[{"href":"https:\/\/www.europesays.com\/fr\/wp-json\/wp\/v2\/types\/post"}],"author":[{"embeddable":true,"href":"https:\/\/www.europesays.com\/fr\/wp-json\/wp\/v2\/users\/2"}],"replies":[{"embeddable":true,"href":"https:\/\/www.europesays.com\/fr\/wp-json\/wp\/v2\/comments?post=190906"}],"version-history":[{"count":0,"href":"https:\/\/www.europesays.com\/fr\/wp-json\/wp\/v2\/posts\/190906\/revisions"}],"wp:featuredmedia":[{"embeddable":true,"href":"https:\/\/www.europesays.com\/fr\/wp-json\/wp\/v2\/media\/190907"}],"wp:attachment":[{"href":"https:\/\/www.europesays.com\/fr\/wp-json\/wp\/v2\/media?parent=190906"}],"wp:term":[{"taxonomy":"category","embeddable":true,"href":"https:\/\/www.europesays.com\/fr\/wp-json\/wp\/v2\/categories?post=190906"},{"taxonomy":"post_tag","embeddable":true,"href":"https:\/\/www.europesays.com\/fr\/wp-json\/wp\/v2\/tags?post=190906"}],"curies":[{"name":"wp","href":"https:\/\/api.w.org\/{rel}","templated":true}]}}