{"id":190910,"date":"2025-06-20T12:11:09","date_gmt":"2025-06-20T12:11:09","guid":{"rendered":"https:\/\/www.europesays.com\/fr\/190910\/"},"modified":"2025-06-20T12:11:09","modified_gmt":"2025-06-20T12:11:09","slug":"que-faire-ce-21-juin-et-meme-des-ce-vendredi-20-juin","status":"publish","type":"post","link":"https:\/\/www.europesays.com\/fr\/190910\/","title":{"rendered":"Que faire ce 21 juin (et m\u00eame d\u00e8s ce vendredi 20 juin) ?"},"content":{"rendered":"<p><strong>Suivez le guide &#8211; De Bengous \u00e0 Jungeli, du flamenco \u00e0 la boom des petits et l\u2019in\u00e9narrable Cours Ju, les choix sont difficiles pour la F\u00eate de la Musique \u00e0 Marseille<\/strong><\/p>\n<p>Bonne nouvelle pour les infatigables des dancefloors\u00a0: Cette ann\u00e9e la <a href=\"https:\/\/www.20minutes.fr\/dossier\/fete_de_la_musique?at_medium=RSS%20feed&amp;at_campaign=ynews&amp;utm_source=yahoo&amp;utm_medium=rss&amp;utm_campaign=news_feed&amp;utm_content=in_article_link\" rel=\"nofollow noopener\" target=\"_blank\" data-ylk=\"slk:F\u00eate de la Musique;elm:context_link;itc:0;sec:content-canvas\" class=\"link \">F\u00eate de la Musique<\/a> tombe un samedi, auront remarqu\u00e9 les plus fins observateurs. Voil\u00e0 de quoi pousser la plus longue journ\u00e9e de l\u2019ann\u00e9e jusqu\u2019au bout de la nuit, \u00e0 <a href=\"https:\/\/www.20minutes.fr\/marseille\/?at_medium=RSS%20feed&amp;at_campaign=ynews&amp;utm_source=yahoo&amp;utm_medium=rss&amp;utm_campaign=news_feed&amp;utm_content=in_article_link\" rel=\"nofollow noopener\" target=\"_blank\" data-ylk=\"slk:Marseille;elm:context_link;itc:0;sec:content-canvas\" class=\"link \">Marseille <\/a>par exemple avec cette petite proposition de programme concoct\u00e9e par 20 Minutes qui ne vous parlera pas du concert de David Guetta au V\u00e9lodrome, puisqu\u2019il est sold out.<\/p>\n<p>Une boum pour les petits au Talus<\/p>\n<p>Commen\u00e7ons ce programme d\u00e8s vendredi, avec une soir\u00e9e consacr\u00e9e aux plus petits (pas uniquement en vrai) par le Talus, un tiers-lieu m\u00ealant agriculture, restauration et programmation culturelle, situ\u00e9 dans le 12e\u00a0arrondissement.<\/p>\n<p>L\u2019occasion donc de divertir ses enfants avec d\u00e8s 18 heures une boum organis\u00e9e la veille de la F\u00eate de la Musique, et de les fatiguer afin d\u2019\u00eatre tranquille le lendemain avec une grasse mat&rsquo; et avec l\u2019argument en principe imparable\u00a0: \u00ab\u00a0Hier c\u2019\u00e9tait pour les enfants, ce soir c\u2019est pour les grands.\u00a0\u00bb Bon, le lieu a tout de m\u00eame pr\u00e9vu quelques <a href=\"https:\/\/www.20minutes.fr\/dossier\/concert?at_medium=RSS%20feed&amp;at_campaign=ynews&amp;utm_source=yahoo&amp;utm_medium=rss&amp;utm_campaign=news_feed&amp;utm_content=in_article_link\" rel=\"nofollow noopener\" target=\"_blank\" data-ylk=\"slk:concerts;elm:context_link;itc:0;sec:content-canvas\" class=\"link \">concerts <\/a>rap en fin de soir\u00e9e, histoire de ne pas \u00eatre venu que pour Mortelle Ad\u00e8le.<\/p>\n<p>Bengous et Paga en attendant Candice et Soulking sur le Vieux-Port<\/p>\n<p>La sc\u00e8ne de la mairie logiquement situ\u00e9e devant l\u2019h\u00f4tel de ville sur le Vieux-Port devrait \u00eatre un des incontournables de ce 21\u00a0juin \u00e0 Marseille. S\u2019y produit notamment en ouverture un duo aussi baroque que finalement peu surprenant\u00a0: l\u2019influenceur Bengous en duo en Paga de l\u2019\u00e9mission Les Marseillais \u00e0 17 heures.<\/p>\n<p>Les choses plu(&#8230;)<\/p>\n<p><a href=\"https:\/\/www.20minutes.fr\/marseille\/4159371-20250620-fete-musique-marseille-faire-21-juin-vendredi-20-juin?at_medium=RSS%20feed&amp;at_campaign=ynews&amp;utm_source=yahoo&amp;utm_medium=rss&amp;utm_campaign=news_feed&amp;utm_content=read_more_link&quot;\" rel=\"nofollow noopener\" target=\"_blank\" data-ylk=\"slk:Lire la suite sur 20minutes;elm:context_link;itc:0;sec:content-canvas\" class=\"link \">Lire la suite sur 20minutes<\/a><\/p>\n<p>\u00c0 lire aussi :<br \/><a href=\"https:\/\/www.20minutes.fr\/arts-stars\/culture\/fete_de_la_musique\/4159348-20250619-fete-musique-2025-aimez-musiques-traditionnelles?at_medium=RSS%20feed&amp;at_campaign=ynews&amp;utm_source=yahoo&amp;utm_medium=rss&amp;utm_campaign=news_feed&amp;utm_content=related_content_link\" rel=\"nofollow noopener\" target=\"_blank\" data-ylk=\"slk:F\u00eate de la musique 2025\u00a0: Aimez-vous les musiques traditionnelles\u00a0?;elm:context_link;itc:0;sec:content-canvas\" class=\"link \">F\u00eate de la musique 2025\u00a0: Aimez-vous les musiques traditionnelles\u00a0?<\/a><br \/><a href=\"https:\/\/www.20minutes.fr\/arts-stars\/culture\/fete_de_la_musique\/4158937-20250619-phenomene-tiktok-anglais-fete-musique-paris-the-place-to-be?at_medium=RSS%20feed&amp;at_campaign=ynews&amp;utm_source=yahoo&amp;utm_medium=rss&amp;utm_campaign=news_feed&amp;utm_content=related_content_link\" rel=\"nofollow noopener\" target=\"_blank\" data-ylk=\"slk:Ph\u00e9nom\u00e8ne sur TikTok, pour les Anglais, la F\u00eate de la musique \u00e0 Paris est \u00ab\u00a0the place to be\u00a0\u00bb;elm:context_link;itc:0;sec:content-canvas\" class=\"link \">Ph\u00e9nom\u00e8ne sur TikTok, pour les Anglais, la F\u00eate de la musique \u00e0 Paris est \u00ab\u00a0the place to be\u00a0\u00bb<\/a><\/p>\n","protected":false},"excerpt":{"rendered":"Suivez le guide &#8211; De Bengous \u00e0 Jungeli, du flamenco \u00e0 la boom des petits et l\u2019in\u00e9narrable Cours&hellip;\n","protected":false},"author":2,"featured_media":190911,"comment_status":"","ping_status":"","sticky":false,"template":"","format":"standard","meta":{"footnotes":""},"categories":[2814],"tags":[1111,11,1777,674,25885,1011,27,32885,32886,884,12,882,25],"class_list":{"0":"post-190910","1":"post","2":"type-post","3":"status-publish","4":"format-standard","5":"has-post-thumbnail","7":"category-marseille","8":"tag-actu","9":"tag-actualites","10":"tag-eu","11":"tag-europe","12":"tag-fete-de-la-musique","13":"tag-fr","14":"tag-france","15":"tag-jusquau-bout-de-la-nuit","16":"tag-la-boom","17":"tag-marseille","18":"tag-news","19":"tag-provence-alpes-cote-dazur","20":"tag-republique-francaise"},"share_on_mastodon":{"url":"https:\/\/pubeurope.com\/@fr\/114715628969801563","error":""},"_links":{"self":[{"href":"https:\/\/www.europesays.com\/fr\/wp-json\/wp\/v2\/posts\/190910","targetHints":{"allow":["GET"]}}],"collection":[{"href":"https:\/\/www.europesays.com\/fr\/wp-json\/wp\/v2\/posts"}],"about":[{"href":"https:\/\/www.europesays.com\/fr\/wp-json\/wp\/v2\/types\/post"}],"author":[{"embeddable":true,"href":"https:\/\/www.europesays.com\/fr\/wp-json\/wp\/v2\/users\/2"}],"replies":[{"embeddable":true,"href":"https:\/\/www.europesays.com\/fr\/wp-json\/wp\/v2\/comments?post=190910"}],"version-history":[{"count":0,"href":"https:\/\/www.europesays.com\/fr\/wp-json\/wp\/v2\/posts\/190910\/revisions"}],"wp:featuredmedia":[{"embeddable":true,"href":"https:\/\/www.europesays.com\/fr\/wp-json\/wp\/v2\/media\/190911"}],"wp:attachment":[{"href":"https:\/\/www.europesays.com\/fr\/wp-json\/wp\/v2\/media?parent=190910"}],"wp:term":[{"taxonomy":"category","embeddable":true,"href":"https:\/\/www.europesays.com\/fr\/wp-json\/wp\/v2\/categories?post=190910"},{"taxonomy":"post_tag","embeddable":true,"href":"https:\/\/www.europesays.com\/fr\/wp-json\/wp\/v2\/tags?post=190910"}],"curies":[{"name":"wp","href":"https:\/\/api.w.org\/{rel}","templated":true}]}}