{"id":190912,"date":"2025-06-20T12:12:12","date_gmt":"2025-06-20T12:12:12","guid":{"rendered":"https:\/\/www.europesays.com\/fr\/190912\/"},"modified":"2025-06-20T12:12:12","modified_gmt":"2025-06-20T12:12:12","slug":"infographie-pierres-dorees-cabornes-lyon-voici-la-carte-des-trails-de-lete-2025-dans-le-rhone","status":"publish","type":"post","link":"https:\/\/www.europesays.com\/fr\/190912\/","title":{"rendered":"Infographie. Pierres-Dor\u00e9es, Cabornes, Lyon&#8230; Voici la carte des trails de l&rsquo;\u00e9t\u00e9 2025 dans le Rh\u00f4ne"},"content":{"rendered":"<p>Des courses chronom\u00e9tr\u00e9es aux animations caritatives, il y en a pour tous les go\u00fbts dans nos d\u00e9partements. Sur les pr\u00e8s de 90 trails qui vont occuper l&rsquo;\u00e9t\u00e9 dans l&rsquo;Ain, le Jura, la Haute-Loire, la Loire et le Rh\u00f4ne, certains seront destin\u00e9s aux confirm\u00e9s qui veulent s&rsquo;offrir un chrono tandis que d&rsquo;autres cibleront les groupes d&rsquo;amis en qu\u00eate de distractions.<\/p>\n<p>13 courses dans le Rh\u00f4ne<\/p>\n<p>De l&rsquo;iconique trails des Pierres-Dor\u00e9es \u00e0 Anse \u00e0 la myst\u00e9rieuse Nuit des Cabornes \u00e0 Saint-Romain-au-Mont d&rsquo;Or, les Rhodaniens vont \u00eatre gat\u00e9s. Voici la certe pour visualiser l&rsquo;ensemble des trails du Rh\u00f4ne cet \u00e9t\u00e9.<\/p>\n<p><strong>Dans le module ci-dessous, faites d\u00e9filer sur la droite pour voir tous les trails et cliquez sur l\u2019ic\u00f4ne qui repr\u00e9sente un coureur pour avoir des informations sur l\u2019\u00e9preuve.<\/strong><\/p>\n<p class=\"note\">&gt; Si ce contenu ne s&rsquo;affiche pas, veuillez d\u00e9sactiver votre bloqueur de publicit\u00e9s.<\/p>\n","protected":false},"excerpt":{"rendered":"Des courses chronom\u00e9tr\u00e9es aux animations caritatives, il y en a pour tous les go\u00fbts dans nos d\u00e9partements. Sur&hellip;\n","protected":false},"author":2,"featured_media":190913,"comment_status":"","ping_status":"","sticky":false,"template":"","format":"standard","meta":{"footnotes":""},"categories":[1889],"tags":[1111,11,2430,1687,3152,2757,3153,3154,3155,3156,1777,674,1011,27,230,2428,12,25,2429,3151,517,602,6187],"class_list":{"0":"post-190912","1":"post","2":"type-post","3":"status-publish","4":"format-standard","5":"has-post-thumbnail","7":"category-lyon","8":"tag-actu","9":"tag-actualites","10":"tag-auvergne-rhone-alpes","11":"tag-culture-loisirs","12":"tag-edition-est-lyonnais","13":"tag-edition-lyon-villeurbanne","14":"tag-edition-ouest-lyonnais","15":"tag-edition-sud-lyonnais","16":"tag-edition-tarare","17":"tag-edition-villefranche","18":"tag-eu","19":"tag-europe","20":"tag-fr","21":"tag-france","22":"tag-infographie","23":"tag-lyon","24":"tag-news","25":"tag-republique-francaise","26":"tag-rhone","27":"tag-selection-de-la-redaction-69","28":"tag-sport","29":"tag-tourisme","30":"tag-trail"},"share_on_mastodon":{"url":"https:\/\/pubeurope.com\/@fr\/114715632992023143","error":""},"_links":{"self":[{"href":"https:\/\/www.europesays.com\/fr\/wp-json\/wp\/v2\/posts\/190912","targetHints":{"allow":["GET"]}}],"collection":[{"href":"https:\/\/www.europesays.com\/fr\/wp-json\/wp\/v2\/posts"}],"about":[{"href":"https:\/\/www.europesays.com\/fr\/wp-json\/wp\/v2\/types\/post"}],"author":[{"embeddable":true,"href":"https:\/\/www.europesays.com\/fr\/wp-json\/wp\/v2\/users\/2"}],"replies":[{"embeddable":true,"href":"https:\/\/www.europesays.com\/fr\/wp-json\/wp\/v2\/comments?post=190912"}],"version-history":[{"count":0,"href":"https:\/\/www.europesays.com\/fr\/wp-json\/wp\/v2\/posts\/190912\/revisions"}],"wp:featuredmedia":[{"embeddable":true,"href":"https:\/\/www.europesays.com\/fr\/wp-json\/wp\/v2\/media\/190913"}],"wp:attachment":[{"href":"https:\/\/www.europesays.com\/fr\/wp-json\/wp\/v2\/media?parent=190912"}],"wp:term":[{"taxonomy":"category","embeddable":true,"href":"https:\/\/www.europesays.com\/fr\/wp-json\/wp\/v2\/categories?post=190912"},{"taxonomy":"post_tag","embeddable":true,"href":"https:\/\/www.europesays.com\/fr\/wp-json\/wp\/v2\/tags?post=190912"}],"curies":[{"name":"wp","href":"https:\/\/api.w.org\/{rel}","templated":true}]}}