{"id":190934,"date":"2025-06-20T12:24:11","date_gmt":"2025-06-20T12:24:11","guid":{"rendered":"https:\/\/www.europesays.com\/fr\/190934\/"},"modified":"2025-06-20T12:24:11","modified_gmt":"2025-06-20T12:24:11","slug":"arcelormittal-renonce-a-ses-projets-dacier-vert-en-allemagne-en-raison-du-cout-eleve-de-lenergie","status":"publish","type":"post","link":"https:\/\/www.europesays.com\/fr\/190934\/","title":{"rendered":"ArcelorMittal renonce \u00e0 ses projets d&rsquo;acier vert en Allemagne en raison du co\u00fbt \u00e9lev\u00e9 de l&rsquo;\u00e9nergie"},"content":{"rendered":"<p>ArcelorMittal, le deuxi\u00e8me plus grand producteur d&rsquo;acier au monde, a annonc\u00e9 jeudi avoir abandonn\u00e9 ses projets de conversion de deux usines en Allemagne \u00e0 une production neutre en carbone, invoquant des co\u00fbts \u00e9nerg\u00e9tiques trop \u00e9lev\u00e9s dans le pays.<\/p>\n<p>La d\u00e9cision de refuser 1,3\u00a0milliard d&rsquo;euros (1,5\u00a0milliard de dollars) de subventions publiques constitue un nouveau coup dur pour l&rsquo;industrie allemande, d\u00e9j\u00e0 fragilis\u00e9e par la perte soudaine de l&rsquo;acc\u00e8s au gaz russe qui alimentait ses usines depuis des d\u00e9cennies. Ce choix jette \u00e9galement un doute sur la strat\u00e9gie de l&rsquo;hydrog\u00e8ne vert lanc\u00e9e par le pr\u00e9c\u00e9dent gouvernement.<\/p>\n<p>Le gouvernement allemand esp\u00e9rait que ces subventions inciteraient ArcelorMittal \u00e0 convertir ses sites existants de Br\u00eame, au nord, et d&rsquo;Eisenh\u00fcttenstadt, \u00e0 l&rsquo;est, pour utiliser des fours fonctionnant \u00e0 l&rsquo;hydrog\u00e8ne, produit \u00e0 partir d&rsquo;\u00e9lectricit\u00e9 renouvelable.<\/p>\n<p>Cependant, le sid\u00e9rurgiste a expliqu\u00e9 avoir renonc\u00e9 \u00e0 ces projets en raison du co\u00fbt trop \u00e9lev\u00e9 de l&rsquo;\u00e9nergie en Allemagne et d&rsquo;une trop grande incertitude quant \u00e0 la composition future du mix \u00e9nerg\u00e9tique du pays.<\/p>\n<p>\u00ab\u00a0Les premi\u00e8res forges \u00e0 arc \u00e9lectrique sont construites dans des pays qui peuvent offrir une fourniture d&rsquo;\u00e9lectricit\u00e9 comp\u00e9titive et pr\u00e9visible\u00a0\u00bb, a indiqu\u00e9 ArcelorMittal, citant en exemple un investissement r\u00e9cent dans une forge aliment\u00e9e \u00e0 l&rsquo;\u00e9lectricit\u00e9 en France, o\u00f9 l&rsquo;\u00e9nergie nucl\u00e9aire pr\u00e9domine.<\/p>\n<p>\u00ab\u00a0Les prix de l&rsquo;\u00e9lectricit\u00e9 en Allemagne sont \u00e9lev\u00e9s, tant par rapport aux standards internationaux qu&rsquo;en comparaison avec les pays voisins\u00a0\u00bb, a poursuivi l&rsquo;entreprise, ajoutant que l&rsquo;ensemble de l&rsquo;industrie sid\u00e9rurgique europ\u00e9enne souffrait \u00e9galement du fait que les consommateurs importaient massivement au lieu d&rsquo;acheter aupr\u00e8s des producteurs locaux.<\/p>\n<p>Le minist\u00e8re allemand de l&rsquo;\u00c9conomie a exprim\u00e9 ses regrets face \u00e0 la d\u00e9cision du groupe.<\/p>\n<p>\u00ab\u00a0L&rsquo;important est qu&rsquo;aucun versement n&rsquo;a encore \u00e9t\u00e9 effectu\u00e9. Cela signifie qu&rsquo;aucun remboursement n&rsquo;est \u00e0 pr\u00e9voir\u00a0\u00bb, a pr\u00e9cis\u00e9 un porte-parole du minist\u00e8re dans un courriel adress\u00e9 \u00e0 Reuters.<\/p>\n<p>L&rsquo;Allemagne a valid\u00e9 des subventions totalisant 6,9\u00a0milliards d&rsquo;euros pour des projets sid\u00e9rurgiques favorisant ses objectifs climatiques, y compris la somme pr\u00e9vue pour le projet d\u00e9sormais abandonn\u00e9 d&rsquo;ArcelorMittal.<\/p>\n<p>Trois autres projets &#8211; port\u00e9s par Salzgitter, l&rsquo;unit\u00e9 sid\u00e9rurgique TKSE de Thyssenkrupp et Stahl-Holding-Saar &#8211; restent en cours, selon le porte-parole du minist\u00e8re.<\/p>\n<p>TKSE et Salzgitter ont tous deux confirm\u00e9 maintenir leurs projets de sites d&rsquo;acier vert et ont appel\u00e9 le gouvernement \u00e0 garantir une nette am\u00e9lioration des conditions de march\u00e9 pour ce type d&rsquo;initiatives.<\/p>\n<p>L&rsquo;Allemagne d\u00e9veloppe rapidement ses r\u00e9seaux d&rsquo;\u00e9lectricit\u00e9 renouvelable, mais la transition apr\u00e8s la d\u00e9pendance au gaz russe s&rsquo;av\u00e8re longue et douloureuse sur le plan \u00e9conomique, malgr\u00e9 des subventions g\u00e9n\u00e9reuses destin\u00e9es \u00e0 aider les industries consommatrices de gaz naturel \u00e0 passer \u00e0 l&rsquo;hydrog\u00e8ne.<\/p>\n<p>Le gouvernement conservateur, arriv\u00e9 au pouvoir cette ann\u00e9e, a critiqu\u00e9 la strat\u00e9gie \u00e9nerg\u00e9tique du pr\u00e9c\u00e9dent gouvernement de gauche, sans toutefois, pour l&rsquo;instant, proposer une approche radicalement diff\u00e9rente.<\/p>\n<p>\u00ab\u00a0L&rsquo;industrie sid\u00e9rurgique europ\u00e9enne subit une pression sans pr\u00e9c\u00e9dent pour pr\u00e9server sa comp\u00e9titivit\u00e9\u00a0\u00bb, a d\u00e9clar\u00e9 Geert van Poelvoorde, responsable d&rsquo;ArcelorMittal Europe. \u00ab\u00a0Et cela, avant m\u00eame les co\u00fbts suppl\u00e9mentaires li\u00e9s \u00e0 la d\u00e9carbonation.\u00a0\u00bb<\/p>\n<p>Il a exhort\u00e9 la Commission europ\u00e9enne \u00e0 plafonner les importations de certains types d&rsquo;acier en Europe, affirmant que la concurrence \u00e9trang\u00e8re repr\u00e9sentait le probl\u00e8me le plus urgent pour le secteur.<\/p>\n<p>($1 = 0,8699 euro)<\/p>\n","protected":false},"excerpt":{"rendered":"ArcelorMittal, le deuxi\u00e8me plus grand producteur d&rsquo;acier au monde, a annonc\u00e9 jeudi avoir abandonn\u00e9 ses projets de conversion&hellip;\n","protected":false},"author":2,"featured_media":190935,"comment_status":"","ping_status":"","sticky":false,"template":"","format":"standard","meta":{"footnotes":""},"categories":[1587],"tags":[11,672,340,1804,1805,1803,1777,674,1801,12,1802],"class_list":{"0":"post-190934","1":"post","2":"type-post","3":"status-publish","4":"format-standard","5":"has-post-thumbnail","7":"category-allemagne","8":"tag-actualites","9":"tag-allemagne","10":"tag-bourse","11":"tag-bundesrepublik-deutschland","12":"tag-de","13":"tag-deutschland","14":"tag-eu","15":"tag-europe","16":"tag-germany","17":"tag-news","18":"tag-republique-federale-dallemagne"},"share_on_mastodon":{"url":"https:\/\/pubeurope.com\/@fr\/114715679959829769","error":""},"_links":{"self":[{"href":"https:\/\/www.europesays.com\/fr\/wp-json\/wp\/v2\/posts\/190934","targetHints":{"allow":["GET"]}}],"collection":[{"href":"https:\/\/www.europesays.com\/fr\/wp-json\/wp\/v2\/posts"}],"about":[{"href":"https:\/\/www.europesays.com\/fr\/wp-json\/wp\/v2\/types\/post"}],"author":[{"embeddable":true,"href":"https:\/\/www.europesays.com\/fr\/wp-json\/wp\/v2\/users\/2"}],"replies":[{"embeddable":true,"href":"https:\/\/www.europesays.com\/fr\/wp-json\/wp\/v2\/comments?post=190934"}],"version-history":[{"count":0,"href":"https:\/\/www.europesays.com\/fr\/wp-json\/wp\/v2\/posts\/190934\/revisions"}],"wp:featuredmedia":[{"embeddable":true,"href":"https:\/\/www.europesays.com\/fr\/wp-json\/wp\/v2\/media\/190935"}],"wp:attachment":[{"href":"https:\/\/www.europesays.com\/fr\/wp-json\/wp\/v2\/media?parent=190934"}],"wp:term":[{"taxonomy":"category","embeddable":true,"href":"https:\/\/www.europesays.com\/fr\/wp-json\/wp\/v2\/categories?post=190934"},{"taxonomy":"post_tag","embeddable":true,"href":"https:\/\/www.europesays.com\/fr\/wp-json\/wp\/v2\/tags?post=190934"}],"curies":[{"name":"wp","href":"https:\/\/api.w.org\/{rel}","templated":true}]}}