{"id":190936,"date":"2025-06-20T12:25:10","date_gmt":"2025-06-20T12:25:10","guid":{"rendered":"https:\/\/www.europesays.com\/fr\/190936\/"},"modified":"2025-06-20T12:25:10","modified_gmt":"2025-06-20T12:25:10","slug":"macron-appelle-leurope-a-mener-une-reconquete-a-marche-forcee","status":"publish","type":"post","link":"https:\/\/www.europesays.com\/fr\/190936\/","title":{"rendered":"Macron appelle l&rsquo;Europe \u00e0 mener une \u00ab\u00a0reconqu\u00eate \u00e0 marche forc\u00e9e\u00a0\u00bb"},"content":{"rendered":"<p>Le pr\u00e9sident fran\u00e7ais, lors d&rsquo;un discours au salon de l&rsquo;a\u00e9ronautique du Bourget, a souhait\u00e9 que l&rsquo;Union europ\u00e9enne se donne les moyens de devenir une \u00ab\u00a0puissance spatiale\u00a0\u00bb et promis de \u00ab\u00a0se battre\u00a0\u00bb pour une \u00ab\u00a0pr\u00e9f\u00e9rence europ\u00e9enne\u00a0\u00bb en la mati\u00e8re.<\/p>\n<p>Il a \u00e9galement annonc\u00e9 pour fin octobre une \u00ab\u00a0strat\u00e9gie spatiale nationale\u00a0\u00bb fran\u00e7aise, qui s&rsquo;articulera avec l&rsquo;europ\u00e9enne, et l&rsquo;organisation d\u00e9but 2026 d&rsquo;un \u00ab\u00a0Space Summit\u00a0\u00bb en France pour \u00ab\u00a0consolider toute cette strat\u00e9gie et mobiliser nos partenaires publics et priv\u00e9s \u00e0 travers la plan\u00e8te\u00a0\u00bb.<\/p>\n<p>M. Macron a relev\u00e9 que l&rsquo;Europe spatiale avait ces derni\u00e8res ann\u00e9es \u00ab\u00a0manqu\u00e9 plusieurs tournants\u00a0\u00bb, qu&rsquo;il s&rsquo;agisse des lanceurs r\u00e9utilisables ou modulaires.<\/p>\n<p>\u00ab\u00a0SpaceX a boulevers\u00e9 le march\u00e9, Amazon se lance aussi. La Chine n&rsquo;est pas en reste et je pense qu&rsquo;il faut qu&rsquo;on soit tr\u00e8s lucide tous ensemble\u00a0\u00bb, a-t-il not\u00e9, en remarquant que les Europ\u00e9ens avaient \u00e9t\u00e9 \u00ab\u00a0\u00e0 deux doigts d&rsquo;\u00eatre totalement sortis du jeu des constellations LEO\u00a0\u00bb, les satellites en orbite basse.<\/p>\n<p>\u00ab\u00a0On ne peut pas accepter que nous, nos partenaires, devions passer ou d\u00e9pendre de constellations non europ\u00e9ennes en orbite basse\u00a0\u00bb, ce serait \u00ab\u00a0une folie\u00a0\u00bb, a martel\u00e9 le pr\u00e9sident fran\u00e7ais, en qualifiant la constellation d&rsquo;Eutelsat et Oneweb de \u00ab\u00a0tr\u00e9sor strat\u00e9gique\u00a0\u00bb.<\/p>\n<p>\u00ab\u00a0Et donc, nous soutenons pleinement l&rsquo;augmentation de capital massive qui a \u00e9t\u00e9 annonc\u00e9e\u00a0\u00bb jeudi pour d\u00e9velopper Eutelsat, a-t-il r\u00e9p\u00e9t\u00e9, en appelant aussi des acteurs extra-europ\u00e9ens \u00e0 en devenir \u00ab\u00a0partenaires\u00a0\u00bb.<\/p>\n<p>\u00ab\u00a0\u00c7a doit \u00eatre la solution de nos grands partenaires strat\u00e9giques, golfiques, indiens, canadiens, br\u00e9siliens\u00a0\u00bb, a ajout\u00e9 le chef de l&rsquo;Etat.<\/p>\n<p>\u00ab\u00a0Notre Europe doit donc d\u00e9cider de redevenir une puissance spatiale, la France en \u00e9tant le coeur\u00a0\u00bb, a-t-il plaid\u00e9, au nom aussi de la d\u00e9fense du continent face aux menaces strat\u00e9giques.<\/p>\n<p>Sur certains aspects du spatial, \u00ab\u00a0il y a des endroits o\u00f9 on ne peut pas faire de la comp\u00e9tition\u00a0\u00bb entre Europ\u00e9ens, a-t-il estim\u00e9, en d\u00e9plorant aussi que certains utilisent \u00ab\u00a0des lanceurs non-europ\u00e9ens\u00a0\u00bb.<\/p>\n<p>\u00ab\u00a0Alors qu&rsquo;on pr\u00e9pare le cadre budg\u00e9taire \u00e0 venir, le spatial doit \u00eatre un enjeu cl\u00e9, et on doit mettre plus d&rsquo;argent en Europ\u00e9ens sur le spatial\u00a0\u00bb, sans oublier de \u00ab\u00a0continuer de faire venir les capitaux priv\u00e9s\u00a0\u00bb, selon lui.<\/p>\n<p>Mais plus largement, \u00ab\u00a0il nous faut r\u00e9soudre la question fondamentale de la pr\u00e9f\u00e9rence europ\u00e9enne\u00a0\u00bb. \u00ab\u00a0On est le seul espace qui a continu\u00e9 jusqu&rsquo;\u00e0 aujourd&rsquo;hui \u00e0 se penser comme un march\u00e9 et pas comme une puissance\u00a0\u00bb, a-t-il regrett\u00e9.<\/p>\n<p>\u00ab\u00a0Et donc, il faut qu&rsquo;on ait cette discipline dans les strat\u00e9gies d&rsquo;achat. La France l&rsquo;a, ce n&rsquo;est pas partout le cas en Europe\u00a0\u00bb, a-t-il soulign\u00e9.<\/p>\n","protected":false},"excerpt":{"rendered":"Le pr\u00e9sident fran\u00e7ais, lors d&rsquo;un discours au salon de l&rsquo;a\u00e9ronautique du Bourget, a souhait\u00e9 que l&rsquo;Union europ\u00e9enne se&hellip;\n","protected":false},"author":2,"featured_media":190937,"comment_status":"","ping_status":"","sticky":false,"template":"","format":"standard","meta":{"footnotes":""},"categories":[1586],"tags":[17,11,18235,386,1777,674,1011,27,329,1808,11514,32887,12,10838,25,96],"class_list":{"0":"post-190936","1":"post","2":"type-post","3":"status-publish","4":"format-standard","5":"has-post-thumbnail","7":"category-europe","8":"tag-17","9":"tag-actualites","10":"tag-appelle","11":"tag-espace","12":"tag-eu","13":"tag-europe","14":"tag-fr","15":"tag-france","16":"tag-france-monde","17":"tag-leurope","18":"tag-macron","19":"tag-mener","20":"tag-news","21":"tag-reconquete","22":"tag-republique-francaise","23":"tag-une"},"share_on_mastodon":{"url":"https:\/\/pubeurope.com\/@fr\/114715683901025779","error":""},"_links":{"self":[{"href":"https:\/\/www.europesays.com\/fr\/wp-json\/wp\/v2\/posts\/190936","targetHints":{"allow":["GET"]}}],"collection":[{"href":"https:\/\/www.europesays.com\/fr\/wp-json\/wp\/v2\/posts"}],"about":[{"href":"https:\/\/www.europesays.com\/fr\/wp-json\/wp\/v2\/types\/post"}],"author":[{"embeddable":true,"href":"https:\/\/www.europesays.com\/fr\/wp-json\/wp\/v2\/users\/2"}],"replies":[{"embeddable":true,"href":"https:\/\/www.europesays.com\/fr\/wp-json\/wp\/v2\/comments?post=190936"}],"version-history":[{"count":0,"href":"https:\/\/www.europesays.com\/fr\/wp-json\/wp\/v2\/posts\/190936\/revisions"}],"wp:featuredmedia":[{"embeddable":true,"href":"https:\/\/www.europesays.com\/fr\/wp-json\/wp\/v2\/media\/190937"}],"wp:attachment":[{"href":"https:\/\/www.europesays.com\/fr\/wp-json\/wp\/v2\/media?parent=190936"}],"wp:term":[{"taxonomy":"category","embeddable":true,"href":"https:\/\/www.europesays.com\/fr\/wp-json\/wp\/v2\/categories?post=190936"},{"taxonomy":"post_tag","embeddable":true,"href":"https:\/\/www.europesays.com\/fr\/wp-json\/wp\/v2\/tags?post=190936"}],"curies":[{"name":"wp","href":"https:\/\/api.w.org\/{rel}","templated":true}]}}