{"id":190938,"date":"2025-06-20T12:26:10","date_gmt":"2025-06-20T12:26:10","guid":{"rendered":"https:\/\/www.europesays.com\/fr\/190938\/"},"modified":"2025-06-20T12:26:10","modified_gmt":"2025-06-20T12:26:10","slug":"la-banque-europeenne-dinvestissement-triple-son-effort-financier-dans-la-defense","status":"publish","type":"post","link":"https:\/\/www.europesays.com\/fr\/190938\/","title":{"rendered":"La Banque europ\u00e9enne d\u2019investissement triple son effort financier dans la d\u00e9fense"},"content":{"rendered":"<p>\n         Publi\u00e9 le<br \/>\n            20\/06\/2025 &#8211; 13:49 UTC+2<\/p>\n<p><img decoding=\"async\" class=\"c-ad__placeholder__logo\" src=\"https:\/\/static.euronews.com\/website\/images\/logos\/logo-euronews-grey-6-180x22.svg\" width=\"180\" height=\"22\" alt=\"\" loading=\"lazy\"\/>PUBLICIT\u00c9<\/p>\n<p>La Banque europ\u00e9enne d&rsquo;investissement (BEI) renforce son r\u00f4le de bras arm\u00e9 financier de l&rsquo;Union europ\u00e9enne. La BEI voit son plafond de financement pour cette ann\u00e9e atteindre <strong>100 milliards d&rsquo;euros<\/strong>, un nouveau record. <\/p>\n<p>Dans le contexte de tensions g\u00e9opolitiques, l&rsquo;\u00e9tablissement confirme son engagement dans la d\u00e9fense et la s\u00e9curit\u00e9 avec un triplement de son effort. La BEI pr\u00e9voit de consacrer <strong>3,5 % du total des financements<\/strong> dans le secteur militaire. L\u2019\u00e9tablissement \u00e9voque 32 projets phares dans les tuyaux. Ces annonces valident l&rsquo;extension ces derniers mois du mandat de la BEI dans la s\u00e9curit\u00e9 et qui marque un changement de paradigme dans la mission de l&rsquo;\u00e9tablissement.<\/p>\n<p>Ce soutien sera accessible \u00e0 toutes les entreprises de l\u2019UE : publiques et priv\u00e9es, grandes et PME.<\/p>\n<p>\u00ab\u00a0Nous finan\u00e7ons le secteur public lorsqu&rsquo;il s&rsquo;agit d&rsquo;infrastructures de grandes casernes militaires. Cette semaine encore, nous avons obtenu le feu vert pour le financement d&rsquo;une infrastructure tr\u00e8s importante en Lituanie, une caserne militaire qui accueillera une brigade de la Bundeswehr (l\u2019arm\u00e9e allemande) tout pr\u00e8s de la fronti\u00e8re bi\u00e9lorusse\u00a0\u00bb, explique Nadia Calvi\u00f1o, pr\u00e9sidente de la BEI.<\/p>\n<p>\u00ab\u00a0Nous finan\u00e7ons \u00e9galement de grandes entreprises priv\u00e9es dans le cadre de programmes de recherche et de d\u00e9veloppement en mati\u00e8re d&rsquo;innovation et de capacit\u00e9s industrielles\u00a0\u00bb, poursuit-elle. <\/p>\n<p>La responsable espagnole dit aussi travailler avec la Commission europ\u00e9enne pour identifier d\u2019autres <strong>infrastructures cl\u00e9 pour la mobilit\u00e9 militaire<\/strong>.<\/p>\n<p>La priorit\u00e9 climatique<\/p>\n<p>L\u2019engagement dans la d\u00e9fense ne signifie pas pour autant un retournement complet de la BEI. <strong>Le climat et les \u00e9nergies propres<\/strong> demeurent des priorit\u00e9s. D&rsquo;ailleurs pour la Banque europ\u00e9enne, l&rsquo;action climatique va de pair avec la s\u00e9curit\u00e9 europ\u00e9enne.<\/p>\n<p>L&rsquo;\u00e9tablissement lance ainsi un nouveau programme d&rsquo;investissement dans les technologies et l&rsquo;innovation : TechEU. Le dispositif fournira <strong>70 milliards d&rsquo;euros<\/strong> de fonds propres, de quasi-fonds propres, de pr\u00eats et de garanties du Groupe BEI entre 2025 et 2027. Il s\u2019agira aussi de faire appel \u00e0 des capitaux priv\u00e9s pour g\u00e9n\u00e9rer <strong>au moins 250 milliards d&rsquo;euros d&rsquo;investissements<\/strong>. La premi\u00e8re vague de projets TechEU sera consacr\u00e9e aux industries propres.<\/p>\n<p>\u00ab\u00a0Cela concerne les produits n\u00e9cessaires \u00e0 la construction de r\u00e9seaux \u00e9nerg\u00e9tiques. Cela concerne les garanties pour les innovateurs en mati\u00e8re de technologies propres. Il faut \u00e9galement soutenir l&rsquo;industrie \u00e9olienne et le d\u00e9ploiement des accords d&rsquo;achat d&rsquo;\u00e9lectricit\u00e9, qui sont essentiels pour stabiliser les prix de l&rsquo;\u00e9nergie pour les grandes industries europ\u00e9ennes\u00a0\u00bb, pr\u00e9cise Nadia Calvi\u00f1o.<\/p>\n<p>La pr\u00e9sidente de la BEI souligne que la transition verte et la technologie contribuent aussi \u00e0 l\u2019autonomie strat\u00e9gique de l\u2019UE.<\/p>\n","protected":false},"excerpt":{"rendered":"Publi\u00e9 le 20\/06\/2025 &#8211; 13:49 UTC+2 PUBLICIT\u00c9 La Banque europ\u00e9enne d&rsquo;investissement (BEI) renforce son r\u00f4le de bras arm\u00e9&hellip;\n","protected":false},"author":2,"featured_media":190939,"comment_status":"","ping_status":"","sticky":false,"template":"","format":"standard","meta":{"footnotes":""},"categories":[1586],"tags":[11,554,1777,674,1779,1011,27,399,12,25,1778,364],"class_list":{"0":"post-190938","1":"post","2":"type-post","3":"status-publish","4":"format-standard","5":"has-post-thumbnail","7":"category-europe","8":"tag-actualites","9":"tag-defense","10":"tag-eu","11":"tag-europe","12":"tag-european-union","13":"tag-fr","14":"tag-france","15":"tag-investissement","16":"tag-news","17":"tag-republique-francaise","18":"tag-ue","19":"tag-union-europeenne"},"share_on_mastodon":{"url":"https:\/\/pubeurope.com\/@fr\/114715687910269147","error":""},"_links":{"self":[{"href":"https:\/\/www.europesays.com\/fr\/wp-json\/wp\/v2\/posts\/190938","targetHints":{"allow":["GET"]}}],"collection":[{"href":"https:\/\/www.europesays.com\/fr\/wp-json\/wp\/v2\/posts"}],"about":[{"href":"https:\/\/www.europesays.com\/fr\/wp-json\/wp\/v2\/types\/post"}],"author":[{"embeddable":true,"href":"https:\/\/www.europesays.com\/fr\/wp-json\/wp\/v2\/users\/2"}],"replies":[{"embeddable":true,"href":"https:\/\/www.europesays.com\/fr\/wp-json\/wp\/v2\/comments?post=190938"}],"version-history":[{"count":0,"href":"https:\/\/www.europesays.com\/fr\/wp-json\/wp\/v2\/posts\/190938\/revisions"}],"wp:featuredmedia":[{"embeddable":true,"href":"https:\/\/www.europesays.com\/fr\/wp-json\/wp\/v2\/media\/190939"}],"wp:attachment":[{"href":"https:\/\/www.europesays.com\/fr\/wp-json\/wp\/v2\/media?parent=190938"}],"wp:term":[{"taxonomy":"category","embeddable":true,"href":"https:\/\/www.europesays.com\/fr\/wp-json\/wp\/v2\/categories?post=190938"},{"taxonomy":"post_tag","embeddable":true,"href":"https:\/\/www.europesays.com\/fr\/wp-json\/wp\/v2\/tags?post=190938"}],"curies":[{"name":"wp","href":"https:\/\/api.w.org\/{rel}","templated":true}]}}