{"id":190957,"date":"2025-06-20T12:39:13","date_gmt":"2025-06-20T12:39:13","guid":{"rendered":"https:\/\/www.europesays.com\/fr\/190957\/"},"modified":"2025-06-20T12:39:13","modified_gmt":"2025-06-20T12:39:13","slug":"damien-thevenot-explique-labsence-de-la-co-animatrice-de-telematin-video","status":"publish","type":"post","link":"https:\/\/www.europesays.com\/fr\/190957\/","title":{"rendered":"Damien Th\u00e9venot explique l&rsquo;absence de la co-animatrice de T\u00e9l\u00e9matin (VIDEO)"},"content":{"rendered":"<p>Ce vendredi 20 juin 2025, les t\u00e9l\u00e9spectateurs de T\u00e9l\u00e9matin ont pu \u00eatre surpris de ne pas retrouver comme chaque vendredi Maya Lauqu\u00e9 aux c\u00f4t\u00e9s de Damien Th\u00e9venot. Ce dernier a expliqu\u00e9 la raison de l&rsquo;absence de sa bin\u00f4me.<\/p>\n<p>Qui dit vendredi, dit nouvelle \u00e9quipe aux commandes de T\u00e9l\u00e9matin. Sur France 2 chaque matin aux aurores, les fins de semaine sont toujours incarn\u00e9es par un duo rempla\u00e7ant les titulaires <a href=\"https:\/\/www.programme-tv.net\/biographie\/27768-arnaud-julien\/\" data-link-people=\"6e99d37f-e5ca-4d63-95ae-6defbf7934fd\" target=\"_blank\" rel=\"noopener\">Julien Arnaud<\/a> et <a href=\"https:\/\/www.programme-tv.net\/biographie\/9216-flament-flavie\/\" data-link-people=\"0626f70d-4857-47d3-99e3-39d43c76b7ba\" target=\"_blank\" rel=\"noopener\">Flavie Flament<\/a>\u00a0: <a href=\"https:\/\/www.programme-tv.net\/news\/tv\/370816-maya-lauque-et-damien-thevenot-sur-leur-duo-dans-telematin-on-se-sent-comme-dans-un-couple\/\" data-api-deeplink=\"teleloisirs:\/\/news\/370816\" target=\"_blank\" rel=\"noopener\">Damien Th\u00e9venot et Maya Lauqu\u00e9<\/a>, qui r\u00e9pondent pr\u00e9sent sur le plateau de la matinale pour r\u00e9veiller les Fran\u00e7ais. Mais ce vendredi 20\u00a0juin 2025, petite surprise\u00a0: la coanimatrice habituelle a laiss\u00e9 sa place \u00e0 une autre journaliste, Lucie Chaumette. La raison a \u00e9t\u00e9 r\u00e9v\u00e9l\u00e9e d\u00e8s le d\u00e9but de l&rsquo;\u00e9dition. \u00ab\u00a0On se r\u00e9veille ensemble pendant trois jours, avec nos t\u00e9l\u00e9spectateurs. Sachez que Maya est au 13h et c&rsquo;est pour \u00e7a qu&rsquo;elle n&rsquo;est pas l\u00e0. On l&#8217;embrasse\u00a0!\u00a0\u00bb, a expliqu\u00e9 Damien Th\u00e9venot en pr\u00e9ambule, avant d&rsquo;accueillir la bande remani\u00e9e de chroniqueurs.<\/p>\n<p>Les pr\u00e9sentateurs-stars de France 2 r\u00e9guli\u00e8rement remplac\u00e9s par leurs jokers<\/p>\n<p>En fonction des al\u00e9as des vacances, ponts et autres cong\u00e9s en tous genres, les pr\u00e9sentateurs titulaires des tranches d&rsquo;informations de France T\u00e9l\u00e9visions sont r\u00e9guli\u00e8rement amen\u00e9s \u00e0 <a href=\"https:\/\/www.programme-tv.net\/news\/tv\/375547-flavie-flament-absente-de-telematin-la-reaction-surprise-de-julien-arnaud-en-decouvrant-lucie-chaumette-a-ses-cotes\/\" data-api-deeplink=\"teleloisirs:\/\/news\/375547\" target=\"_blank\" rel=\"noopener\">\u00eatre remplac\u00e9s par leurs jokers ou d&rsquo;autres journalistes du groupe audiovisuel public<\/a>. C&rsquo;est notamment souvent le cas \u00e0 T\u00e9l\u00e9matin, o\u00f9 Flavie Flament a pu \u00eatre second\u00e9e par <a href=\"https:\/\/www.programme-tv.net\/biographie\/49122-ekland-louise\/\" data-link-people=\"cacbf158-f442-48e4-9111-bfdcf4f236bf\" target=\"_blank\" rel=\"noopener\">Louise Ekland<\/a> ou Johanna Ghiglia, tandis que <a href=\"https:\/\/www.programme-tv.net\/biographie\/37595-marteau-jean-baptiste\/\" data-link-people=\"4205e4f4-52c0-4a36-a320-97d49d1641d2\" target=\"_blank\" rel=\"noopener\">Jean-Baptiste Marteau<\/a> ou Samuel Ollivier ont pris le si\u00e8ge de Julien Arnaud lors de ses absences cette saison.<\/p>\n<p>                        Lucie Chaumette joker de T\u00e9l\u00e9matin\u00a0: la journaliste a d\u00e9j\u00e0 occup\u00e9 ce poste \u00e0 plusieurs reprises<\/p>\n<p>Ce n&rsquo;est pas la premi\u00e8re fois que Lucie Chaumette prend du galon en devenant la coanimatrice rempla\u00e7ante de T\u00e9l\u00e9matin. Il y a quelques semaines, en avril 2025, la journaliste de 35 ans avait pris les commandes du direct aux c\u00f4t\u00e9s de Julien Arnaud, qui avait m\u00eame paru surpris de ne pas \u00eatre accompagn\u00e9 comme de coutume par Flavie Flament. \u00ab\u00a0Ravi de vous retrouver\u00a0! Euh\u2026 Demi-seconde de surprise comme \u00e7a, mais \u00e9coutez, c&rsquo;est un grand plaisir\u00a0\u00bb, avait-il lanc\u00e9 en d\u00e9but d&rsquo;\u00e9mission, sans que l&rsquo;on sache la raison de l&rsquo;absence de <a href=\"https:\/\/www.programme-tv.net\/news\/people\/329475-exclu-flavie-flament-de-retour-a-lanimation-de-stars-a-domicile-elle-nous-repond\/\" data-api-deeplink=\"teleloisirs:\/\/news\/329475\" target=\"_blank\" rel=\"noopener\">l&rsquo;ancienne animatrice de Stars \u00e0 domicile<\/a>. Lucie Chaumette conna\u00eet donc bien T\u00e9l\u00e9matin, elle qui a \u00e9galement par le pass\u00e9 \u00e9t\u00e9 la joker de <a href=\"https:\/\/www.programme-tv.net\/biographie\/400763-ghiglia-johanna\/\" data-link-people=\"f6eec31b-8325-40e6-a6e3-e90c80f19074\" target=\"_blank\" rel=\"noopener\">Johanna Ghiglia<\/a>, pr\u00e9sentatrice des journaux du matin, et de <a href=\"https:\/\/www.programme-tv.net\/biographie\/267095-portolano-marie\/\" data-link-people=\"9e66592b-2d07-4fe0-b4e3-0d485b474415\" target=\"_blank\" rel=\"noopener\">Marie Portolano<\/a>, <a href=\"https:\/\/www.programme-tv.net\/news\/tv\/354302-nous-avons-une-jeune-mariee-sur-ce-plateau-lucie-chaumette-annonce-son-mariage-en-direct-dans-telematin\/\" data-api-deeplink=\"teleloisirs:\/\/news\/354302\" target=\"_blank\" rel=\"noopener\">ancienne coanimatrice aux c\u00f4t\u00e9s de Thomas Sotto la saison pr\u00e9c\u00e9dente<\/a>.<\/p>\n","protected":false},"excerpt":{"rendered":"Ce vendredi 20 juin 2025, les t\u00e9l\u00e9spectateurs de T\u00e9l\u00e9matin ont pu \u00eatre surpris de ne pas retrouver comme&hellip;\n","protected":false},"author":2,"featured_media":190958,"comment_status":"","ping_status":"","sticky":false,"template":"","format":"standard","meta":{"footnotes":""},"categories":[1359],"tags":[244,32890,58,59,1011,27,594,32889,973,18486,1421],"class_list":{"0":"post-190957","1":"post","2":"type-post","3":"status-publish","4":"format-standard","5":"has-post-thumbnail","7":"category-people","8":"tag-commentaire","9":"tag-damien-thu00e9venot","10":"tag-divertissement","11":"tag-entertainment","12":"tag-fr","13":"tag-france","14":"tag-france-2","15":"tag-maya-lauquu00e9","16":"tag-people","17":"tag-tu00e9lu00e9matin","18":"tag-zap"},"share_on_mastodon":{"url":"https:\/\/pubeurope.com\/@fr\/114715739016635043","error":""},"_links":{"self":[{"href":"https:\/\/www.europesays.com\/fr\/wp-json\/wp\/v2\/posts\/190957","targetHints":{"allow":["GET"]}}],"collection":[{"href":"https:\/\/www.europesays.com\/fr\/wp-json\/wp\/v2\/posts"}],"about":[{"href":"https:\/\/www.europesays.com\/fr\/wp-json\/wp\/v2\/types\/post"}],"author":[{"embeddable":true,"href":"https:\/\/www.europesays.com\/fr\/wp-json\/wp\/v2\/users\/2"}],"replies":[{"embeddable":true,"href":"https:\/\/www.europesays.com\/fr\/wp-json\/wp\/v2\/comments?post=190957"}],"version-history":[{"count":0,"href":"https:\/\/www.europesays.com\/fr\/wp-json\/wp\/v2\/posts\/190957\/revisions"}],"wp:featuredmedia":[{"embeddable":true,"href":"https:\/\/www.europesays.com\/fr\/wp-json\/wp\/v2\/media\/190958"}],"wp:attachment":[{"href":"https:\/\/www.europesays.com\/fr\/wp-json\/wp\/v2\/media?parent=190957"}],"wp:term":[{"taxonomy":"category","embeddable":true,"href":"https:\/\/www.europesays.com\/fr\/wp-json\/wp\/v2\/categories?post=190957"},{"taxonomy":"post_tag","embeddable":true,"href":"https:\/\/www.europesays.com\/fr\/wp-json\/wp\/v2\/tags?post=190957"}],"curies":[{"name":"wp","href":"https:\/\/api.w.org\/{rel}","templated":true}]}}