{"id":190961,"date":"2025-06-20T12:41:10","date_gmt":"2025-06-20T12:41:10","guid":{"rendered":"https:\/\/www.europesays.com\/fr\/190961\/"},"modified":"2025-06-20T12:41:10","modified_gmt":"2025-06-20T12:41:10","slug":"quel-livre-de-la-saga-de-freida-mcfadden-se-vend-le-mieux-en-librairies","status":"publish","type":"post","link":"https:\/\/www.europesays.com\/fr\/190961\/","title":{"rendered":"quel livre de la saga de Freida McFadden se vend le mieux en librairies ?"},"content":{"rendered":"<p><b>La s\u00e9rie de livres sign\u00e9e Freida McFadden continue de caracoler en t\u00eate des ventes en librairies. Mais quel tome se vend le plus aujourd&rsquo;hui ? <\/b><\/p>\n<p>Si vous ne les avez pas encore lus, vous en avez forc\u00e9ment entendu parler : eux, ce sont les 4 livres de <a href=\"https:\/\/www.femina.fr\/article\/c-etait-fou-freida-mcfadden-se-confie-sur-le-succes-fulgurant-et-inattendu-de-la-femme-de-menage-sur-un-reseau-social-bien-connu#xtor=AL-34\" rel=\"nofollow noopener\" target=\"_blank\" data-ylk=\"slk:la suite litt\u00e9raire de Freida McFadden La femme de m\u00e9nage;elm:context_link;itc:0;sec:content-canvas\" class=\"link \">la suite litt\u00e9raire de Freida McFadden La femme de m\u00e9nage<\/a>. Le premier tome de la saga est sorti en janvier 2023 chez City avant une r\u00e9\u00e9dition au format poche. Ont suivi Les secrets de la femme de m\u00e9nage, La femme de m\u00e9nage voit tout et enfin, <a href=\"https:\/\/www.femina.fr\/article\/la-femme-de-menage-un-4eme-tome-de-la-saga-a-succes-de-freida-mcfadden-vient-de-sortir-toutes-les-infos#xtor=AL-34\" rel=\"nofollow noopener\" target=\"_blank\" data-ylk=\"slk:il y a un mois, La femme de m\u00e9nage se marie;elm:context_link;itc:0;sec:content-canvas\" class=\"link \">il y a un mois, La femme de m\u00e9nage se marie<\/a>. Autant de livres qui occupent les premi\u00e8res places des meilleures ventes de livres depuis leurs sorties.<\/p>\n<p>Quel roman de la saga est le plus achet\u00e9 en librairies ?<\/p>\n<p>Mais, dans cette saga \u00e0 succ\u00e8s, y a-t-ll un exemplaire qui tire son \u00e9pingle du jeu ? Si l&rsquo;on se base sur le nombre d&rsquo;exemplaires vendus, c&rsquo;est le premier livre qui fait la course en t\u00eate. Pour rappel, La femme de m\u00e9nage tome 1 est le livre <a href=\"https:\/\/www.femina.fr\/article\/decouvrez-quel-livre-a-ete-le-plus-lu-en-france-en-2024-devant-ceux-d-anna-stuart-et-de-joel-dicker#xtor=AL-34\" rel=\"nofollow noopener\" target=\"_blank\" data-ylk=\"slk:qui s&#039;est le plus vendu en France en 2024;elm:context_link;itc:0;sec:content-canvas\" class=\"link \">qui s&rsquo;est le plus vendu en France en 2024<\/a>, devant des auteurs tr\u00e8s populaires comme Anna Stuart (<a href=\"https:\/\/www.femina.fr\/article\/ce-roman-historique-inspire-d-une-histoire-vraie-est-l-un-des-livres-de-poche-les-plus-vendus-en-ce-debut-d-ete#xtor=AL-34\" rel=\"nofollow noopener\" target=\"_blank\" data-ylk=\"slk:La sage-femme d&#039;Auschwitz;elm:context_link;itc:0;sec:content-canvas\" class=\"link \">La sage-femme d&rsquo;Auschwitz<\/a>) ou <a href=\"https:\/\/www.femina.fr\/article\/je-quitte-les-sentiers-du-thriller-joel-dicker-annonce-la-sortie-de-son-nouveau-roman-dans-un-genre-plutot-inattendu#xtor=AL-34\" rel=\"nofollow noopener\" target=\"_blank\" data-ylk=\"slk:Jo\u00ebl Dicker;elm:context_link;itc:0;sec:content-canvas\" class=\"link \">Jo\u00ebl Dicker<\/a>. Et au vu de ses tr\u00e8s bonnes ventes depuis le d\u00e9but de l&rsquo;ann\u00e9e 2025, il devrait continuer \u00e0 faire la course en t\u00eate. Malgr\u00e9 tout, depuis quelques semaines, le livre est concurrenc\u00e9 par La femme de m\u00e9nage se marie, le tout dernier volet des aventures de Millie. Sorti en version fran\u00e7aise il y a un mois en version poche chez City, la petite nouvelle d&rsquo;une centaine de pages fait fureur.<a href=\"https:\/\/www.edistat.com\/palmares.php\" rel=\"nofollow noopener\" target=\"_blank\" data-ylk=\"slk:Selon le site Edistat;elm:context_link;itc:0;sec:content-canvas\" class=\"link \"> Selon le site Edistat<\/a>, qui classe les ventes de livres du 9 au 15 juin, le livre se place carr\u00e9ment sur la premi\u00e8re marche des meilleures&#8230;<\/p>\n<p><a href=\"https:\/\/www.femina.fr\/article\/la-femme-de-menage-quel-livre-de-la-saga-de-freida-mcfadden-se-vend-le-mieux-en-librairies#xtor=AL-34\" rel=\"nofollow noopener\" target=\"_blank\" data-ylk=\"slk:Lire la suite sur Femina.fr;elm:context_link;itc:0;sec:content-canvas\" class=\"link \">Lire la suite sur Femina.fr<\/a><\/p>\n<p>A lire aussi<\/p>\n","protected":false},"excerpt":{"rendered":"La s\u00e9rie de livres sign\u00e9e Freida McFadden continue de caracoler en t\u00eate des ventes en librairies. Mais quel&hellip;\n","protected":false},"author":2,"featured_media":190962,"comment_status":"","ping_status":"","sticky":false,"template":"","format":"standard","meta":{"footnotes":""},"categories":[1357],"tags":[1379,58,59,1011,27,24032,31563,32892,1380,32891,32893],"class_list":{"0":"post-190961","1":"post","2":"type-post","3":"status-publish","4":"format-standard","5":"has-post-thumbnail","7":"category-livres","8":"tag-books","9":"tag-divertissement","10":"tag-entertainment","11":"tag-fr","12":"tag-france","13":"tag-freida-mcfadden","14":"tag-la-femme","15":"tag-la-saga","16":"tag-livres","17":"tag-meilleures-ventes-de-livres","18":"tag-ventes-de-livres"},"share_on_mastodon":{"url":"https:\/\/pubeurope.com\/@fr\/114715747114454091","error":""},"_links":{"self":[{"href":"https:\/\/www.europesays.com\/fr\/wp-json\/wp\/v2\/posts\/190961","targetHints":{"allow":["GET"]}}],"collection":[{"href":"https:\/\/www.europesays.com\/fr\/wp-json\/wp\/v2\/posts"}],"about":[{"href":"https:\/\/www.europesays.com\/fr\/wp-json\/wp\/v2\/types\/post"}],"author":[{"embeddable":true,"href":"https:\/\/www.europesays.com\/fr\/wp-json\/wp\/v2\/users\/2"}],"replies":[{"embeddable":true,"href":"https:\/\/www.europesays.com\/fr\/wp-json\/wp\/v2\/comments?post=190961"}],"version-history":[{"count":0,"href":"https:\/\/www.europesays.com\/fr\/wp-json\/wp\/v2\/posts\/190961\/revisions"}],"wp:featuredmedia":[{"embeddable":true,"href":"https:\/\/www.europesays.com\/fr\/wp-json\/wp\/v2\/media\/190962"}],"wp:attachment":[{"href":"https:\/\/www.europesays.com\/fr\/wp-json\/wp\/v2\/media?parent=190961"}],"wp:term":[{"taxonomy":"category","embeddable":true,"href":"https:\/\/www.europesays.com\/fr\/wp-json\/wp\/v2\/categories?post=190961"},{"taxonomy":"post_tag","embeddable":true,"href":"https:\/\/www.europesays.com\/fr\/wp-json\/wp\/v2\/tags?post=190961"}],"curies":[{"name":"wp","href":"https:\/\/api.w.org\/{rel}","templated":true}]}}